{"id":90794,"date":"2025-12-31T10:49:03","date_gmt":"2025-12-31T10:49:03","guid":{"rendered":"https:\/\/www.europesays.com\/lv\/90794\/"},"modified":"2025-12-31T10:49:03","modified_gmt":"2025-12-31T10:49:03","slug":"rozitis-vadis-norvegijas-sieviesu-basketbola-vienibu-froya","status":"publish","type":"post","link":"https:\/\/www.europesays.com\/lv\/90794\/","title":{"rendered":"Roz\u012btis vad\u012bs Norv\u0113\u0123ijas sievie\u0161u basketbola vien\u012bbu &#8220;Froya&#8221;"},"content":{"rendered":"<p>Iepriek\u0161\u0113j\u0101s \u010detras sezonas Roz\u012btis vad\u012bja &#8220;Liep\u0101ja&#8221;\/LSSS sievie\u0161u basketbola komandu, ar kuru 2023. gad\u0101 pagarin\u0101ja vieno\u0161anos uz v\u0113l \u010detriem gadiem, ta\u010du l\u012bgums tika p\u0101rtraukts.<\/p>\n<p>Iepriek\u0161 karjer\u0101 vi\u0146\u0161 ir bijis gan sievie\u0161u, gan v\u012brie\u0161u komandu galvenais treneris, k\u0101 ar\u012b str\u0101d\u0101jis par asistentu ASV un Kazahst\u0101n\u0101, bet pirmos trenera karjeras gadus vi\u0146\u0161 str\u0101d\u0101ja ar &#8220;Latvijas Universit\u0101tes&#8221; sievie\u0161u komandu.<\/p>\n<p>Kop\u0161 2023. gada vi\u0146\u0161 ir ar\u012b Latvijas U-18 sievie\u0161u basketbola izlases galvenais treneris, k\u0101 ar\u012b viens no asistentiem Latvijas sievie\u0161u valstsvien\u012bb\u0101.<\/p>\n<p>&#8220;Froya&#8221; ar septi\u0146\u0101m uzvar\u0101m desmit c\u012b\u0146\u0101s Norv\u0113\u0123ijas sp\u0113c\u012bg\u0101kaj\u0101 l\u012bg\u0101 atrodas otraj\u0101 poz\u012bcij\u0101.<\/p>\n","protected":false},"excerpt":{"rendered":"Iepriek\u0161\u0113j\u0101s \u010detras sezonas Roz\u012btis vad\u012bja &#8220;Liep\u0101ja&#8221;\/LSSS sievie\u0161u basketbola komandu, ar kuru 2023. gad\u0101 pagarin\u0101ja vieno\u0161anos uz v\u0113l \u010detriem&hellip;\n","protected":false},"author":2,"featured_media":90795,"comment_status":"","ping_status":"","sticky":false,"template":"","format":"standard","meta":{"footnotes":""},"categories":[17],"tags":[35,39,38,36,37,34,40,18824,67],"class_list":{"0":"post-90794","1":"post","2":"type-post","3":"status-publish","4":"format-standard","5":"has-post-thumbnail","7":"category-sports","8":"tag-latvia","9":"tag-latvian","10":"tag-latviesu","11":"tag-latviesu-valoda","12":"tag-latviesuvaloda","13":"tag-latvija","14":"tag-lv","15":"tag-rudolfs-rozitis","16":"tag-sports"},"share_on_mastodon":{"url":"https:\/\/pubeurope.com\/@lv\/115813794640236375","error":""},"_links":{"self":[{"href":"https:\/\/www.europesays.com\/lv\/wp-json\/wp\/v2\/posts\/90794","targetHints":{"allow":["GET"]}}],"collection":[{"href":"https:\/\/www.europesays.com\/lv\/wp-json\/wp\/v2\/posts"}],"about":[{"href":"https:\/\/www.europesays.com\/lv\/wp-json\/wp\/v2\/types\/post"}],"author":[{"embeddable":true,"href":"https:\/\/www.europesays.com\/lv\/wp-json\/wp\/v2\/users\/2"}],"replies":[{"embeddable":true,"href":"https:\/\/www.europesays.com\/lv\/wp-json\/wp\/v2\/comments?post=90794"}],"version-history":[{"count":0,"href":"https:\/\/www.europesays.com\/lv\/wp-json\/wp\/v2\/posts\/90794\/revisions"}],"wp:featuredmedia":[{"embeddable":true,"href":"https:\/\/www.europesays.com\/lv\/wp-json\/wp\/v2\/media\/90795"}],"wp:attachment":[{"href":"https:\/\/www.europesays.com\/lv\/wp-json\/wp\/v2\/media?parent=90794"}],"wp:term":[{"taxonomy":"category","embeddable":true,"href":"https:\/\/www.europesays.com\/lv\/wp-json\/wp\/v2\/categories?post=90794"},{"taxonomy":"post_tag","embeddable":true,"href":"https:\/\/www.europesays.com\/lv\/wp-json\/wp\/v2\/tags?post=90794"}],"curies":[{"name":"wp","href":"https:\/\/api.w.org\/{rel}","templated":true}]}}