{"id":90800,"date":"2025-12-31T10:57:07","date_gmt":"2025-12-31T10:57:07","guid":{"rendered":"https:\/\/www.europesays.com\/lv\/90800\/"},"modified":"2025-12-31T10:57:07","modified_gmt":"2025-12-31T10:57:07","slug":"ir-pienacis-laiks-izraelas-izlukdienests-mossad-versas-pie-iraniem","status":"publish","type":"post","link":"https:\/\/www.europesays.com\/lv\/90800\/","title":{"rendered":"&#8220;Ir pien\u0101cis laiks!&#8221; Izra\u0113las izl\u016bkdienests &#8220;Mossad&#8221; v\u0113r\u0161as pie ir\u0101\u0146iem"},"content":{"rendered":"<p>&#8220;Ejiet kop\u0101 iel\u0101s. Ir pien\u0101cis laiks. M\u0113s esam ar jums,&#8221; soci\u0101l\u0101s sazi\u0146as vietn\u0113 &#8220;X&#8221; sav\u0101 kont\u0101 persie\u0161u valod\u0101 raksta &#8220;Mossad&#8221;. &#8220;Ne tikai no att\u0101luma un ar v\u0101rdiem. M\u0113s esam ar jums ar\u012b notikumu viet\u0101s.&#8221;<\/p>\n<p>Protesti, ko sv\u0113tdien uzs\u0101ka veikalnieki Teher\u0101n\u0101, kas pauda savu neapmierin\u0101t\u012bbu ar slikto ekonomisko situ\u0101ciju, p\u0101r\u0146\u0113mu\u0161i ar\u012b citas pils\u0113tas, un tajos iesaist\u012bju\u0161ies ar\u012b studenti.<\/p>\n","protected":false},"excerpt":{"rendered":"&#8220;Ejiet kop\u0101 iel\u0101s. Ir pien\u0101cis laiks. M\u0113s esam ar jums,&#8221; soci\u0101l\u0101s sazi\u0146as vietn\u0113 &#8220;X&#8221; sav\u0101 kont\u0101 persie\u0161u valod\u0101&hellip;\n","protected":false},"author":2,"featured_media":90801,"comment_status":"","ping_status":"","sticky":false,"template":"","format":"standard","meta":{"footnotes":""},"categories":[14],"tags":[23,57,28,29,32,33,22,2562,493,30,31,35,39,38,36,37,34,40,20,26,27,24,25,54,55,56,21,58],"class_list":{"0":"post-90800","1":"post","2":"type-post","3":"status-publish","4":"format-standard","5":"has-post-thumbnail","7":"category-zinas-no-arvalstim","8":"tag-aktualitates","9":"tag-arvalstim","10":"tag-breaking-news","11":"tag-breakingnews","12":"tag-featured-news","13":"tag-featurednews","14":"tag-headlines","15":"tag-irana","16":"tag-izraela","17":"tag-latest-news","18":"tag-latestnews","19":"tag-latvia","20":"tag-latvian","21":"tag-latviesu","22":"tag-latviesu-valoda","23":"tag-latviesuvaloda","24":"tag-latvija","25":"tag-lv","26":"tag-news","27":"tag-popularakas-zinas","28":"tag-popularakaszinas","29":"tag-top-stories","30":"tag-topstories","31":"tag-world","32":"tag-world-news","33":"tag-worldnews","34":"tag-zinas","35":"tag-zinas-no-arvalstim"},"share_on_mastodon":{"url":"https:\/\/pubeurope.com\/@lv\/115813826156695921","error":""},"_links":{"self":[{"href":"https:\/\/www.europesays.com\/lv\/wp-json\/wp\/v2\/posts\/90800","targetHints":{"allow":["GET"]}}],"collection":[{"href":"https:\/\/www.europesays.com\/lv\/wp-json\/wp\/v2\/posts"}],"about":[{"href":"https:\/\/www.europesays.com\/lv\/wp-json\/wp\/v2\/types\/post"}],"author":[{"embeddable":true,"href":"https:\/\/www.europesays.com\/lv\/wp-json\/wp\/v2\/users\/2"}],"replies":[{"embeddable":true,"href":"https:\/\/www.europesays.com\/lv\/wp-json\/wp\/v2\/comments?post=90800"}],"version-history":[{"count":0,"href":"https:\/\/www.europesays.com\/lv\/wp-json\/wp\/v2\/posts\/90800\/revisions"}],"wp:featuredmedia":[{"embeddable":true,"href":"https:\/\/www.europesays.com\/lv\/wp-json\/wp\/v2\/media\/90801"}],"wp:attachment":[{"href":"https:\/\/www.europesays.com\/lv\/wp-json\/wp\/v2\/media?parent=90800"}],"wp:term":[{"taxonomy":"category","embeddable":true,"href":"https:\/\/www.europesays.com\/lv\/wp-json\/wp\/v2\/categories?post=90800"},{"taxonomy":"post_tag","embeddable":true,"href":"https:\/\/www.europesays.com\/lv\/wp-json\/wp\/v2\/tags?post=90800"}],"curies":[{"name":"wp","href":"https:\/\/api.w.org\/{rel}","templated":true}]}}