{"id":90806,"date":"2025-12-31T11:04:08","date_gmt":"2025-12-31T11:04:08","guid":{"rendered":"https:\/\/www.europesays.com\/lv\/90806\/"},"modified":"2025-12-31T11:04:08","modified_gmt":"2025-12-31T11:04:08","slug":"ropazu-novada-virietis-bez-autovaditaja-apliecibas-apgaz-savu-spekratu-uz-jumta","status":"publish","type":"post","link":"https:\/\/www.europesays.com\/lv\/90806\/","title":{"rendered":"Ropa\u017eu novad\u0101 v\u012brietis bez autovad\u012bt\u0101ja apliec\u012bbas apg\u0101\u017e savu sp\u0113kratu uz jumta"},"content":{"rendered":"<p>Ropa\u017eu novada pa\u0161vald\u012bbas policija sa\u0146\u0113ma inform\u0101ciju, ka uz autoce\u013ca V68 net\u0101lu no Silakroga apg\u0101zusies BMW markas automa\u0161\u012bna.<\/p>\n<p>Ierodoties notikuma viet\u0101, likumsargi konstat\u0113ja, ka laim\u012bg\u0101 k\u0101rt\u0101 autovad\u012bt\u0101js nav cietis un sp\u0113jis saviem sp\u0113kiem izk\u013c\u016bt no sp\u0113krata. V\u012brietis paskaidroja, ka ma\u0161\u012bna sasl\u012bd\u0113jusi un vi\u0146\u0161 nav sp\u0113jis to savald\u012bt.<\/p>\n<p>P\u0101rbaudot personas datus, noskaidrots, ka v\u012brietim nav der\u012bgas autovad\u012bt\u0101ja apliec\u012bbas, un pret personu tika uzs\u0101ktas likum\u0101 noteikt\u0101s procesu\u0101l\u0101s darb\u012bbas.<\/p>\n<p>Pa\u0161vald\u012bbas policija ar\u012b v\u0113sta, ka l\u012bdz ar pirm\u0101 sniega iest\u0101\u0161anos ir iev\u0113rojami pieaudzis s\u016bdz\u012bbu skaits par autovad\u012bt\u0101jiem, kas uz koplieto\u0161anas ce\u013ciem, pat apdz\u012bvot\u0101s viet\u0101s, veic apzin\u0101tu \u201cdrift\u0113\u0161anu\u201d. Apzin\u0101ta s\u0101nsl\u012bdes rad\u012b\u0161ana uz ce\u013ciem vai cit\u0101s viet\u0101s, kur iesp\u0113jama satiksme (st\u0101vlaukumi, laukumi, pagalmi u.tml.) tiek trakt\u0113ta k\u0101 agres\u012bva brauk\u0161ana, un saska\u0146\u0101 ar Ce\u013cu satiksmes likuma 51. pantu tiek piem\u0113rots naudas sods no 70 l\u012bdz 280 eiro, k\u0101 ar\u012b se\u0161i soda punkti.<\/p>\n","protected":false},"excerpt":{"rendered":"Ropa\u017eu novada pa\u0161vald\u012bbas policija sa\u0146\u0113ma inform\u0101ciju, ka uz autoce\u013ca V68 net\u0101lu no Silakroga apg\u0101zusies BMW markas automa\u0161\u012bna. Ierodoties&hellip;\n","protected":false},"author":2,"featured_media":90807,"comment_status":"","ping_status":"","sticky":false,"template":"","format":"standard","meta":{"footnotes":""},"categories":[12],"tags":[23,28,29,47,32,33,22,381,64,30,31,35,39,38,36,37,34,40,20,385,26,27,172,382,384,383,24,25,21],"class_list":{"0":"post-90806","1":"post","2":"type-post","3":"status-publish","4":"format-standard","5":"has-post-thumbnail","7":"category-latvija","8":"tag-aktualitates","9":"tag-breaking-news","10":"tag-breakingnews","11":"tag-ekonomika","12":"tag-featured-news","13":"tag-featurednews","14":"tag-headlines","15":"tag-jaunumi","16":"tag-kultura","17":"tag-latest-news","18":"tag-latestnews","19":"tag-latvia","20":"tag-latvian","21":"tag-latviesu","22":"tag-latviesu-valoda","23":"tag-latviesuvaloda","24":"tag-latvija","25":"tag-lv","26":"tag-news","27":"tag-pieriga","28":"tag-popularakas-zinas","29":"tag-popularakaszinas","30":"tag-riga","31":"tag-sabiedriba","32":"tag-sludinajumi","33":"tag-sports-afisa","34":"tag-top-stories","35":"tag-topstories","36":"tag-zinas"},"share_on_mastodon":{"url":"https:\/\/pubeurope.com\/@lv\/115813853722264919","error":""},"_links":{"self":[{"href":"https:\/\/www.europesays.com\/lv\/wp-json\/wp\/v2\/posts\/90806","targetHints":{"allow":["GET"]}}],"collection":[{"href":"https:\/\/www.europesays.com\/lv\/wp-json\/wp\/v2\/posts"}],"about":[{"href":"https:\/\/www.europesays.com\/lv\/wp-json\/wp\/v2\/types\/post"}],"author":[{"embeddable":true,"href":"https:\/\/www.europesays.com\/lv\/wp-json\/wp\/v2\/users\/2"}],"replies":[{"embeddable":true,"href":"https:\/\/www.europesays.com\/lv\/wp-json\/wp\/v2\/comments?post=90806"}],"version-history":[{"count":0,"href":"https:\/\/www.europesays.com\/lv\/wp-json\/wp\/v2\/posts\/90806\/revisions"}],"wp:featuredmedia":[{"embeddable":true,"href":"https:\/\/www.europesays.com\/lv\/wp-json\/wp\/v2\/media\/90807"}],"wp:attachment":[{"href":"https:\/\/www.europesays.com\/lv\/wp-json\/wp\/v2\/media?parent=90806"}],"wp:term":[{"taxonomy":"category","embeddable":true,"href":"https:\/\/www.europesays.com\/lv\/wp-json\/wp\/v2\/categories?post=90806"},{"taxonomy":"post_tag","embeddable":true,"href":"https:\/\/www.europesays.com\/lv\/wp-json\/wp\/v2\/tags?post=90806"}],"curies":[{"name":"wp","href":"https:\/\/api.w.org\/{rel}","templated":true}]}}