{"id":90810,"date":"2025-12-31T11:10:11","date_gmt":"2025-12-31T11:10:11","guid":{"rendered":"https:\/\/www.europesays.com\/lv\/90810\/"},"modified":"2025-12-31T11:10:11","modified_gmt":"2025-12-31T11:10:11","slug":"gada-nosledzosaja-diena-latvija-valdis-sals","status":"publish","type":"post","link":"https:\/\/www.europesays.com\/lv\/90810\/","title":{"rendered":"Gada nosl\u0113dzo\u0161aj\u0101 dien\u0101 Latvij\u0101 vald\u012bs sals"},"content":{"rendered":"<p>Vecgada dien\u0101 p\u016bt\u012bs l\u0113ns l\u012bdz m\u0113rens zieme\u013crietumu, zieme\u013cu v\u0113j\u0161, bet dienas pirmaj\u0101 pus\u0113 l\u012b\u010da piekrast\u0113 br\u0101zmas v\u0113l sasniegs 15 metrus sekund\u0113 (m\/s). Teritorijas liel\u0101kaj\u0101 da\u013c\u0101 termometra stabi\u0146\u0161 nepak\u0101psies virs -4&#8230;-8 gr\u0101du atz\u012bmes, bet piekrastes rajonos gaisa temperat\u016bra b\u016bs -2&#8230;-4 gr\u0101di.<\/p>\n<p>Ar\u012b R\u012bg\u0101 dien\u0101 Vecgada dien\u0101 palaikam m\u0101ko\u0146i izkl\u012bd\u012bs un b\u016bs saulains laiks. P\u016bt\u012bs l\u0113ns l\u012bdz m\u0113rens zieme\u013crietumu, zieme\u013cu v\u0113j\u0161, dienas pirmaj\u0101 pus\u0113 v\u0113l br\u0101zm\u0101s l\u012bdz 15-16 m\/s. Dienas laik\u0101 gaisa temperat\u016bra paliks nemain\u012bga, saglab\u0101joties -3&#8230;-5 gr\u0101du robe\u017e\u0101s.<\/p>\n","protected":false},"excerpt":{"rendered":"Vecgada dien\u0101 p\u016bt\u012bs l\u0113ns l\u012bdz m\u0113rens zieme\u013crietumu, zieme\u013cu v\u0113j\u0161, bet dienas pirmaj\u0101 pus\u0113 l\u012b\u010da piekrast\u0113 br\u0101zmas v\u0113l sasniegs&hellip;\n","protected":false},"author":2,"featured_media":90811,"comment_status":"","ping_status":"","sticky":false,"template":"","format":"standard","meta":{"footnotes":""},"categories":[12],"tags":[23,28,29,32,33,22,396,397,30,31,35,39,38,36,37,34,40,20,26,27,24,25,21],"class_list":{"0":"post-90810","1":"post","2":"type-post","3":"status-publish","4":"format-standard","5":"has-post-thumbnail","7":"category-latvija","8":"tag-aktualitates","9":"tag-breaking-news","10":"tag-breakingnews","11":"tag-featured-news","12":"tag-featurednews","13":"tag-headlines","14":"tag-laika-zinas","15":"tag-laikapstakli","16":"tag-latest-news","17":"tag-latestnews","18":"tag-latvia","19":"tag-latvian","20":"tag-latviesu","21":"tag-latviesu-valoda","22":"tag-latviesuvaloda","23":"tag-latvija","24":"tag-lv","25":"tag-news","26":"tag-popularakas-zinas","27":"tag-popularakaszinas","28":"tag-top-stories","29":"tag-topstories","30":"tag-zinas"},"share_on_mastodon":{"url":"https:\/\/pubeurope.com\/@lv\/115813877195500537","error":""},"_links":{"self":[{"href":"https:\/\/www.europesays.com\/lv\/wp-json\/wp\/v2\/posts\/90810","targetHints":{"allow":["GET"]}}],"collection":[{"href":"https:\/\/www.europesays.com\/lv\/wp-json\/wp\/v2\/posts"}],"about":[{"href":"https:\/\/www.europesays.com\/lv\/wp-json\/wp\/v2\/types\/post"}],"author":[{"embeddable":true,"href":"https:\/\/www.europesays.com\/lv\/wp-json\/wp\/v2\/users\/2"}],"replies":[{"embeddable":true,"href":"https:\/\/www.europesays.com\/lv\/wp-json\/wp\/v2\/comments?post=90810"}],"version-history":[{"count":0,"href":"https:\/\/www.europesays.com\/lv\/wp-json\/wp\/v2\/posts\/90810\/revisions"}],"wp:featuredmedia":[{"embeddable":true,"href":"https:\/\/www.europesays.com\/lv\/wp-json\/wp\/v2\/media\/90811"}],"wp:attachment":[{"href":"https:\/\/www.europesays.com\/lv\/wp-json\/wp\/v2\/media?parent=90810"}],"wp:term":[{"taxonomy":"category","embeddable":true,"href":"https:\/\/www.europesays.com\/lv\/wp-json\/wp\/v2\/categories?post=90810"},{"taxonomy":"post_tag","embeddable":true,"href":"https:\/\/www.europesays.com\/lv\/wp-json\/wp\/v2\/tags?post=90810"}],"curies":[{"name":"wp","href":"https:\/\/api.w.org\/{rel}","templated":true}]}}