{"id":90817,"date":"2025-12-31T11:17:09","date_gmt":"2025-12-31T11:17:09","guid":{"rendered":"https:\/\/www.europesays.com\/lv\/90817\/"},"modified":"2025-12-31T11:17:09","modified_gmt":"2025-12-31T11:17:09","slug":"kapteinis-nav-tas-labakais-smits-un-briedis-uzjautrina-zurnalistus-pec-uzvaras-par-daniem","status":"publish","type":"post","link":"https:\/\/www.europesays.com\/lv\/90817\/","title":{"rendered":"\u201cKapteinis nav tas lab\u0101kais..\u201d \u2013 \u0160mits un Briedis uzjautrina \u017eurn\u0101listus p\u0113c uzvaras p\u0101r d\u0101\u0146iem"},"content":{"rendered":"<p>P\u0113c sp\u0113les \u0160mits sniedza interviju Zieme\u013camerikas medijiem, savuk\u0101rt \u017eurn\u0101listiem pievienoj\u0101s ar\u012b Alberta komandas biedri, tostarp Latvijas U20 izlases kapteinis Briedis.<\/p>\n<p>Kapteinis \u0160mitam uzdeva jaut\u0101jumu par komandas sniegumu, uz ko \u0160mits ar smaidu un ironiju atbild\u0113ja: \u201cKapteinis nav tas lab\u0101kais, bet cit\u0101d\u0101k viss ir k\u0101rt\u012bb\u0101.\u201d<\/p>\n<blockquote class=\"twitter-tweet\" data-width=\"550\" data-dnt=\"true\">\n<p lang=\"en\" dir=\"ltr\">NHL Draft prospect Alberts \u0160mits had his media scrum crashed by some of his World Juniors teammates, and you just have to see this \ud83e\udd23<a href=\"https:\/\/twitter.com\/hashtag\/WorldJuniors?src=hash&amp;ref_src=twsrc%5Etfw\" rel=\"nofollow noopener\" target=\"_blank\">#WorldJuniors<\/a> <a href=\"https:\/\/twitter.com\/hashtag\/WJC?src=hash&amp;ref_src=twsrc%5Etfw\" rel=\"nofollow noopener\" target=\"_blank\">#WJC<\/a> <a href=\"https:\/\/twitter.com\/hashtag\/TeamLatvia?src=hash&amp;ref_src=twsrc%5Etfw\" rel=\"nofollow noopener\" target=\"_blank\">#TeamLatvia<\/a> <a href=\"https:\/\/twitter.com\/hashtag\/NHLDraft?src=hash&amp;ref_src=twsrc%5Etfw\" rel=\"nofollow noopener\" target=\"_blank\">#NHLDraft<\/a> <a href=\"https:\/\/t.co\/CuU35F4AyX\" rel=\"nofollow\">pic.twitter.com\/CuU35F4AyX<\/a><\/p>\n<p>\u2014 FloHockey (@FloHockey) <a href=\"https:\/\/twitter.com\/FloHockey\/status\/2006224626800619806?ref_src=twsrc%5Etfw\" rel=\"nofollow noopener\" target=\"_blank\">December 31, 2025<\/a><\/p>\n<\/blockquote>\n<p>Latvijas hokejisti pirmaj\u0101 ma\u010d\u0101 ar 1:2 papildlaik\u0101 zaud\u0113ja Kan\u0101dai, bet otraj\u0101 c\u012b\u0146\u0101 ar 0:8 kapitul\u0113ja Somijai. Tikm\u0113r d\u0101\u0146i ar 2:6 piek\u0101p\u0101s somiem, ar 2:7 zaud\u0113ja \u010cehijai un ar 1:9 piedz\u012bvoja sagr\u0101vi pret Kan\u0101das hokejistiem.<\/p>\n<p>Latvijas hokejisti grupu turn\u012bra p\u0113d\u0113j\u0101 sp\u0113l\u0113 tre\u0161dien tiksies ar \u010cehiju.<\/p>\n<p class=\"tv3-fw-500\">Zi\u0146o par k\u013c\u016bdu rakst\u0101<\/p>\n<p class=\"d-md-block d-none\">Iez\u012bm\u0113 k\u013c\u016bdaino tekstu un spied Ctrl+Enter.<\/p>\n<p class=\"d-md-none d-block\">Iez\u012bm\u0113 k\u013c\u016bdaino tekstu un zi\u0146o par to!<\/p>\n<p>                <script async src=\"https:\/\/platform.twitter.com\/widgets.js\" charset=\"utf-8\"><\/script><\/p>\n","protected":false},"excerpt":{"rendered":"P\u0113c sp\u0113les \u0160mits sniedza interviju Zieme\u013camerikas medijiem, savuk\u0101rt \u017eurn\u0101listiem pievienoj\u0101s ar\u012b Alberta komandas biedri, tostarp Latvijas U20 izlases&hellip;\n","protected":false},"author":2,"featured_media":90818,"comment_status":"","ping_status":"","sticky":false,"template":"","format":"standard","meta":{"footnotes":""},"categories":[5],"tags":[23,28,29,32,33,22,30,31,35,39,38,36,37,34,10196,40,20,26,27,24,25,21],"class_list":{"0":"post-90817","1":"post","2":"type-post","3":"status-publish","4":"format-standard","5":"has-post-thumbnail","7":"category-aktualitates","8":"tag-aktualitates","9":"tag-breaking-news","10":"tag-breakingnews","11":"tag-featured-news","12":"tag-featurednews","13":"tag-headlines","14":"tag-latest-news","15":"tag-latestnews","16":"tag-latvia","17":"tag-latvian","18":"tag-latviesu","19":"tag-latviesu-valoda","20":"tag-latviesuvaloda","21":"tag-latvija","22":"tag-latvijas-u20-izlase-hokejau20-pasaules-cempionats-hokeja","23":"tag-lv","24":"tag-news","25":"tag-popularakas-zinas","26":"tag-popularakaszinas","27":"tag-top-stories","28":"tag-topstories","29":"tag-zinas"},"share_on_mastodon":{"url":"https:\/\/pubeurope.com\/@lv\/115813904696264053","error":""},"_links":{"self":[{"href":"https:\/\/www.europesays.com\/lv\/wp-json\/wp\/v2\/posts\/90817","targetHints":{"allow":["GET"]}}],"collection":[{"href":"https:\/\/www.europesays.com\/lv\/wp-json\/wp\/v2\/posts"}],"about":[{"href":"https:\/\/www.europesays.com\/lv\/wp-json\/wp\/v2\/types\/post"}],"author":[{"embeddable":true,"href":"https:\/\/www.europesays.com\/lv\/wp-json\/wp\/v2\/users\/2"}],"replies":[{"embeddable":true,"href":"https:\/\/www.europesays.com\/lv\/wp-json\/wp\/v2\/comments?post=90817"}],"version-history":[{"count":0,"href":"https:\/\/www.europesays.com\/lv\/wp-json\/wp\/v2\/posts\/90817\/revisions"}],"wp:featuredmedia":[{"embeddable":true,"href":"https:\/\/www.europesays.com\/lv\/wp-json\/wp\/v2\/media\/90818"}],"wp:attachment":[{"href":"https:\/\/www.europesays.com\/lv\/wp-json\/wp\/v2\/media?parent=90817"}],"wp:term":[{"taxonomy":"category","embeddable":true,"href":"https:\/\/www.europesays.com\/lv\/wp-json\/wp\/v2\/categories?post=90817"},{"taxonomy":"post_tag","embeddable":true,"href":"https:\/\/www.europesays.com\/lv\/wp-json\/wp\/v2\/tags?post=90817"}],"curies":[{"name":"wp","href":"https:\/\/api.w.org\/{rel}","templated":true}]}}