{"id":90825,"date":"2025-12-31T11:23:09","date_gmt":"2025-12-31T11:23:09","guid":{"rendered":"https:\/\/www.europesays.com\/lv\/90825\/"},"modified":"2025-12-31T11:23:09","modified_gmt":"2025-12-31T11:23:09","slug":"latvijas-sabiedriskais-medijs-asi-nosoda-rezeknes-mera-bartasevica-versanos-pret-zurnalistu-teni-bikovski-raksts","status":"publish","type":"post","link":"https:\/\/www.europesays.com\/lv\/90825\/","title":{"rendered":"Latvijas Sabiedriskais medijs asi nosoda R\u0113zeknes m\u0113ra Barta\u0161evi\u010da v\u0113r\u0161anos pret \u017eurn\u0101listu Teni Bikovski \/ Raksts"},"content":{"rendered":"<p>Latvijas Sabiedriskais medijs (LSM) asi nosoda R\u0113zeknes valstspils\u0113tas pa\u0161vald\u012bbas, tostarp domes priek\u0161s\u0113d\u0113t\u0101ja Aleksandra Barta\u0161evi\u010da v\u0113r\u0161anos pret LSM \u017eurn\u0101listu Teni Bikovski <a href=\"https:\/\/www.facebook.com\/watch\/?v=798824196512066&amp;ref=sharing\" rel=\"nofollow noopener\" target=\"_blank\">intervij\u0101,<\/a> ko sniedza Latgales re\u0123ion\u0101lajai telev\u012bzijai, vienlaikus atg\u0101dinot: demokr\u0101tisk\u0101 valst\u012b sabiedr\u012bbai ir ties\u012bbas zin\u0101t, k\u0101 tiek izmantota vara un nodok\u013cu maks\u0101t\u0101ju nauda. Represijas vai bied\u0113\u0161ana ar krimin\u0101lprocesiem ir v\u0113r\u0161an\u0101s pret preses br\u012bv\u012bbu un demokr\u0101tiskas valsts v\u0113rt\u012bb\u0101m, teikts LSM pazi\u0146ojum\u0101.<\/p>\n<p>&#8220;Preses br\u012bv\u012bba nav interpret\u0113jams j\u0113dziens \u2013 t\u0101 ir demokr\u0101tiskas valsts pamatv\u0113rt\u012bba. T\u0101s ierobe\u017eo\u0161ana viet\u0113j\u0101 l\u012bmen\u012b grauj uztic\u0113\u0161anos publiskajai varai un ir pretrun\u0101 ar labas p\u0101rvald\u012bbas principiem,&#8221; uzsv\u0113ra LSM valdes locekle Ieva Aile.<\/p>\n<p>LSM valdes locekle atg\u0101din\u0101ja, ka atbilsto\u0161i Likuma par presi un citiem masu inform\u0101cijas l\u012bdzek\u013ciem 24.\u00a0pantam \u017eurn\u0101listam ir ties\u012bbas v\u0101kt inform\u0101ciju jebk\u0101d\u0101 ar likumu neaizliegt\u0101 veid\u0101 un no jebkura ar likumu neaizliegta inform\u0101cijas avota. Citiem v\u0101rdiem sakot, sabiedr\u012bbas intere\u0161u v\u0101rd\u0101 \u017eurn\u0101listam ir ties\u012bbas b\u016bt kl\u0101t, v\u0113rot, fiks\u0113t un p\u0113c tam atspogu\u013cot pa\u0161vald\u012bbas darba procesu, k\u0101 ar\u012b uzdot vietvaru p\u0101rst\u0101vjiem ne\u0113rtus jaut\u0101jumus. Savuk\u0101rt pa\u0161vald\u012bb\u0101m gan nacion\u0101l\u0101, gan viet\u0113j\u0101 l\u012bme\u0146a normat\u012bvie akti liek nodro\u0161in\u0101t l\u0113mumu pie\u0146em\u0161anas caurskat\u0101m\u012bbu.<\/p>\n<p>2025. gada 30. decembr\u012b LSM \u017eurn\u0101lists Tenis Bikovskis ierad\u0101s uz R\u0113zeknes valstspils\u0113tas pa\u0161vald\u012bbas darba grupas s\u0113di, lai nodro\u0161in\u0101tu sabiedr\u012bbas inform\u0113\u0161anu par iesp\u0113jamaj\u0101m izmai\u0146\u0101m Latgales v\u0113stniec\u012bbas &#8220;Gors&#8221;\u00a0(SIA &#8220;Austrumlatvijas koncertz\u0101le&#8221;) p\u0101rvald\u012bbas model\u012b.<\/p>\n<p>Latgales v\u0113stniec\u012bbas &#8220;Gors&#8221; turpm\u0101kais liktenis ir temats, kuram ir augsta sabiedrisk\u0101 noz\u012bme. P\u0113c R\u0113zeknes valstspils\u0113tas domes pas\u016bt\u012bt\u0101 audita, kur\u0101 izv\u0113rt\u0113ta SIA &#8220;Austrumlatvijas koncertz\u0101le&#8221; darb\u012bba, pa\u0161vald\u012bb\u0101 tika izveidota darba grupa iesp\u0113jamo reorganiz\u0101cijas scen\u0101riju izv\u0113rt\u0113\u0161anai. Viens no tiem s\u0101kotn\u0113ji paredz\u0113ja p\u0101rvald\u012bbas nodo\u0161anu priv\u0101tajam komersantam. Neilgi pirms 30. decembra s\u0113des no SIA &#8220;Austrumlatvijas koncertz\u0101le&#8221; valdes locek\u013ca amata tika atsaukta ilggad\u0113j\u0101 &#8220;Gors&#8221; vad\u012bt\u0101ja Di\u0101na Zirni\u0146a.<\/p>\n<blockquote>\n<p>Pret\u0113ji domes priek\u0161s\u0113d\u0113t\u0101ja publiski paustajam 2025. gada 23. decembra <a href=\"https:\/\/rezekne.lv\/2025\/12\/gors-nakotne-preses-konference-akcentetie-aspekti\/\" target=\"_blank\" rel=\"nofollow noopener\">preses konferenc\u0113,<\/a> kur\u0101 izskan\u0113ja aicin\u0101jums uz vispus\u012bgu dialogu un caurskat\u0101mu l\u0113mumu pie\u0146em\u0161anu, LSM \u017eurn\u0101listam dal\u012bba attiec\u012bgaj\u0101 s\u0113d\u0113 tika liegta.<\/p>\n<\/blockquote>\n<p>Nesniedzot tiesisku\u00a0pamatojumu mediju kl\u0101tb\u016btnes ierobe\u017eo\u0161anai, \u017eurn\u0101lists ar pa\u0161vald\u012bbas policijas iesaisti tika izraid\u012bts no s\u0113des.<\/p>\n<p>LSM nor\u0101d\u012bja, ka atbilsto\u0161i labas p\u0101rvald\u012bbas principiem, pa\u0161vald\u012bbas p\u0101rst\u0101vjiem b\u016btu, pirmk\u0101rt, j\u0101izskaidro darba grupas darb\u012bbas principi, otrk\u0101rt, j\u0101pamato, k\u0101d\u0113\u013c sabiedr\u012bbas inform\u0113\u0161ana konkr\u0113taj\u0101 gad\u012bjum\u0101 ir maz\u0101k svar\u012bga nek\u0101 iesp\u0113jamie konfidencialit\u0101tes apsv\u0113rumi. T\u0101 viet\u0101 s\u0113di \u017eurn\u0101listam lika pamest, iesaistot pa\u0161vald\u012bbas policiju.<\/p>\n<p>LSM r\u012bc\u012bb\u0101 eso\u0161ais Aleksandra Barta\u0161evi\u010da \u0161\u0101 gada 1.\u00a0decembr\u012b izdotais r\u012bkojums par darba grupas izveidi neparedz sl\u0113gtu s\u0113\u017eu norisi, glu\u017ei pret\u0113ji, taj\u0101 iek\u013cauts punkts, kas v\u0113rsts uz vispus\u012bgu viedok\u013cu apzin\u0101\u0161anu un argumentu uzklaus\u012b\u0161anu: &#8220;Dal\u012bbai darba grupas s\u0113d\u0113s uzaicin\u0101t pa\u0161vald\u012bbas domes deput\u0101tus, k\u0101 ar\u012b nepiecie\u0161am\u012bbas gad\u012bjuma pieaicin\u0101t iest\u0101\u017eu vad\u012bt\u0101jus, kult\u016bras darbiniekus, ekspertus, NVO p\u0101rst\u0101vjus un citus speci\u0101listus, k\u0101 ar\u012b organiz\u0113t iedz\u012bvot\u0101ju viedok\u013ca noskaidro\u0161anu.&#8221;<\/p>\n<blockquote>\n<p>&#8220;\u0160\u0101da r\u012bc\u012bba rada b\u012bstamu precedentu, kur\u0101 \u017eurn\u0101lista profesion\u0101lo darbu iesp\u0113jams ierobe\u017eot bez skaidra, argument\u0113ta un tiesiski pamatota l\u0113muma. Sabiedr\u012bbas ties\u012bbas uz inform\u0101ciju nevar tikt pak\u0101rtotas administrat\u012bvai \u0113rt\u012bbai vai politiskai ne\u0113rt\u012bbai,&#8221; uzsv\u0113ra\u00a0Aile.<\/p>\n<\/blockquote>\n<p>LSM uzskata, ka l\u0113mumi par publisku kult\u016bras instit\u016bciju p\u0101rvald\u012bbu un pa\u0161vald\u012bbas kapit\u0101lsabiedr\u012bbu darb\u012bbu ir j\u0101pie\u0146em caursp\u012bd\u012bg\u0101 proces\u0101, kas ir pieejams sabiedr\u012bbas izv\u0113rt\u0113\u0161anai, tostarp medijiem.<\/p>\n<p>Viena no LSM v\u0113rt\u012bb\u0101m ir stiprin\u0101t demokr\u0101tiju, t\u0101d\u0113j\u0101di ar\u012b god\u012bgums un likuma iev\u0113ro\u0161ana ir svar\u012bgi medija darb\u012bbas principi. LSM aizst\u0101v\u0113s \u017eurn\u0101lista un sabiedr\u012bbas intereses, vienlaikus sadarbojoties ar atbild\u012bgaj\u0101m instit\u016bcij\u0101m, lai nodro\u0161in\u0101tu tiesisku, caursp\u012bd\u012bgu un profesion\u0101lu procesa izv\u0113rt\u0113jumu.<\/p>\n<p>Ar\u012b\u00a0Latvijas \u017durn\u0101listu asoci\u0101cija (L\u017dA) nosoda R\u0113zeknes valstspils\u0113tas domes r\u012bc\u012bbu attiec\u012bb\u0101 pret \u017eurn\u0101listu Bikovski un LSM darbu.<\/p>\n<p>&#8220;Notiku\u0161ais nav uzskat\u0101ms par atsevi\u0161\u0137u p\u0101rpratumu vai komunik\u0101cijas k\u013c\u016bmi \u2013 tas ir apzin\u0101ts un sist\u0113misks m\u0113\u0123in\u0101jums ierobe\u017eot preses br\u012bv\u012bbu, iebied\u0113t \u017eurn\u0101listu un liegt sabiedr\u012bbai piek\u013cuvi inform\u0101cijai par b\u016btiskiem politiskiem un finan\u0161u l\u0113mumiem,&#8221; pausts L\u017dA pazi\u0146ojum\u0101 medijiem.\u00a0<\/p>\n<blockquote>\n<p>L\u017dA nor\u0101d\u012bja, ka pa\u0161vald\u012bbas atteikums uzr\u0101d\u012bt jebk\u0101du tiesisku pamatojumu darba grupas\u00a0 sl\u0113g\u0161anai, sekojo\u0161\u0101 s\u0113des p\u0101rtrauk\u0161ana un policijas iesaist\u012b\u0161ana, lai piespiestu \u017eurn\u0101listu pamest telpu, ir klaja varas patva\u013ca.\u00a0<\/p>\n<\/blockquote>\n<p>\u0160\u0101da r\u012bc\u012bba p\u0101rk\u0101pj gan Satversm\u0113 nostiprin\u0101t\u0101s ties\u012bbas uz v\u0101rda br\u012bv\u012bbu, gan starptautisk\u0101s saist\u012bbas, kuras Latvija ir uz\u0146\u0113musies attiec\u012bb\u0101 uz preses aizsardz\u012bbu.\u00a0<\/p>\n<p>&#8220;\u012apa\u0161i b\u012bstami ir tas, ka \u0161\u012bs darb\u012bbas tiek veiktas laik\u0101, kad sabiedr\u012bbas uzman\u012bbas centr\u0101 ir &#8220;Gora&#8221; n\u0101kotnes p\u0101rvald\u012bba un l\u0113mumi par pa\u0161vald\u012bbas kapit\u0101lsabiedr\u012bbu vad\u012bbu \u2013 jaut\u0101jumi, kas skar gan publisko l\u012bdzek\u013cu izlietojumu, gan pils\u0113tas kult\u016brpolitiku, gan politisko atbild\u012bbu. Tie\u0161i \u0161\u0101dos apst\u0101k\u013cos m\u0113\u0123in\u0101jumi blo\u0137\u0113t mediju darbu ir j\u0101v\u0113rt\u0113 k\u0101 apzin\u0101ta sabiedr\u012bbas ties\u012bbu uz inform\u0101ciju grau\u0161ana,&#8221; nor\u0101d\u012bja L\u017dA.\u00a0<\/p>\n<p>P\u0113c asoci\u0101cij\u0101 teikt\u0101, pa\u0161vald\u012bbas r\u012bkojum\u0101 skaidri paredz\u0113ta iesp\u0113ja darba grupas darb\u0101 iesaist\u012bt ekspertus, nevalstisk\u0101s organiz\u0101cijas un organiz\u0113t iedz\u012bvot\u0101ju viedok\u013ca noskaidro\u0161anu. T\u0101p\u0113c jebk\u0101ds apgalvojums, ka \u017eurn\u0101lista kl\u0101tb\u016btne esot nepamatota vai trauc\u0113jo\u0161a, ir ne tikai nepatiess, bet ar\u012b cinisks m\u0113\u0123in\u0101jums rad\u012bt form\u0101lu aizsegu politiski motiv\u0113tai r\u012bc\u012bbai.\u00a0<\/p>\n<p>L\u017dA uzsv\u0113ra, ka \u0161\u0101dai r\u012bc\u012bbai ir skaidras SLAPP (Strat\u0113\u0123isk\u0101 tiesved\u012bba pret publisku l\u012bdzdal\u012bbu) iez\u012bmes \u2013 m\u0113\u0123in\u0101jums ar institucion\u0101liem resursiem, draudiem un reput\u0101cijas grau\u0161anu pan\u0101kt, lai \u017eurn\u0101lists attur\u0113tos no profesion\u0101lo pien\u0101kumu pild\u012b\u0161anas. Tas ir viens no nopietn\u0101kajiem apdraud\u0113jumiem demokr\u0101tijai, jo rada vidi, kur\u0101 mediji tiek disciplin\u0113ti ar bail\u0113m, nevis vadoties p\u0113c likuma.<\/p>\n<blockquote>\n<p>L\u017dA atz\u012bm\u0113, ka \u0161\u012b nav pirm\u0101 reize, kad Barta\u0161evi\u010da vad\u012bt\u0101 dome demonstr\u0113 sistem\u0101tisku naid\u012bgu attieksmi pret neatkar\u012bgiem medijiem \u2013 ierobe\u017eojot inform\u0101cijas pieejam\u012bbu, manipul\u0113jot ar komunik\u0101ciju un izmantojot pa\u0161vald\u012bbas resursus, lai pasarg\u0101tu domes priek\u0161s\u0113d\u0113t\u0101ju no sabiedriskas un profesion\u0101las kritikas.<\/p>\n<\/blockquote>\n<p>\u0160\u0101da prakse ir pretrun\u0101 demokr\u0101tiskas valsts pamatv\u0113rt\u012bb\u0101m un apdraud\u00a0sabiedr\u012bbas uztic\u0113\u0161anos varai.<\/p>\n<p>L\u017dA pieprasa R\u0113zeknes valstspils\u0113tas domei nekav\u0113joties izbeigt jebk\u0101das darb\u012bbas, kas v\u0113rstas uz \u017eurn\u0101listu iebied\u0113\u0161anu, publiski atvainoties par notiku\u0161o, sniegt skaidrojumu par pie\u0146emtajiem l\u0113mumiem un nodro\u0161in\u0101t medijiem netrauc\u0113tu piek\u013cuvi inform\u0101cijai turpm\u0101k.<\/p>\n<p>Preses br\u012bv\u012bba nav pakalpojums, ko vara var pie\u0161\u0137irt vai at\u0146emt p\u0113c saviem ieskatiem. T\u0101 ir demokr\u0101tijas pamats. Ikviens m\u0113\u0123in\u0101jums to ierobe\u017eot ir uzbrukums tiesiskai valstij un sabiedr\u012bbai kopum\u0101, piebilda L\u017dA.<\/p>\n<p>\u00a0<\/p>\n","protected":false},"excerpt":{"rendered":"Latvijas Sabiedriskais medijs (LSM) asi nosoda R\u0113zeknes valstspils\u0113tas pa\u0161vald\u012bbas, tostarp domes priek\u0161s\u0113d\u0113t\u0101ja Aleksandra Barta\u0161evi\u010da v\u0113r\u0161anos pret LSM \u017eurn\u0101listu&hellip;\n","protected":false},"author":2,"featured_media":80549,"comment_status":"","ping_status":"","sticky":false,"template":"","format":"standard","meta":{"footnotes":""},"categories":[5],"tags":[23,28,29,32,33,22,30,31,35,39,38,36,37,34,40,20,26,27,24,25,21],"class_list":{"0":"post-90825","1":"post","2":"type-post","3":"status-publish","4":"format-standard","5":"has-post-thumbnail","7":"category-aktualitates","8":"tag-aktualitates","9":"tag-breaking-news","10":"tag-breakingnews","11":"tag-featured-news","12":"tag-featurednews","13":"tag-headlines","14":"tag-latest-news","15":"tag-latestnews","16":"tag-latvia","17":"tag-latvian","18":"tag-latviesu","19":"tag-latviesu-valoda","20":"tag-latviesuvaloda","21":"tag-latvija","22":"tag-lv","23":"tag-news","24":"tag-popularakas-zinas","25":"tag-popularakaszinas","26":"tag-top-stories","27":"tag-topstories","28":"tag-zinas"},"share_on_mastodon":{"url":"https:\/\/pubeurope.com\/@lv\/115813928313901826","error":""},"_links":{"self":[{"href":"https:\/\/www.europesays.com\/lv\/wp-json\/wp\/v2\/posts\/90825","targetHints":{"allow":["GET"]}}],"collection":[{"href":"https:\/\/www.europesays.com\/lv\/wp-json\/wp\/v2\/posts"}],"about":[{"href":"https:\/\/www.europesays.com\/lv\/wp-json\/wp\/v2\/types\/post"}],"author":[{"embeddable":true,"href":"https:\/\/www.europesays.com\/lv\/wp-json\/wp\/v2\/users\/2"}],"replies":[{"embeddable":true,"href":"https:\/\/www.europesays.com\/lv\/wp-json\/wp\/v2\/comments?post=90825"}],"version-history":[{"count":0,"href":"https:\/\/www.europesays.com\/lv\/wp-json\/wp\/v2\/posts\/90825\/revisions"}],"wp:featuredmedia":[{"embeddable":true,"href":"https:\/\/www.europesays.com\/lv\/wp-json\/wp\/v2\/media\/80549"}],"wp:attachment":[{"href":"https:\/\/www.europesays.com\/lv\/wp-json\/wp\/v2\/media?parent=90825"}],"wp:term":[{"taxonomy":"category","embeddable":true,"href":"https:\/\/www.europesays.com\/lv\/wp-json\/wp\/v2\/categories?post=90825"},{"taxonomy":"post_tag","embeddable":true,"href":"https:\/\/www.europesays.com\/lv\/wp-json\/wp\/v2\/tags?post=90825"}],"curies":[{"name":"wp","href":"https:\/\/api.w.org\/{rel}","templated":true}]}}