{"id":90828,"date":"2025-12-31T11:27:14","date_gmt":"2025-12-31T11:27:14","guid":{"rendered":"https:\/\/www.europesays.com\/lv\/90828\/"},"modified":"2025-12-31T11:27:14","modified_gmt":"2025-12-31T11:27:14","slug":"leiena-svarigaka-ukrainas-drosibas-garantija-ir-tas-daliba-eiropas-savieniba","status":"publish","type":"post","link":"https:\/\/www.europesays.com\/lv\/90828\/","title":{"rendered":"Leiena: Svar\u012bg\u0101k\u0101 Ukrainas dro\u0161\u012bbas garantija ir t\u0101s dal\u012bba Eiropas Savien\u012bb\u0101"},"content":{"rendered":"<p>\u201cNe tikai valstis, kas pievienojas ES, g\u016bst labumu no pievieno\u0161an\u0101s \u2013 sec\u012bgi papla\u0161in\u0101\u0161an\u0101s vi\u013c\u0146i ir pier\u0101d\u012bju\u0161i, ka no t\u0101s g\u016bst labumu visa Eiropa,\u201d uzsv\u0113ra Leiena.<\/p>\n<p>\u0160odien notiku\u0161\u0101s Eiropas l\u012bderu sarunas par Ukrainu, t\u0101s dro\u0161\u012bbu un atjauno\u0161anu EK prezidente raksturoja k\u0101 \u201clabu diskusiju\u201d.<\/p>\n<p class=\"tv3-fw-500\">Zi\u0146o par k\u013c\u016bdu rakst\u0101<\/p>\n<p class=\"d-md-block d-none\">Iez\u012bm\u0113 k\u013c\u016bdaino tekstu un spied Ctrl+Enter.<\/p>\n<p class=\"d-md-none d-block\">Iez\u012bm\u0113 k\u013c\u016bdaino tekstu un zi\u0146o par to!<\/p>\n","protected":false},"excerpt":{"rendered":"\u201cNe tikai valstis, kas pievienojas ES, g\u016bst labumu no pievieno\u0161an\u0101s \u2013 sec\u012bgi papla\u0161in\u0101\u0161an\u0101s vi\u013c\u0146i ir pier\u0101d\u012bju\u0161i, ka no&hellip;\n","protected":false},"author":2,"featured_media":90829,"comment_status":"","ping_status":"","sticky":false,"template":"","format":"standard","meta":{"footnotes":""},"categories":[14],"tags":[23,57,28,29,22914,32,33,22,30,31,35,39,38,36,37,34,40,20,26,27,24,25,54,55,56,21,58],"class_list":{"0":"post-90828","1":"post","2":"type-post","3":"status-publish","4":"format-standard","5":"has-post-thumbnail","7":"category-zinas-no-arvalstim","8":"tag-aktualitates","9":"tag-arvalstim","10":"tag-breaking-news","11":"tag-breakingnews","12":"tag-eiropas-savienibakars-ukrainaurzula-fon-der-leiena","13":"tag-featured-news","14":"tag-featurednews","15":"tag-headlines","16":"tag-latest-news","17":"tag-latestnews","18":"tag-latvia","19":"tag-latvian","20":"tag-latviesu","21":"tag-latviesu-valoda","22":"tag-latviesuvaloda","23":"tag-latvija","24":"tag-lv","25":"tag-news","26":"tag-popularakas-zinas","27":"tag-popularakaszinas","28":"tag-top-stories","29":"tag-topstories","30":"tag-world","31":"tag-world-news","32":"tag-worldnews","33":"tag-zinas","34":"tag-zinas-no-arvalstim"},"share_on_mastodon":{"url":"https:\/\/pubeurope.com\/@lv\/115813944261300268","error":""},"_links":{"self":[{"href":"https:\/\/www.europesays.com\/lv\/wp-json\/wp\/v2\/posts\/90828","targetHints":{"allow":["GET"]}}],"collection":[{"href":"https:\/\/www.europesays.com\/lv\/wp-json\/wp\/v2\/posts"}],"about":[{"href":"https:\/\/www.europesays.com\/lv\/wp-json\/wp\/v2\/types\/post"}],"author":[{"embeddable":true,"href":"https:\/\/www.europesays.com\/lv\/wp-json\/wp\/v2\/users\/2"}],"replies":[{"embeddable":true,"href":"https:\/\/www.europesays.com\/lv\/wp-json\/wp\/v2\/comments?post=90828"}],"version-history":[{"count":0,"href":"https:\/\/www.europesays.com\/lv\/wp-json\/wp\/v2\/posts\/90828\/revisions"}],"wp:featuredmedia":[{"embeddable":true,"href":"https:\/\/www.europesays.com\/lv\/wp-json\/wp\/v2\/media\/90829"}],"wp:attachment":[{"href":"https:\/\/www.europesays.com\/lv\/wp-json\/wp\/v2\/media?parent=90828"}],"wp:term":[{"taxonomy":"category","embeddable":true,"href":"https:\/\/www.europesays.com\/lv\/wp-json\/wp\/v2\/categories?post=90828"},{"taxonomy":"post_tag","embeddable":true,"href":"https:\/\/www.europesays.com\/lv\/wp-json\/wp\/v2\/tags?post=90828"}],"curies":[{"name":"wp","href":"https:\/\/api.w.org\/{rel}","templated":true}]}}