{"id":90832,"date":"2025-12-31T11:34:10","date_gmt":"2025-12-31T11:34:10","guid":{"rendered":"https:\/\/www.europesays.com\/lv\/90832\/"},"modified":"2025-12-31T11:34:10","modified_gmt":"2025-12-31T11:34:10","slug":"latvijas-uznemeju-prognozes-nakamajam-gadam-ir-pozitivas-pauz-ltrk","status":"publish","type":"post","link":"https:\/\/www.europesays.com\/lv\/90832\/","title":{"rendered":"Latvijas uz\u0146\u0113m\u0113ju prognozes n\u0101kamajam gadam ir pozit\u012bvas, pau\u017e LTRK"},"content":{"rendered":"<p>Vi\u0146a min\u0113ja, ka, \u0146emot v\u0113r\u0101, ka n\u0101kamais gads b\u016bs Saeimas v\u0113l\u0113\u0161anu gads, ir j\u0101nodala jau pie\u0146emtie l\u0113mumi, kas veicin\u0101s aktivit\u0101ti ekonomik\u0101, no tiem, ko l\u0113mumu pie\u0146\u0113m\u0113ji v\u0113l var\u0113tu dar\u012bt, jo priek\u0161v\u0113l\u0113\u0161anu gaisotne vienm\u0113r ir pies\u0101tin\u0101ta ar da\u017e\u0101diem sol\u012bjumiem.<\/p>\n<p>Zari\u0146a pauda, ka aizsardz\u012bbas industrija uz\u0146\u0113m\u0113jiem k\u013c\u016bst aizvien interesant\u0101ka, un viena no liet\u0101m, kas n\u0101kamaj\u0101 gad\u0101 var\u0113tu veicin\u0101t aktivit\u0101ti ekonomik\u0101, noteikti ir pl\u0101not\u0101s invest\u012bcijas aizsardz\u012bb\u0101. Latvija ir iesniegusi pieteikumu aizdevumam SAFE instrumenta programm\u0101, t\u0101pat n\u0101kamgad sol\u012bta \u012bpa\u0161a uzman\u012bba sadarb\u012bbai ar viet\u0113jiem uz\u0146\u0113mumiem, nodro\u0161inot, ka l\u012bdz 30% no lielajiem iepirkumiem paliks Latvijas ekonomik\u0101.<\/p>\n<p>N\u0101kamais ir nosl\u0113dzo\u0161ais gads Atjauno\u0161anas un notur\u012bbas meh\u0101nisma (ANM) \u012bsteno\u0161anai. Invest\u012bciju progress l\u012bdz 2025. gada novembrim liecina, ka l\u012bgumi ir nosl\u0113gti 93% apm\u0113r\u0101, bet maks\u0101jumi ir sa\u0146emti vien 51% apm\u0113r\u0101. T\u0101pat nosl\u0113gumam tuvojas ar\u012b pl\u0101no\u0161anas periods no 2021. l\u012bdz 2027. gadam, kur no Eiropas Komisijas patlaban sa\u0146emti vien 12% pl\u0101not\u0101 finans\u0113juma. \u0100r\u0113j\u0101 finans\u0113juma piepl\u016bdums noteikti kaut k\u0101d\u0101 m\u0113r\u0101 pal\u012bdz\u0113s stimul\u0113t ekonomiku, ta\u010du vair\u0101k j\u0101str\u0101d\u0101 pie t\u0101, lai uzlabotu un veicin\u0101tu Latvijas uz\u0146\u0113mumu konkur\u0113tsp\u0113ju un eksportsp\u0113ju, vi\u0146a nor\u0101d\u012bja.<\/p>\n","protected":false},"excerpt":{"rendered":"Vi\u0146a min\u0113ja, ka, \u0146emot v\u0113r\u0101, ka n\u0101kamais gads b\u016bs Saeimas v\u0113l\u0113\u0161anu gads, ir j\u0101nodala jau pie\u0146emtie l\u0113mumi, kas&hellip;\n","protected":false},"author":2,"featured_media":90833,"comment_status":"","ping_status":"","sticky":false,"template":"","format":"standard","meta":{"footnotes":""},"categories":[12],"tags":[23,28,29,32,33,22,30,31,35,39,38,36,37,34,6600,40,20,26,27,24,25,793,21],"class_list":{"0":"post-90832","1":"post","2":"type-post","3":"status-publish","4":"format-standard","5":"has-post-thumbnail","7":"category-latvija","8":"tag-aktualitates","9":"tag-breaking-news","10":"tag-breakingnews","11":"tag-featured-news","12":"tag-featurednews","13":"tag-headlines","14":"tag-latest-news","15":"tag-latestnews","16":"tag-latvia","17":"tag-latvian","18":"tag-latviesu","19":"tag-latviesu-valoda","20":"tag-latviesuvaloda","21":"tag-latvija","22":"tag-ltrk","23":"tag-lv","24":"tag-news","25":"tag-popularakas-zinas","26":"tag-popularakaszinas","27":"tag-top-stories","28":"tag-topstories","29":"tag-uznemejdarbiba","30":"tag-zinas"},"share_on_mastodon":{"url":"https:\/\/pubeurope.com\/@lv\/115813971589994069","error":""},"_links":{"self":[{"href":"https:\/\/www.europesays.com\/lv\/wp-json\/wp\/v2\/posts\/90832","targetHints":{"allow":["GET"]}}],"collection":[{"href":"https:\/\/www.europesays.com\/lv\/wp-json\/wp\/v2\/posts"}],"about":[{"href":"https:\/\/www.europesays.com\/lv\/wp-json\/wp\/v2\/types\/post"}],"author":[{"embeddable":true,"href":"https:\/\/www.europesays.com\/lv\/wp-json\/wp\/v2\/users\/2"}],"replies":[{"embeddable":true,"href":"https:\/\/www.europesays.com\/lv\/wp-json\/wp\/v2\/comments?post=90832"}],"version-history":[{"count":0,"href":"https:\/\/www.europesays.com\/lv\/wp-json\/wp\/v2\/posts\/90832\/revisions"}],"wp:featuredmedia":[{"embeddable":true,"href":"https:\/\/www.europesays.com\/lv\/wp-json\/wp\/v2\/media\/90833"}],"wp:attachment":[{"href":"https:\/\/www.europesays.com\/lv\/wp-json\/wp\/v2\/media?parent=90832"}],"wp:term":[{"taxonomy":"category","embeddable":true,"href":"https:\/\/www.europesays.com\/lv\/wp-json\/wp\/v2\/categories?post=90832"},{"taxonomy":"post_tag","embeddable":true,"href":"https:\/\/www.europesays.com\/lv\/wp-json\/wp\/v2\/tags?post=90832"}],"curies":[{"name":"wp","href":"https:\/\/api.w.org\/{rel}","templated":true}]}}