{"id":90834,"date":"2025-12-31T11:40:18","date_gmt":"2025-12-31T11:40:18","guid":{"rendered":"https:\/\/www.europesays.com\/lv\/90834\/"},"modified":"2025-12-31T11:40:18","modified_gmt":"2025-12-31T11:40:18","slug":"par-tris-sunu-nosausanu-bauskas-novada-valsts-policija-rosina-apsudzet-cetras-personas-2","status":"publish","type":"post","link":"https:\/\/www.europesays.com\/lv\/90834\/","title":{"rendered":"Par tr\u012bs su\u0146u no\u0161au\u0161anu Bauskas novad\u0101 Valsts policija rosina aps\u016bdz\u0113t \u010detras personas"},"content":{"rendered":"<p>                        <img fetchpriority=\"high\" decoding=\"async\" width=\"800\" height=\"533\" src=\"https:\/\/www.europesays.com\/lv\/wp-content\/uploads\/2025\/12\/suniem_pikets-Bauska.jpg\" alt=\"\" class=\"wp-image-1088616\"  \/>Att\u0113ls no piketa Bausk\u0101 16.oktobr\u012b. Foto autors: Ivars Bogdanovs\/ \u201cBauskas Dz\u012bves\u201d arh\u012bvs<\/p>\n<p>Par oktobr\u012b notiku\u0161o tr\u012bs su\u0146u no\u0161au\u0161anu Bauskas novada Brunavas pagast\u0101 policija rosina aps\u016bdz\u0113t tr\u012bs pa\u0161vald\u012bbas policistus un v\u0113l vienu fizisku personu.<\/p>\n<p>Jau iepriek\u0161 zi\u0146ots, ka \u0161\u012b gada 10. oktobr\u012b Valsts policij\u0101 sa\u0146emta inform\u0101cija par tr\u012bs no\u0161autiem su\u0146iem Bauskas novad\u0101, Brunavas pagast\u0101. Valsts policija inform\u0101ciju sa\u0146\u0113ma p\u0113c notiku\u0161\u0101 un saist\u012bb\u0101 ar to uzs\u0101ka krimin\u0101lprocesu, kur\u0161 ir kvalific\u0113ts p\u0113c Krimin\u0101llikuma 230. panta otr\u0101s da\u013cas par cietsird\u012bgu iztur\u0113\u0161anos pret dz\u012bvniekiem, k\u0101 rezult\u0101t\u0101 tie g\u0101ju\u0161i boj\u0101, inform\u0113 R\u016bta Strautniece-Apa\u013c\u0101,Valsts policijas Sabiedrisko attiec\u012bbu noda\u013cas vec\u0101k\u0101 speci\u0101liste.<\/p>\n<p>Veicot akt\u012bvu izmekl\u0113\u0161anu saist\u012bb\u0101 ar notiku\u0161o, tika noz\u012bm\u0113tas ekspert\u012bzes, tostarp miru\u0161o dz\u012bvnieku n\u0101ves c\u0113lo\u0146u noteik\u0161anai, veikts darbs ar iesaist\u012btaj\u0101m person\u0101m, k\u0101 ar\u012b virkne opeat\u012bvo un citu izmekl\u0113\u0161anas darb\u012bbu, lai noskaidrotu visus notiku\u0161\u0101 apst\u0101k\u013cus.<\/p>\n<p>K\u0101 zi\u0146o R\u016bta Strautniece-Apa\u013c\u0101, Valsts policija ir sa\u0146\u0113musi ekspert\u012b\u017eu rezult\u0101tus, un visu dz\u012bvnieku n\u0101ves c\u0113lo\u0146i ir noskaidroti, k\u0101 ar\u012b izmekl\u0113\u0161an\u0101 g\u016bts pietiekams pier\u0101d\u012bjumu kopums, lai \u0161\u012b gada 30. decembr\u012b lietu nos\u016bt\u012btu prokurat\u016brai krimin\u0101lvaj\u0101\u0161anas uzs\u0101k\u0161anai pret \u010detr\u0101m aizdom\u0101s tur\u0113t\u0101m person\u0101m, no kur\u0101m tr\u012bs ir Bauskas novada pa\u0161vald\u012bbas policijas t\u0101 br\u012b\u017ea amatpersonas un viena fiziska persona.<\/p>\n<p>Vienai no iesaist\u012btaj\u0101m person\u0101m tiek inkrimin\u0113ts noziedz\u012bgais nodar\u012bjums saska\u0146\u0101 ar Krimin\u0101llikuma 230. panta otro da\u013cu, proti, cietsird\u012bga iztur\u0113\u0161an\u0101s pret dz\u012bvniekiem, k\u0101 rezult\u0101t\u0101 tie g\u0101ju\u0161i boj\u0101. Par \u0161\u0101du nodar\u012bjumu soda ar br\u012bv\u012bbas at\u0146em\u0161anu uz laiku l\u012bdz pieciem gadiem vai ar \u012bslaic\u012bgu br\u012bv\u012bbas at\u0146em\u0161anu, vai ar prob\u0101cijas uzraudz\u012bbu, at\u0146emot ties\u012bbas uz noteiktu vai visu sugu dz\u012bvnieku tur\u0113\u0161anu uz laiku l\u012bdz pieciem gadiem.<\/p>\n<p>T\u0101pat pret div\u0101m person\u0101m uzs\u0101kts krimin\u0101lprocess p\u0113c Krimin\u0101llikuma 319. panta pirm\u0101s da\u013cas par valsts amatpersonas pien\u0101kumu nepild\u012b\u0161anu, tas ir, ja valsts amatpersona t\u012b\u0161i vai aiz nolaid\u012bbas neizdara darb\u012bbas, kuras tai p\u0113c likuma vai uzlikta uzdevuma j\u0101izdara, un ja ar to rad\u012bts b\u016btisks kait\u0113jums. Proti, abas personas pie\u013c\u0101va \u0161o situ\u0101ciju, kas izpaud\u0101s k\u0101 dienesta pien\u0101kumu nepild\u012b\u0161ana \u2013 nov\u0113rst noziedz\u012bga nodar\u012bjuma izdar\u012b\u0161anu. Par \u0161\u0101du r\u012bc\u012bbu soda ar br\u012bv\u012bbas at\u0146em\u0161anu uz laiku l\u012bdz trim gadiem vai ar \u012bslaic\u012bgu br\u012bv\u012bbas at\u0146em\u0161anu, vai ar prob\u0101cijas uzraudz\u012bbu, vai ar sabiedrisko darbu, vai ar naudas sodu.<\/p>\n<p>K\u0101 ar\u012b v\u0113l vienai personai tiek inkrimin\u0113ts Krimin\u0101llikuma 317. panta pirm\u0101s da\u013cas noziedz\u012bgais nodar\u012bjums \u2013 valsts amatpersonas izdar\u012btas t\u012b\u0161as darb\u012bbas, kas ac\u012bmredzami p\u0101rsniedz valsts amatpersonai ar likumu vai uzliktu uzdevumu pie\u0161\u0137irto ties\u012bbu un pilnvaru robe\u017eas, ja \u0161\u012bs darb\u012bbas rad\u012bju\u0161as b\u016btisku kait\u0113jumu. Persona deva mutisku r\u012bkojumu, k\u0101 rezult\u0101t\u0101 tika izdar\u012bts noziedz\u012bgais nodar\u012bjums. Par \u0161\u0101du r\u012bc\u012bbu soda ar br\u012bv\u012bbas at\u0146em\u0161anu uz laiku l\u012bdz trim gadiem vai ar \u012bslaic\u012bgu br\u012bv\u012bbas at\u0146em\u0161anu, vai ar prob\u0101cijas uzraudz\u012bbu, vai ar sabiedrisko darbu, vai ar naudas sodu, paskaidro Valsts policijas p\u0101rst\u0101ve R\u016bta Strautniece-Apa\u013c\u0101.<\/p>\n","protected":false},"excerpt":{"rendered":"Att\u0113ls no piketa Bausk\u0101 16.oktobr\u012b. Foto autors: Ivars Bogdanovs\/ \u201cBauskas Dz\u012bves\u201d arh\u012bvs Par oktobr\u012b notiku\u0161o tr\u012bs su\u0146u no\u0161au\u0161anu&hellip;\n","protected":false},"author":2,"featured_media":90835,"comment_status":"","ping_status":"","sticky":false,"template":"","format":"standard","meta":{"footnotes":""},"categories":[12],"tags":[23,28,29,32,33,22,30,31,35,39,38,36,37,34,40,20,26,27,24,25,21],"class_list":{"0":"post-90834","1":"post","2":"type-post","3":"status-publish","4":"format-standard","5":"has-post-thumbnail","7":"category-latvija","8":"tag-aktualitates","9":"tag-breaking-news","10":"tag-breakingnews","11":"tag-featured-news","12":"tag-featurednews","13":"tag-headlines","14":"tag-latest-news","15":"tag-latestnews","16":"tag-latvia","17":"tag-latvian","18":"tag-latviesu","19":"tag-latviesu-valoda","20":"tag-latviesuvaloda","21":"tag-latvija","22":"tag-lv","23":"tag-news","24":"tag-popularakas-zinas","25":"tag-popularakaszinas","26":"tag-top-stories","27":"tag-topstories","28":"tag-zinas"},"share_on_mastodon":{"url":"https:\/\/pubeurope.com\/@lv\/115813995180926919","error":""},"_links":{"self":[{"href":"https:\/\/www.europesays.com\/lv\/wp-json\/wp\/v2\/posts\/90834","targetHints":{"allow":["GET"]}}],"collection":[{"href":"https:\/\/www.europesays.com\/lv\/wp-json\/wp\/v2\/posts"}],"about":[{"href":"https:\/\/www.europesays.com\/lv\/wp-json\/wp\/v2\/types\/post"}],"author":[{"embeddable":true,"href":"https:\/\/www.europesays.com\/lv\/wp-json\/wp\/v2\/users\/2"}],"replies":[{"embeddable":true,"href":"https:\/\/www.europesays.com\/lv\/wp-json\/wp\/v2\/comments?post=90834"}],"version-history":[{"count":0,"href":"https:\/\/www.europesays.com\/lv\/wp-json\/wp\/v2\/posts\/90834\/revisions"}],"wp:featuredmedia":[{"embeddable":true,"href":"https:\/\/www.europesays.com\/lv\/wp-json\/wp\/v2\/media\/90835"}],"wp:attachment":[{"href":"https:\/\/www.europesays.com\/lv\/wp-json\/wp\/v2\/media?parent=90834"}],"wp:term":[{"taxonomy":"category","embeddable":true,"href":"https:\/\/www.europesays.com\/lv\/wp-json\/wp\/v2\/categories?post=90834"},{"taxonomy":"post_tag","embeddable":true,"href":"https:\/\/www.europesays.com\/lv\/wp-json\/wp\/v2\/tags?post=90834"}],"curies":[{"name":"wp","href":"https:\/\/api.w.org\/{rel}","templated":true}]}}