{"id":90836,"date":"2025-12-31T11:46:13","date_gmt":"2025-12-31T11:46:13","guid":{"rendered":"https:\/\/www.europesays.com\/lv\/90836\/"},"modified":"2025-12-31T11:46:13","modified_gmt":"2025-12-31T11:46:13","slug":"veikalos-pamanits-interesants-fenomens-ko-tas-liecina-par-enu-ekonomiku-latvija","status":"publish","type":"post","link":"https:\/\/www.europesays.com\/lv\/90836\/","title":{"rendered":"Veikalos paman\u012bts interesants fenomens: ko tas liecina par \u0113nu ekonomiku Latvij\u0101?"},"content":{"rendered":"<p>    <img decoding=\"async\" src=\"https:\/\/www.europesays.com\/lv\/wp-content\/uploads\/2025\/12\/20240805_zaf_x99_801-1024x756.jpg\" alt=\"&#10;\"\/><\/p>\n<p>Foto: int\/scanpix\/leta\n<\/p>\n<p>18:29, 30. decembris 2025<\/p>\n<p>Rindas pie pa\u0161apkalpo\u0161an\u0101s kas\u0113m, kur iesp\u0113jams nor\u0113\u0137in\u0101ties ar skaidru naudu, var liecin\u0101t par \u0113nu ekonomikas kl\u0101tb\u016btni Latvij\u0101, uzskata soct\u012bklot\u0101js.<\/p>\n<p>        Las\u012bt\u0101kie<br \/>\n        <a data-imagesrc=\"{&quot;300&quot;:&quot;https:\\\/\\\/lastatic.ams3.cdn.digitaloceanspaces.com\\\/2017\\\/12\\\/jaunais-300x200.jpg&quot;,&quot;768&quot;:&quot;https:\\\/\\\/lastatic.ams3.cdn.digitaloceanspaces.com\\\/2017\\\/12\\\/jaunais-768x512.jpg&quot;,&quot;80&quot;:&quot;https:\\\/\\\/lastatic.ams3.cdn.digitaloceanspaces.com\\\/2017\\\/12\\\/jaunais-80x48.jpg&quot;,&quot;112&quot;:&quot;https:\\\/\\\/lastatic.ams3.cdn.digitaloceanspaces.com\\\/2017\\\/12\\\/jaunais-112x64.jpg&quot;,&quot;664&quot;:&quot;https:\\\/\\\/lastatic.ams3.cdn.digitaloceanspaces.com\\\/2017\\\/12\\\/jaunais-664x443.jpg&quot;,&quot;240&quot;:&quot;https:\\\/\\\/lastatic.ams3.cdn.digitaloceanspaces.com\\\/2017\\\/12\\\/jaunais-240x160.jpg&quot;,&quot;263&quot;:&quot;https:\\\/\\\/lastatic.ams3.cdn.digitaloceanspaces.com\\\/2017\\\/12\\\/jaunais-263x175.jpg&quot;,&quot;507&quot;:&quot;https:\\\/\\\/lastatic.ams3.cdn.digitaloceanspaces.com\\\/2017\\\/12\\\/jaunais-507x338.jpg&quot;,&quot;118&quot;:&quot;https:\\\/\\\/lastatic.ams3.cdn.digitaloceanspaces.com\\\/2017\\\/12\\\/jaunais-118x70.jpg&quot;,&quot;348&quot;:&quot;https:\\\/\\\/lastatic.ams3.cdn.digitaloceanspaces.com\\\/2017\\\/12\\\/jaunais-348x225.jpg&quot;,&quot;640&quot;:&quot;https:\\\/\\\/lastatic.ams3.cdn.digitaloceanspaces.com\\\/2017\\\/12\\\/jaunais-640x640.jpg&quot;,&quot;90&quot;:&quot;https:\\\/\\\/lastatic.ams3.cdn.digitaloceanspaces.com\\\/2017\\\/12\\\/jaunais-90x58.jpg&quot;,&quot;960&quot;:&quot;https:\\\/\\\/lastatic.ams3.cdn.digitaloceanspaces.com\\\/2017\\\/12\\\/jaunais.jpg&quot;}\" data-focuspoint=\"&quot;&quot;\" data-p=\"2477013\" href=\"https:\/\/www.la.lv\/ko-vilkt-mugura-sagaidot-uguniga-zirga-gadu-padomi-katrai-zodiaka-zimei-lai-piesaistitu-veiksmi-un-harmoniju\" class=\"content-item lazy-load\" wp_automatic_readability=\"27.5\" rel=\"nofollow noopener\" target=\"_blank\"><\/p>\n<p>                                <img decoding=\"async\" src=\"\" alt=\"\" style=\"\" data-imageid=\"\"\/><\/p>\n<p>                                Kokteilis<\/p>\n<p>\n                                                Ko vilkt mugur\u0101, sagaidot Ugun\u012bg\u0101 Zirga gadu? Padomi katrai zodiaka z\u012bmei, lai piesaist\u012btu veiksmi un harmoniju\n                            <\/p>\n<p><\/a><a data-imagesrc=\"{&quot;300&quot;:&quot;https:\\\/\\\/lastatic.ams3.cdn.digitaloceanspaces.com\\\/2025\\\/08\\\/FOTO-300x199.jpeg&quot;,&quot;1024&quot;:&quot;https:\\\/\\\/lastatic.ams3.cdn.digitaloceanspaces.com\\\/2025\\\/08\\\/FOTO-1024x680.jpeg&quot;,&quot;768&quot;:&quot;https:\\\/\\\/lastatic.ams3.cdn.digitaloceanspaces.com\\\/2025\\\/08\\\/FOTO-768x510.jpeg&quot;,&quot;1536&quot;:&quot;https:\\\/\\\/lastatic.ams3.cdn.digitaloceanspaces.com\\\/2025\\\/08\\\/FOTO-1536x1019.jpeg&quot;,&quot;200&quot;:&quot;https:\\\/\\\/lastatic.ams3.cdn.digitaloceanspaces.com\\\/2025\\\/08\\\/FOTO-200x133.jpeg&quot;,&quot;400&quot;:&quot;https:\\\/\\\/lastatic.ams3.cdn.digitaloceanspaces.com\\\/2025\\\/08\\\/FOTO-400x265.jpeg&quot;,&quot;500&quot;:&quot;https:\\\/\\\/lastatic.ams3.cdn.digitaloceanspaces.com\\\/2025\\\/08\\\/FOTO-500x332.jpeg&quot;,&quot;800&quot;:&quot;https:\\\/\\\/lastatic.ams3.cdn.digitaloceanspaces.com\\\/2025\\\/08\\\/FOTO-800x531.jpeg&quot;,&quot;1000&quot;:&quot;https:\\\/\\\/lastatic.ams3.cdn.digitaloceanspaces.com\\\/2025\\\/08\\\/FOTO-1000x664.jpeg&quot;,&quot;1588&quot;:&quot;https:\\\/\\\/lastatic.ams3.cdn.digitaloceanspaces.com\\\/2025\\\/08\\\/FOTO.jpeg&quot;}\" data-focuspoint=\"&quot;&quot;\" data-p=\"2486622\" href=\"https:\/\/www.la.lv\/gastroenterologs-vilkoite-ja-burcina-ir-pelejuma-virskarta-tad-viss-burcinas-saturs-ir-sabojats\" class=\"content-item lazy-load\" wp_automatic_readability=\"27\" rel=\"nofollow noopener\" target=\"_blank\"><\/p>\n<p>                                <img decoding=\"async\" src=\"\" alt=\"\" style=\"\" data-imageid=\"\"\/><\/p>\n<p>                                Veselam<\/p>\n<p>\n                                                Gastroenterologs Vilkoite: Ja burci\u0146\u0101 ir pel\u0113juma virsk\u0101rta, tad viss burci\u0146as saturs ir saboj\u0101ts\n                            <\/p>\n<p><\/a><a data-imagesrc=\"{&quot;300&quot;:&quot;https:\\\/\\\/lastatic.ams3.cdn.digitaloceanspaces.com\\\/2025\\\/01\\\/DSC05647--300x200.jpg&quot;,&quot;1024&quot;:&quot;https:\\\/\\\/lastatic.ams3.cdn.digitaloceanspaces.com\\\/2025\\\/01\\\/DSC05647--1024x683.jpg&quot;,&quot;768&quot;:&quot;https:\\\/\\\/lastatic.ams3.cdn.digitaloceanspaces.com\\\/2025\\\/01\\\/DSC05647--768x512.jpg&quot;,&quot;1536&quot;:&quot;https:\\\/\\\/lastatic.ams3.cdn.digitaloceanspaces.com\\\/2025\\\/01\\\/DSC05647--1536x1024.jpg&quot;,&quot;2048&quot;:&quot;https:\\\/\\\/lastatic.ams3.cdn.digitaloceanspaces.com\\\/2025\\\/01\\\/DSC05647--2048x1365.jpg&quot;,&quot;200&quot;:&quot;https:\\\/\\\/lastatic.ams3.cdn.digitaloceanspaces.com\\\/2025\\\/01\\\/DSC05647--200x133.jpg&quot;,&quot;400&quot;:&quot;https:\\\/\\\/lastatic.ams3.cdn.digitaloceanspaces.com\\\/2025\\\/01\\\/DSC05647--400x267.jpg&quot;,&quot;500&quot;:&quot;https:\\\/\\\/lastatic.ams3.cdn.digitaloceanspaces.com\\\/2025\\\/01\\\/DSC05647--500x333.jpg&quot;,&quot;800&quot;:&quot;https:\\\/\\\/lastatic.ams3.cdn.digitaloceanspaces.com\\\/2025\\\/01\\\/DSC05647--800x533.jpg&quot;,&quot;1000&quot;:&quot;https:\\\/\\\/lastatic.ams3.cdn.digitaloceanspaces.com\\\/2025\\\/01\\\/DSC05647--1000x667.jpg&quot;,&quot;2560&quot;:&quot;https:\\\/\\\/lastatic.ams3.cdn.digitaloceanspaces.com\\\/2025\\\/01\\\/DSC05647--scaled.jpg&quot;}\" data-focuspoint=\"&quot;&quot;\" data-p=\"2486718\" href=\"https:\/\/www.la.lv\/viens-no-rupjakajiem-parkapumiem-saja-gadijuma-ir-zverinats-advokats-izanalizejis-raimonda-paula-dziesmu-svetku-rikosanu-no-tiesibu-prizmas\" class=\"content-item lazy-load\" wp_automatic_readability=\"26.5\" rel=\"nofollow noopener\" target=\"_blank\"><\/p>\n<p>                                <img decoding=\"async\" src=\"\" alt=\"\" style=\"\" data-imageid=\"\"\/><\/p>\n<p>\n                                                \u201cViens no rupj\u0101kajiem p\u0101rk\u0101pumiem \u0161aj\u0101 gad\u012bjum\u0101 ir\u2026\u201d Advok\u0101ts izanaliz\u0113jis Raimonda Paula Dziesmu sv\u0113tku r\u012bko\u0161anu no ties\u012bbu prizmas\n                            <\/p>\n<p><\/a><br \/>\n        <a class=\"read-more\" href=\"https:\/\/www.la.lv\/top\" rel=\"nofollow noopener\" target=\"_blank\">Las\u012bt citas zi\u0146as<\/a><\/p>\n<p>\u0112nu ekonomika Latvij\u0101 joproj\u0101m ir b\u016btisks izaicin\u0101jums valsts att\u012bst\u012bbai, neraugoties uz p\u0113d\u0113jos gados pan\u0101kto progresu. T\u0101 ietver aplok\u0161\u0146u algas, nodok\u013cu nemaks\u0101\u0161anu, nere\u0123istr\u0113tu uz\u0146\u0113m\u0113jdarb\u012bbu un da\u017e\u0101dus kr\u0101p\u0161anas veidus. \u0160\u012bs par\u0101d\u012bbas samazina valsts bud\u017eeta ie\u0146\u0113mumus, krop\u013co god\u012bgu konkurenci un mazina sabiedr\u012bbas uztic\u0113\u0161anos valsts instit\u016bcij\u0101m. Valsts p\u0113d\u0113jos gados ir pastiprin\u0101jusi c\u012b\u0146u pret \u0113nu ekonomiku, ievie\u0161ot stingr\u0101kas kontroles, digit\u0101lus risin\u0101jumus un sabiedr\u012bbas inform\u0113\u0161anas kampa\u0146as.<\/p>\n<p>Tom\u0113r Juris Vaidakovs, atsaucoties uz k\u0101das soct\u012bklot\u0101jas nov\u0113rojumu par to, ka cilv\u0113ki pie pa\u0161apkalpo\u0161an\u0101s kas\u0113m p\u0101rsvar\u0101 iep\u0113rkas ar skaidru naudu, nor\u0101da, ka \u0161\u012b par\u0101d\u012bba atspogu\u013co \u0113nu ekonomikas esam\u012bbu Latvij\u0101.<\/p>\n<p>    CITI \u0160OBR\u012aD LASA<\/p>\n<p>\u201cT\u0101 ir visos veikalos, meln\u0101s ekonomikas triumfu var redz\u0113t ar\u012b pie bankom\u0101tiem \u2014 k\u0101das rindas ir, lai iemaks\u0101tu skaidru naudu\u2026\u201d raksta Juris Vaidakovs, daloties ar Ilonas Koskinas publik\u0101ciju, kur\u0101 vi\u0146a nor\u0101da: \u201cLielaj\u0101 \u201cMaxima\u201d pa\u0161apkalpo\u0161an\u0101s kas\u0113s garum gara rinda ir tikai pie vienas kases \u2014 t\u0101s, kur\u0101 var maks\u0101t ar skaidru naudu. P\u0101r\u0113j\u0101s tuk\u0161as, ej pie kuras lab\u0101k pat\u012bk.\u201d<\/p>\n<p>Savuk\u0101rt Astr\u012bda koment\u0101ros nor\u0101da, ka Kurzem\u0113 \u0161\u0101ds fenomens neesot nov\u0113rots: \u201cKurzem\u0113 \u0161is fenomens nav nov\u0113rots \u2014 viena pa\u0161apkalpo\u0161an\u0101s kase ar skaidru naudu, pie t\u0101s parasti st\u0101v b\u0113rni, retu reizi k\u0101ds pieaugu\u0161ais speci\u0101li gaida. T\u0101tad p\u0113c atra\u0161an\u0101s vietas var noskaidrot, kur tas skaidrucis vair\u0101k apgroz\u0101s.\u201d<\/p>\n<p>V\u0113l koment\u0101ros cilv\u0113ki nor\u0101da, ka vi\u0146i ir iecien\u012bju\u0161i skaidru naudu, bet citi Ilonas aprakst\u012bto fenomenu nav man\u012bju\u0161i.<\/p>\n<blockquote class=\"twitter-tweet\" wp_automatic_readability=\"8.9245283018868\">\n<p lang=\"lv\" dir=\"ltr\">T\u0101 ir visos veikalos, meln\u0101s ekonomikas triumfu var redz\u0113t ar\u012b pie bankom\u0101tiem \u2013 k\u0101das rindas ir, lai iemaks\u0101tu skaidru naudu\u2026 <a href=\"https:\/\/t.co\/NCXYDeakcu\" rel=\"nofollow\">https:\/\/t.co\/NCXYDeakcu<\/a><\/p>\n<p>\u2014 Juris Vaidakovs (@Afanasijs) <a href=\"https:\/\/twitter.com\/Afanasijs\/status\/2005580130174042611?ref_src=twsrc%5Etfw\" rel=\"nofollow noopener\" target=\"_blank\">December 29, 2025<\/a><\/p>\n<\/blockquote>\n<p>T\u0113mas<\/p>\n<p>    SAIST\u012aTIE RAKSTI<\/p>\n<p>                            <script async src=\"https:\/\/platform.twitter.com\/widgets.js\" charset=\"utf-8\"><\/script><\/p>\n","protected":false},"excerpt":{"rendered":"Foto: int\/scanpix\/leta 18:29, 30. decembris 2025 Rindas pie pa\u0161apkalpo\u0161an\u0101s kas\u0113m, kur iesp\u0113jams nor\u0113\u0137in\u0101ties ar skaidru naudu, var liecin\u0101t&hellip;\n","protected":false},"author":2,"featured_media":90837,"comment_status":"","ping_status":"","sticky":false,"template":"","format":"standard","meta":{"footnotes":""},"categories":[12],"tags":[23,28,29,32,33,22,30,31,35,39,38,36,37,34,40,20,26,27,24,25,21],"class_list":{"0":"post-90836","1":"post","2":"type-post","3":"status-publish","4":"format-standard","5":"has-post-thumbnail","7":"category-latvija","8":"tag-aktualitates","9":"tag-breaking-news","10":"tag-breakingnews","11":"tag-featured-news","12":"tag-featurednews","13":"tag-headlines","14":"tag-latest-news","15":"tag-latestnews","16":"tag-latvia","17":"tag-latvian","18":"tag-latviesu","19":"tag-latviesu-valoda","20":"tag-latviesuvaloda","21":"tag-latvija","22":"tag-lv","23":"tag-news","24":"tag-popularakas-zinas","25":"tag-popularakaszinas","26":"tag-top-stories","27":"tag-topstories","28":"tag-zinas"},"share_on_mastodon":{"url":"https:\/\/pubeurope.com\/@lv\/115814018861558236","error":""},"_links":{"self":[{"href":"https:\/\/www.europesays.com\/lv\/wp-json\/wp\/v2\/posts\/90836","targetHints":{"allow":["GET"]}}],"collection":[{"href":"https:\/\/www.europesays.com\/lv\/wp-json\/wp\/v2\/posts"}],"about":[{"href":"https:\/\/www.europesays.com\/lv\/wp-json\/wp\/v2\/types\/post"}],"author":[{"embeddable":true,"href":"https:\/\/www.europesays.com\/lv\/wp-json\/wp\/v2\/users\/2"}],"replies":[{"embeddable":true,"href":"https:\/\/www.europesays.com\/lv\/wp-json\/wp\/v2\/comments?post=90836"}],"version-history":[{"count":0,"href":"https:\/\/www.europesays.com\/lv\/wp-json\/wp\/v2\/posts\/90836\/revisions"}],"wp:featuredmedia":[{"embeddable":true,"href":"https:\/\/www.europesays.com\/lv\/wp-json\/wp\/v2\/media\/90837"}],"wp:attachment":[{"href":"https:\/\/www.europesays.com\/lv\/wp-json\/wp\/v2\/media?parent=90836"}],"wp:term":[{"taxonomy":"category","embeddable":true,"href":"https:\/\/www.europesays.com\/lv\/wp-json\/wp\/v2\/categories?post=90836"},{"taxonomy":"post_tag","embeddable":true,"href":"https:\/\/www.europesays.com\/lv\/wp-json\/wp\/v2\/tags?post=90836"}],"curies":[{"name":"wp","href":"https:\/\/api.w.org\/{rel}","templated":true}]}}