{"id":90838,"date":"2025-12-31T11:47:10","date_gmt":"2025-12-31T11:47:10","guid":{"rendered":"https:\/\/www.europesays.com\/lv\/90838\/"},"modified":"2025-12-31T11:47:10","modified_gmt":"2025-12-31T11:47:10","slug":"policija-riga-stradas-pastiprinata-rezima","status":"publish","type":"post","link":"https:\/\/www.europesays.com\/lv\/90838\/","title":{"rendered":"Policija R\u012bg\u0101 str\u0101d\u0101s pastiprin\u0101t\u0101 re\u017e\u012bm\u0101"},"content":{"rendered":"<p>Kur b\u016bs t\u0101da iesp\u0113ja, pirotehnikas izmanto\u0161anas p\u0101rk\u0101pumi tiks nov\u0113rsti, pirms to pie\u013cau\u0161anas, sola policija. P\u0101r\u0113jos gad\u012bjumos policisti cent\u012bsies pie\u0137ert p\u0101rk\u0101p\u0113jus ugu\u0146o\u0161anas br\u012bd\u012b. Ja tas neb\u016bs iesp\u0113jams, p\u0101rk\u0101pums tiks fiks\u0113ts, p\u0113c tam identific\u0113jot p\u0101rk\u0101p\u0113ju un tam tiks piem\u0113rots sods.<\/p>\n<p>K\u0101 zi\u0146ots, \u0161\u012b gada pirmsp\u0113d\u0113j\u0101 s\u0113d\u0113 R\u012bgas dome nol\u0113ma aizliegt galvaspils\u0113t\u0101 nakt\u012bs lietot pirotehniku.<\/p>\n<p>Ugu\u0146o\u0161anas ier\u012b\u010du un skatuves pirotehnisko izstr\u0101d\u0101jumu izmanto\u0161ana R\u012bgas pa\u0161vald\u012bbas teritorij\u0101 \u0101rpus telp\u0101m b\u016bs aizliegta no 1. j\u016bnija l\u012bdz 31. augustam no plkst. 23 l\u012bdz plkst. 7, bet no 1. septembra l\u012bdz 31. maijam &#8211; no plkst. 22 l\u012bdz 7.<\/p>\n<p>Pirotehnikas lieto\u0161anas aizliegums neattieksies uz publiskiem pas\u0101kumiem, kas b\u016bs saska\u0146oti ar R\u012bgas pa\u0161vald\u012bbu, k\u0101 ar\u012b uz Jaungada dienu no pusnakts l\u012bdz plkst. 1.<\/p>\n<p>K\u0101 skaidro R\u012bgas vicem\u0113rs <a href=\"https:\/\/www.tvnet.lv\/term\/698636\/edvards-ratnieks\" class=\"topicLink\" target=\"_blank\" rel=\"nofollow noopener\">Edvards Ratnieks<\/a> (NA), R\u012bg\u0101 beidzot pan\u0101kts politisks atbalsts ugu\u0146o\u0161anas un pirotehnikas lieto\u0161anas aizlieg\u0161anai p\u0113c Maskavas laika. &#8220;Tas katru gadu tiek pla\u0161i atz\u012bm\u0113ts R\u012bgas apkaim\u0113s. R\u012bgai \u0161aj\u0101 jaut\u0101jum\u0101 ir skaidri j\u0101pau\u017e sava latvisk\u0101 nost\u0101ja un solidariz\u0113\u0161an\u0101s ar Ukrainu,&#8221; nor\u0101da Ratnieks.<\/p>\n","protected":false},"excerpt":{"rendered":"Kur b\u016bs t\u0101da iesp\u0113ja, pirotehnikas izmanto\u0161anas p\u0101rk\u0101pumi tiks nov\u0113rsti, pirms to pie\u013cau\u0161anas, sola policija. P\u0101r\u0113jos gad\u012bjumos policisti cent\u012bsies&hellip;\n","protected":false},"author":2,"featured_media":90839,"comment_status":"","ping_status":"","sticky":false,"template":"","format":"standard","meta":{"footnotes":""},"categories":[5],"tags":[23,28,29,1912,32,33,22,18259,30,31,35,39,38,36,37,34,40,20,26,27,24,25,21],"class_list":{"0":"post-90838","1":"post","2":"type-post","3":"status-publish","4":"format-standard","5":"has-post-thumbnail","7":"category-aktualitates","8":"tag-aktualitates","9":"tag-breaking-news","10":"tag-breakingnews","11":"tag-edvards-ratnieks","12":"tag-featured-news","13":"tag-featurednews","14":"tag-headlines","15":"tag-jaunais-gads","16":"tag-latest-news","17":"tag-latestnews","18":"tag-latvia","19":"tag-latvian","20":"tag-latviesu","21":"tag-latviesu-valoda","22":"tag-latviesuvaloda","23":"tag-latvija","24":"tag-lv","25":"tag-news","26":"tag-popularakas-zinas","27":"tag-popularakaszinas","28":"tag-top-stories","29":"tag-topstories","30":"tag-zinas"},"share_on_mastodon":{"url":"https:\/\/pubeurope.com\/@lv\/115814022674271501","error":""},"_links":{"self":[{"href":"https:\/\/www.europesays.com\/lv\/wp-json\/wp\/v2\/posts\/90838","targetHints":{"allow":["GET"]}}],"collection":[{"href":"https:\/\/www.europesays.com\/lv\/wp-json\/wp\/v2\/posts"}],"about":[{"href":"https:\/\/www.europesays.com\/lv\/wp-json\/wp\/v2\/types\/post"}],"author":[{"embeddable":true,"href":"https:\/\/www.europesays.com\/lv\/wp-json\/wp\/v2\/users\/2"}],"replies":[{"embeddable":true,"href":"https:\/\/www.europesays.com\/lv\/wp-json\/wp\/v2\/comments?post=90838"}],"version-history":[{"count":0,"href":"https:\/\/www.europesays.com\/lv\/wp-json\/wp\/v2\/posts\/90838\/revisions"}],"wp:featuredmedia":[{"embeddable":true,"href":"https:\/\/www.europesays.com\/lv\/wp-json\/wp\/v2\/media\/90839"}],"wp:attachment":[{"href":"https:\/\/www.europesays.com\/lv\/wp-json\/wp\/v2\/media?parent=90838"}],"wp:term":[{"taxonomy":"category","embeddable":true,"href":"https:\/\/www.europesays.com\/lv\/wp-json\/wp\/v2\/categories?post=90838"},{"taxonomy":"post_tag","embeddable":true,"href":"https:\/\/www.europesays.com\/lv\/wp-json\/wp\/v2\/tags?post=90838"}],"curies":[{"name":"wp","href":"https:\/\/api.w.org\/{rel}","templated":true}]}}