{"id":90842,"date":"2025-12-31T11:53:13","date_gmt":"2025-12-31T11:53:13","guid":{"rendered":"https:\/\/www.europesays.com\/lv\/90842\/"},"modified":"2025-12-31T11:53:13","modified_gmt":"2025-12-31T11:53:13","slug":"divas-smago-automasinu-avarijas-uz-a7-codes-un-iecavas-pagasta-teritorija","status":"publish","type":"post","link":"https:\/\/www.europesays.com\/lv\/90842\/","title":{"rendered":"Divas smago automa\u0161\u012bnu av\u0101rijas uz A7 \u2013 Codes un Iecavas pagasta teritorij\u0101"},"content":{"rendered":"<p>                        <img fetchpriority=\"high\" decoding=\"async\" width=\"1024\" height=\"678\" src=\"https:\/\/www.europesays.com\/lv\/wp-content\/uploads\/2025\/12\/smaga-auto-avarija_redigets_aculiecinieks-1024x678.jpeg\" alt=\"\" class=\"wp-image-1088676\"  \/>Kravas auto uz A7. Aculiecinieka foto.<\/p>\n<p>Aizvad\u012btaj\u0101 diennakt\u012b, laika posm\u0101 no 29.\u00a0decembra plkst. 6.30 l\u012bdz 30.\u00a0decembra plkst. 6.30, Valsts ugunsdz\u0113s\u012bbas un gl\u0101b\u0161anas dienesta (VUGD) Zemgales re\u0123iona p\u0101rvalde sa\u0146\u0113ma devi\u0146us izsaukumus \u2013 visus uz gl\u0101b\u0161anas darbiem, inform\u0113ja Sandra V\u0113ji\u0146a, VUGD Prevencijas p\u0101rvaldes Sabiedr\u012bbas izgl\u012bto\u0161anas un inform\u0113\u0161anas noda\u013cas vec\u0101k\u0101 inspektore.<\/p>\n<p>Pirmdien, 29. decembr\u012b, izsaukums sa\u0146emts uz Bauskas novada Codes pagastu, kur avar\u0113jusi smag\u0101 automa\u0161\u012bna. Cilv\u0113ks no transportl\u012bdzek\u013ca izk\u013cuva pirms VUGD iera\u0161an\u0101s. Ugunsdz\u0113s\u0113ji gl\u0101b\u0113ji norobe\u017eoja notikuma vietu.<\/p>\n<p>Ar\u012b otrdienas r\u012bt\u0101 plkst. 04.21 sa\u0146emts izsaukums uz Bauskas novadu, \u00a0Iecavas pagastu, kur ar\u012b avar\u0113jusi smag\u0101 automa\u0161\u012bna. Cilv\u0113ks no transportl\u012bdzek\u013ca izk\u013cuva pirms VUGD iera\u0161an\u0101s. No boj\u0101t\u0101s degvielas b\u0101kas nopl\u016bda d\u012bze\u013cdegviela. Ugunsdz\u0113s\u0113ji gl\u0101b\u0113ji degvielu p\u0101rs\u016bkn\u0113ja uz automa\u0161\u012bnas otru b\u0101ku, savuk\u0101rt , izmantojot absorbentu, sav\u0101ca uz zemes izliju\u0161o degvielu. Plkst. 05.37 darbs notikuma viet\u0101 nosl\u0113dz\u0101s, paskaidroja \u00a0Sandra V\u0113ji\u0146a.<\/p>\n<p>VUGD aicina iedz\u012bvot\u0101jus b\u016bt uzman\u012bgiem uz ce\u013ciem, izv\u0113l\u0113ties laikapst\u0101k\u013ciem un ce\u013ca segumam atbilsto\u0161u \u0101trumu. Gad\u012bjum\u0101, ja ir noticis ce\u013cu satiksmes negad\u012bjums un nepiecie\u0161ama operat\u012bvo dienestu pal\u012bdz\u012bba, aicina nekav\u0113joties zvan\u012bt 112!<\/p>\n<p>Latvij\u0101 kopum\u0101 aizvad\u012btaj\u0101 diennakt\u012b VUGD sa\u0146\u0113ma 73 izsaukumus \u2013 septi\u0146us uz ugunsgr\u0113ku dz\u0113\u0161anu, 49 uz gl\u0101b\u0161anas darbiem, bet 17 izsaukumi bija maldin\u0101jumi.<\/p>\n","protected":false},"excerpt":{"rendered":"Kravas auto uz A7. Aculiecinieka foto. Aizvad\u012btaj\u0101 diennakt\u012b, laika posm\u0101 no 29.\u00a0decembra plkst. 6.30 l\u012bdz 30.\u00a0decembra plkst. 6.30,&hellip;\n","protected":false},"author":2,"featured_media":90843,"comment_status":"","ping_status":"","sticky":false,"template":"","format":"standard","meta":{"footnotes":""},"categories":[5],"tags":[23,28,29,32,33,22,30,31,35,39,38,36,37,34,40,20,26,27,24,25,21],"class_list":{"0":"post-90842","1":"post","2":"type-post","3":"status-publish","4":"format-standard","5":"has-post-thumbnail","7":"category-aktualitates","8":"tag-aktualitates","9":"tag-breaking-news","10":"tag-breakingnews","11":"tag-featured-news","12":"tag-featurednews","13":"tag-headlines","14":"tag-latest-news","15":"tag-latestnews","16":"tag-latvia","17":"tag-latvian","18":"tag-latviesu","19":"tag-latviesu-valoda","20":"tag-latviesuvaloda","21":"tag-latvija","22":"tag-lv","23":"tag-news","24":"tag-popularakas-zinas","25":"tag-popularakaszinas","26":"tag-top-stories","27":"tag-topstories","28":"tag-zinas"},"share_on_mastodon":{"url":"https:\/\/pubeurope.com\/@lv\/115814046262096469","error":""},"_links":{"self":[{"href":"https:\/\/www.europesays.com\/lv\/wp-json\/wp\/v2\/posts\/90842","targetHints":{"allow":["GET"]}}],"collection":[{"href":"https:\/\/www.europesays.com\/lv\/wp-json\/wp\/v2\/posts"}],"about":[{"href":"https:\/\/www.europesays.com\/lv\/wp-json\/wp\/v2\/types\/post"}],"author":[{"embeddable":true,"href":"https:\/\/www.europesays.com\/lv\/wp-json\/wp\/v2\/users\/2"}],"replies":[{"embeddable":true,"href":"https:\/\/www.europesays.com\/lv\/wp-json\/wp\/v2\/comments?post=90842"}],"version-history":[{"count":0,"href":"https:\/\/www.europesays.com\/lv\/wp-json\/wp\/v2\/posts\/90842\/revisions"}],"wp:featuredmedia":[{"embeddable":true,"href":"https:\/\/www.europesays.com\/lv\/wp-json\/wp\/v2\/media\/90843"}],"wp:attachment":[{"href":"https:\/\/www.europesays.com\/lv\/wp-json\/wp\/v2\/media?parent=90842"}],"wp:term":[{"taxonomy":"category","embeddable":true,"href":"https:\/\/www.europesays.com\/lv\/wp-json\/wp\/v2\/categories?post=90842"},{"taxonomy":"post_tag","embeddable":true,"href":"https:\/\/www.europesays.com\/lv\/wp-json\/wp\/v2\/tags?post=90842"}],"curies":[{"name":"wp","href":"https:\/\/api.w.org\/{rel}","templated":true}]}}