{"id":90846,"date":"2025-12-31T11:58:17","date_gmt":"2025-12-31T11:58:17","guid":{"rendered":"https:\/\/www.europesays.com\/lv\/90846\/"},"modified":"2025-12-31T11:58:17","modified_gmt":"2025-12-31T11:58:17","slug":"vi-sak-parbaudi-bauskas-slimnica-par-pacientu-tiesibu-ieverosanas-kartibu","status":"publish","type":"post","link":"https:\/\/www.europesays.com\/lv\/90846\/","title":{"rendered":"VI s\u0101k p\u0101rbaudi Bauskas slimn\u012bc\u0101 par pacientu ties\u012bbu iev\u0113ro\u0161anas k\u0101rt\u012bbu"},"content":{"rendered":"<p>Epermane uzsver, ka darbiniece nav atlaista, bet atst\u0101din\u0101ta, kam\u0113r notiek audits. Pl\u0101nots, ka slimn\u012bc\u0101 izveidot\u0101s komisijas secin\u0101jumi b\u016bs zin\u0101mi janv\u0101ra pirmaj\u0101 pus\u0113.<\/p>\n<p>\u0100rstniec\u012bbas iest\u0101d\u0113 uzsver, ka pacientu dro\u0161\u012bba, cie\u0146pilna attieksme un kvalitat\u012bva komunik\u0101cija ir b\u016btiskas v\u0113rt\u012bbas. Profesion\u0101la un saprotama sazi\u0146a ar pacientiem un vi\u0146u tuviniekiem ir neat\u0146emama vesel\u012bbas apr\u016bpes sast\u0101vda\u013ca, un slimn\u012bca konsekventi r\u012bkojas situ\u0101cij\u0101s, kad \u0161ie principi netiek pilnv\u0113rt\u012bgi nodro\u0161in\u0101ti.<\/p>\n<p>Slimn\u012bca pateicas pacientiem un vi\u0146u tuviniekiem par sniegto atgriezenisko saiti un aicina ar\u012b turpm\u0101k inform\u0113t par pieredzi, lai kop\u012bgi pilnveidotu sniegto pakalpojumu kvalit\u0101ti.<\/p>\n<p>Latvijas Telev\u012bzija iepriek\u0161 zi\u0146oja, ka Bauskas slimn\u012bc\u0101 sa\u0146emtas s\u016bdz\u012bbas saist\u012bb\u0101 ar diviem pacientiem, kas s\u0101kum\u0101 apr\u016bp\u0113ti Bausk\u0101, bet v\u0113l\u0101k mira Jelgavas slimn\u012bc\u0101, uz kurieni tik p\u0101rvesti smag\u0101 st\u0101vokl\u012b.<\/p>\n<p>Saska\u0146\u0101 ar &#8220;Firmas.lv&#8221; datiem Bauskas novada pa\u0161vald\u012bbai piedero\u0161\u0101s Bauskas <a href=\"https:\/\/www.apollo.lv\/term\/653898\/slimnicas\" class=\"topicLink\" target=\"_blank\" rel=\"nofollow noopener\">slimn\u012bcas<\/a> apgroz\u012bjums p\u0113rn ir bijis 5,6 miljoni eiro, uz\u0146\u0113mums cietis 52 000 eiro zaud\u0113jumus. Slimn\u012bcu vada Epermane.<\/p>\n","protected":false},"excerpt":{"rendered":"Epermane uzsver, ka darbiniece nav atlaista, bet atst\u0101din\u0101ta, kam\u0113r notiek audits. Pl\u0101nots, ka slimn\u012bc\u0101 izveidot\u0101s komisijas secin\u0101jumi b\u016bs&hellip;\n","protected":false},"author":2,"featured_media":84657,"comment_status":"","ping_status":"","sticky":false,"template":"","format":"standard","meta":{"footnotes":""},"categories":[12],"tags":[23,28,29,32,33,22,30,31,35,39,38,36,37,34,40,20,26,27,183,1288,24,25,21],"class_list":{"0":"post-90846","1":"post","2":"type-post","3":"status-publish","4":"format-standard","5":"has-post-thumbnail","7":"category-latvija","8":"tag-aktualitates","9":"tag-breaking-news","10":"tag-breakingnews","11":"tag-featured-news","12":"tag-featurednews","13":"tag-headlines","14":"tag-latest-news","15":"tag-latestnews","16":"tag-latvia","17":"tag-latvian","18":"tag-latviesu","19":"tag-latviesu-valoda","20":"tag-latviesuvaloda","21":"tag-latvija","22":"tag-lv","23":"tag-news","24":"tag-popularakas-zinas","25":"tag-popularakaszinas","26":"tag-slimnica","27":"tag-slimnicas","28":"tag-top-stories","29":"tag-topstories","30":"tag-zinas"},"share_on_mastodon":{"url":"https:\/\/pubeurope.com\/@lv\/115814066277799058","error":""},"_links":{"self":[{"href":"https:\/\/www.europesays.com\/lv\/wp-json\/wp\/v2\/posts\/90846","targetHints":{"allow":["GET"]}}],"collection":[{"href":"https:\/\/www.europesays.com\/lv\/wp-json\/wp\/v2\/posts"}],"about":[{"href":"https:\/\/www.europesays.com\/lv\/wp-json\/wp\/v2\/types\/post"}],"author":[{"embeddable":true,"href":"https:\/\/www.europesays.com\/lv\/wp-json\/wp\/v2\/users\/2"}],"replies":[{"embeddable":true,"href":"https:\/\/www.europesays.com\/lv\/wp-json\/wp\/v2\/comments?post=90846"}],"version-history":[{"count":0,"href":"https:\/\/www.europesays.com\/lv\/wp-json\/wp\/v2\/posts\/90846\/revisions"}],"wp:featuredmedia":[{"embeddable":true,"href":"https:\/\/www.europesays.com\/lv\/wp-json\/wp\/v2\/media\/84657"}],"wp:attachment":[{"href":"https:\/\/www.europesays.com\/lv\/wp-json\/wp\/v2\/media?parent=90846"}],"wp:term":[{"taxonomy":"category","embeddable":true,"href":"https:\/\/www.europesays.com\/lv\/wp-json\/wp\/v2\/categories?post=90846"},{"taxonomy":"post_tag","embeddable":true,"href":"https:\/\/www.europesays.com\/lv\/wp-json\/wp\/v2\/tags?post=90846"}],"curies":[{"name":"wp","href":"https:\/\/api.w.org\/{rel}","templated":true}]}}