{"id":90847,"date":"2025-12-31T11:59:22","date_gmt":"2025-12-31T11:59:22","guid":{"rendered":"https:\/\/www.europesays.com\/lv\/90847\/"},"modified":"2025-12-31T11:59:22","modified_gmt":"2025-12-31T11:59:22","slug":"foto-un-video-pasvaldiba-apkopojusi-padarito-2025-gada-kads-bijis-aizejosais-gads-bauskas-novada","status":"publish","type":"post","link":"https:\/\/www.europesays.com\/lv\/90847\/","title":{"rendered":"FOTO un VIDEO: Pa\u0161vald\u012bba apkopojusi padar\u012bto 2025. gad\u0101. K\u0101ds bijis aizejo\u0161ais gads Bauskas novad\u0101?"},"content":{"rendered":"<p>                        <img fetchpriority=\"high\" decoding=\"async\" width=\"1024\" height=\"434\" src=\"https:\/\/www.europesays.com\/lv\/wp-content\/uploads\/2025\/12\/ai-generated-9213515_1280-1024x434.png\" alt=\"\" class=\"wp-image-1088660\"  \/>Att\u0113ls no pixabay.com<\/p>\n<p>Bauskas novada pa\u0161vald\u012bba izveidojusi p\u0101rskatu par aizejo\u0161aj\u0101, 2025.\u00a0gad\u0101 pa\u0161vald\u012bbas inici\u0113tiem, r\u012bkotiem notikumiem, paveiktiem darbiem. Bauskas novadam \u0161is gads nesis daudz p\u0101rmai\u0146u. No v\u0113rien\u012bgiem b\u016bvprojektiem un za\u013c\u0101s dom\u0101\u0161anas l\u012bdz jaun\u0101m iniciat\u012bv\u0101m un kopienas sp\u0113ka stiprin\u0101\u0161anai, k\u0101 atz\u012bst pa\u0161vald\u012bb\u0101, \u2013 ir paveikts daudz.<\/p>\n<p>        Dz\u012bvesvides att\u012bst\u012bba un uz\u0146\u0113m\u0113jdarb\u012bbas veicin\u0101\u0161ana<\/p>\n<ul class=\"wp-block-list\">\n<li>Apstiprin\u0101ts Bauskas novada teritorijas pl\u0101nojums \u2013 noz\u012bm\u012bgs pl\u0101no\u0161anas dokuments, kur\u0161 aptver novada att\u012bst\u012bbas perspekt\u012bvas un iez\u012bm\u0113 skaidru n\u0101kotnes v\u012bziju gan uz\u0146\u0113m\u0113jiem, gan iedz\u012bvot\u0101jiem. Dokuments nos\u016bt\u012bts atzinuma snieg\u0161anai Vides aizsardz\u012bbas un re\u0123ion\u0101l\u0101s att\u012bst\u012bbas ministrijai.<\/li>\n<li>2025. gad\u0101 Bauskas novad\u0101 \u012bstenoti vair\u0101k nek\u0101 20 da\u017e\u0101da m\u0113roga autoce\u013cu un ielu atjauno\u0161anas un p\u0101rb\u016bves projekti. Darbi norisin\u0101s gan pils\u0113t\u0101s, gan pagastos \u2013 no virsmas apstr\u0101des l\u012bdz piln\u012bgai p\u0101rb\u016bvei.<br \/>Ekspluat\u0101cij\u0101 nodoti vair\u0101ki priorit\u0101rie objekti. Bausk\u0101 \u012bstenots apjom\u012bgais Sal\u0101tu ielas p\u0101rb\u016bves projekts, veikta D\u0101rza ielas p\u0101rb\u016bve no Bir\u017eu ielas l\u012bdz pils\u0113tas robe\u017eai, Pilskalna ielas II posma b\u016bvniec\u012bba no Sal\u0101tu ielas l\u012bdz Robe\u017eu ielai ar piesl\u0113gumu pie Za\u013c\u0101s ielas, pabeigta Maz\u0101s ielas p\u0101rb\u016bve, savuk\u0101rt Vecumniekos tiek p\u0101rb\u016bv\u0113ta Jaun\u0101 iela.<\/li>\n<\/ul>\n<p><img decoding=\"async\" src=\"https:\/\/www.europesays.com\/lv\/wp-content\/uploads\/2025\/12\/Sal\u0101tu iela atjauno\u0161ana.jpg\" alt=\"Sal\u0101tu iela Bausk\u0101 p\u0113c atjauno\u0161anas\"\/><\/p>\n<p>\u00a0Sal\u0101tu iela Bausk\u0101 p\u0113c atjauno\u0161anas. Foto \u2013 bauskasnovads.lv<\/p>\n<ul class=\"wp-block-list\">\n<li>Realiz\u0113ti vair\u0101ki viet\u0113j\u0101s noz\u012bmes projekti \u2013 izveidoti b\u0113rnu sp\u0113\u013cu un aktivit\u0101\u0161u laukumi Uzvar\u0101, P\u0101c\u0113, \u012asl\u012bc\u0113 un R\u012btausmu ciem\u0101.<\/li>\n<li>\u0160ogad Bausk\u0101, Ceri\u0146u iel\u0101 8, top jauns zemas \u012bres maksas daudzdz\u012bvok\u013cu nams, kur\u0101 no 1. apr\u012b\u013ca aicin\u0101ti pieteikties kvalific\u0113ti speci\u0101listi. Sadarb\u012bba ar att\u012bst\u012bt\u0101jiem virz\u012bta t\u0101, lai dr\u012bzum\u0101 uzs\u0101ktu l\u012bdz\u012bgu \u012bres nama b\u016bvniec\u012bbu Iecavas pils\u0113t\u0101.<\/li>\n<li>Akt\u012bvi aizrit\u0113jis tre\u0161ais gads projekt\u0101 \u201cOwnYourSECAP\u201c, kur\u0101 Bauskas novada pa\u0161vald\u012bba \u012bsteno noz\u012bm\u012bgus pas\u0101kumus klimata p\u0101rmai\u0146u mazin\u0101\u0161anai: elektroauto uzl\u0101des staciju izveide, ielu apgaismojuma nomai\u0146a vis\u0101 novad\u0101 un pa\u0161vald\u012bbas \u0113ku atjauno\u0161ana. Parakst\u012bts l\u012bgums par inovat\u012bvu apgaismojuma risin\u0101jumu ievie\u0161anu.<\/li>\n<li>Lai uzlabotu redzam\u012bbu diennakts tum\u0161aj\u0101 laik\u0101, veikta Lauku un B\u0113rzu ielas apgaismojuma izb\u016bve Iecavas pils\u0113t\u0101, uzs\u0101kti J\u0101\u0146up\u012btes ielas apgaismojuma b\u016bvdarbi Iecavas pagasta Dimzukaln\u0101, k\u0101 ar\u012b Pionieru un Zemga\u013cu iel\u0101 Bausk\u0101.<\/li>\n<li>Labiek\u0101rtota Iecavas pils\u0113tas skeitparkam piegulo\u0161\u0101 teritorija Sporta iel\u0101.<\/li>\n<li>Main\u012bju\u0161ies ne tikai pils\u0113tu vaibsti. Vair\u0101kas ielas novada teritorij\u0101 ieguvu\u0161as jaunu nosaukumu: Pu\u0161kina iela Iecav\u0101 nu ir Estr\u0101des iela; \u012asl\u012bces pagasta B\u0113rzu ciem\u0101 Ernesta Kapkalna ielai apstiprin\u0101ts jauns nosaukums \u2013 D\u0101rza iela; Skaistkaln\u0113 Slimn\u012bcas iela p\u0101rd\u0113v\u0113ta par Bazn\u012bcas ielu.\u00a0<\/li>\n<li>Daudz darba ieguld\u012bts, sagatavojot akt\u012bv\u0101s atp\u016btas parka, Pilskalna parka un amatu m\u0101jas izveides projektus, kurus Bausk\u0101 pl\u0101nots \u012bstenot n\u0101kamgad.<\/li>\n<li>\u200b\u200b\u200b30. janv\u0101r\u012b Pilsrund\u0101l\u0113 svin\u012bgi atkl\u0101ts t\u016brisma un uz\u0146\u0113m\u0113jdarb\u012bbas atbalsta centrs \u201cRund\u0101les Avoti\u201d. \u0160\u012b vieta k\u013cuvusi par rado\u0161u ideju un viet\u0113jo uz\u0146\u0113m\u0113ju darb\u012bbas centru, pied\u0101v\u0101jot pla\u0161as iesp\u0113jas att\u012bst\u012bbai, sadarb\u012bbai un iedvesmai. Aizs\u0101kta m\u0101jra\u017eot\u0101ju un amatnieku tirdzi\u0146u organiz\u0113\u0161ana, lai pulc\u0113tu viet\u0113jos ra\u017eot\u0101jus un pirc\u0113jus, k\u0101 ar\u012b piesaist\u012btu Rund\u0101les pils apmekl\u0113t\u0101jus un ce\u013cot\u0101jus no visas Latvijas.<\/li>\n<\/ul>\n<p><img decoding=\"async\" src=\"https:\/\/www.europesays.com\/lv\/wp-content\/uploads\/2025\/12\/Rund\u0101les Avoti.jpg\" alt=\"Rund\u0101les avoti\"\/><\/p>\n<p>\u00a0\u201cRund\u0101les Avoti\u201d \u2013 m\u0101jvieta uz\u0146\u0113m\u0113jdarb\u012bbas atbalstam un t\u016brisma inform\u0101cijas punktam. Foto \u2013 bauskasnovads.lv<\/p>\n<ul class=\"wp-block-list\">\n<li>Pa\u0161vald\u012bba akt\u012bvi iesaist\u012bjusies Rail Baltica trases risin\u0101jumu apsprie\u0161an\u0101, lai mazin\u0101tu ietekmi uz ce\u013cu kvalit\u0101ti un iedz\u012bvot\u0101ju ikdienu.<\/li>\n<\/ul>\n<p>Izgl\u012bt\u012bbas vides att\u012bst\u012bba<\/p>\n<ul class=\"wp-block-list\">\n<li>Gads ies\u0101k\u0101s ar sv\u0113tku br\u012bdi \u2013 17. janv\u0101r\u012b durvis v\u0113ra Vecumnieku vidusskolas jaun\u0101 \u0113ka. T\u0101 augstu nov\u0113rt\u0113ta konkurs\u0101 \u201cGada lab\u0101k\u0101 b\u016bve Latvij\u0101 2024\u201d, ieg\u016bstot 3. vietu nomin\u0101cij\u0101 \u201cPubliska jaunb\u016bve\u201d un k\u013c\u016bstot par sabiedr\u012bbas balsojuma uzvar\u0113t\u0101ju.<\/li>\n<\/ul>\n<p><img decoding=\"async\" src=\"https:\/\/www.europesays.com\/lv\/wp-content\/uploads\/2025\/12\/Vecumnieku vidusskola.jpg\" alt=\"Vecumnieku vidusskola p\u0113c p\u0101rb\u016bves\"\/>Vecumnieku vidusskola p\u0113c p\u0101rb\u016bves. Foto \u2013 bauskasnovads.lv<\/p>\n<p>\u00a0Sadarb\u012bb\u0101 ar Vied\u0101s administr\u0101cijas un re\u0123ion\u0101l\u0101s att\u012bst\u012bbas ministriju (VARAM), projekt\u0101 \u201cSabiedr\u012bbas digit\u0101lo prasmju att\u012bst\u012bba\u201d pa\u0161vald\u012bba ir uzs\u0101kusi digit\u0101lo prasmju izgl\u012bt\u012bbas programmu, lai att\u012bst\u012btu iedz\u012bvot\u0101ju digit\u0101l\u0101s pa\u0161apkalpo\u0161an\u0101s prasmes un kompetences. L\u012bdz gada nogalei noorganiz\u0113tas 42 apm\u0101c\u012bbu grupas, kur\u0101s m\u0101c\u012bju\u0161ies un apliec\u012bbas ieguvu\u0161i 319 iedz\u012bvot\u0101ji.<\/p>\n<ul class=\"wp-block-list\">\n<li>Uzs\u0101kta v\u0113rien\u012bga Eiropas Savien\u012bbas fonda projekta \u012bsteno\u0161ana \u2013 Me\u017eotnes pamatskol\u0101 top moderna m\u0101c\u012bbu vide speci\u0101l\u0101s izgl\u012bt\u012bbas programmu nodro\u0161in\u0101\u0161anai, p\u0101rb\u016bv\u0113jot eso\u0161o \u0113ku un izb\u016bv\u0113jot intern\u0101ta pieb\u016bvi l\u012bdz 60 viet\u0101m. Tas noz\u012bm\u0113 vienas, bet piln\u012bb\u0101 apr\u012bkotas speci\u0101l\u0101s izgl\u012bt\u012bbas iest\u0101des izveidi novad\u0101.<\/li>\n<\/ul>\n<p>Sabiedr\u012bbas l\u012bdzdal\u012bbas veicin\u0101\u0161ana un kopienu iniciat\u012bvu atbalsts<\/p>\n<ul class=\"wp-block-list\">\n<li>Sabiedrisk\u0101s organiz\u0101cijas ar pa\u0161vald\u012bbas pie\u0161\u0137irto 50 352,74\u00a0EUR atbalstu \u012bstenoju\u0161as 27 projektus kult\u016bras, soci\u0101laj\u0101, sporta, jaunatnes, vesel\u012bbas veicin\u0101\u0161anas un kopienas stiprin\u0101\u0161anas jom\u0101. Tie stiprin\u0101ju\u0161i saikni ar kult\u016bras mantojumu, att\u012bst\u012bju\u0161i talantus, stiprin\u0101ju\u0161i vesel\u012bbu, veicin\u0101ju\u0161i l\u012bdzdal\u012bbu, sniegu\u0161i gan praktiskus ieguvumus un zin\u0101\u0161anas, gan emocion\u0101lu piepild\u012bjumu. \u200b\u200b\u200b\u200b\u200b\u200b\u200b\u200b\u200b\u200b\u200b\u200b\u200b\u200b<\/li>\n<\/ul>\n<p><img decoding=\"async\" src=\"https:\/\/www.europesays.com\/lv\/wp-content\/uploads\/2025\/12\/Sabiedrisko organiz\u0101ciju projekti.jpg\" alt=\"Sabiedrisko organiz\u0101ciju projekti\"\/><\/p>\n<ul class=\"wp-block-list\">\n<li>Sabiedr\u012bbas l\u012bdzdal\u012bba stiprin\u0101ta divos Sadarb\u012bbas tilta pas\u0101kumos mart\u0101 un \u00a0oktobr\u012b. Kop\u0101 ar iedz\u012bvot\u0101ju padom\u0113m aizvad\u012btas v\u0113rt\u012bgas sarunas un dal\u012b\u0161an\u0101s pieredz\u0113, lai pamaz\u0101m bru\u0123\u0113tu celi\u0146u uz efekt\u012bv\u0101ku kopdarbu kopienas lab\u0101. \u00a0Savuk\u0101rt janv\u0101r\u012b uz ikgad\u0113jo pas\u0101kumu \u201cVair\u0101k jaudas\u201d pulc\u0113j\u0101s novada akt\u012bvie, rado\u0161ie un daro\u0161ie iedz\u012bvot\u0101ji, kas, iesaistoties pa\u0161vald\u012bbas projektu konkursos, \u012bsteno v\u0113rt\u012bgas iniciat\u012bvas.<\/li>\n<li>Otro gadu pa\u0161vald\u012bba r\u012bkoja l\u012bdzdal\u012bbas bud\u017eeta projektu konkursu, ar pieejamo finans\u0113jumu 158 801 EUR aicinot iedz\u012bvot\u0101jus akt\u012bvi iesaist\u012bties savas apk\u0101rtnes att\u012bst\u012bb\u0101. Balsojumam tika nodotas 12 projektu idejas, un n\u0101kamgad tiks \u012bstenoti pieci uzvar\u0113t\u0101jprojekti \u2013 katr\u0101 apvien\u012bb\u0101 pa vienam: Bauskas apvien\u012bb\u0101 \u201cStr\u012btbola laukuma izveide Uzvaras ciem\u0101\u201d; Bauskas pils\u0113t\u0101 \u201cPiknika vietas ier\u012bko\u0161anu Tilta iel\u0101\u201d; Vecumnieku apvien\u012bb\u0101 \u201cValles ciema atp\u016btas zonas labiek\u0101rto\u0161ana pie Valles d\u012b\u0137a\u201d; Rund\u0101les apvien\u012bb\u0101 \u201cNo grantsbedres par parku\u201d; Iecavas apvien\u012bb\u0101 \u201cSu\u0146u pastaigu laukuma izveide Iecav\u0101\u201d.<\/li>\n<li>Pa\u0161vald\u012bba iesaist\u012bjusies projekt\u0101 \u2018\u2018Demokr\u0101tija s\u0101kas \u0123imen\u0113\u2019\u2019. 7. j\u016bnij\u0101, pa\u0161vald\u012bbu v\u0113l\u0113\u0161anu dien\u0101, b\u0113rni un jaunie\u0161i tika aicin\u0101ti balsot par sev saisto\u0161\u0101m t\u0113m\u0101m.\u200b\u200b\u200b\u200b\u200b\u200b\u200b<\/li>\n<\/ul>\n<p><img decoding=\"async\" src=\"https:\/\/www.europesays.com\/lv\/wp-content\/uploads\/2025\/12\/Demokr\u0101tija s\u0101kas \u0123imen\u0113_0.jpg\" alt=\"Pilsonisko l\u012bdzdal\u012bbu veicinot, 7. j\u016bnij\u0101 Bauskas novada pa\u0161vald\u012bb\u0101 23 v\u0113l\u0113\u0161anu iecirk\u0146os notika ar\u012b v\u0113l\u0113\u0161anas b\u0113rniem un jaunie\u0161iem\"\/>Pilsonisko l\u012bdzdal\u012bbu veicinot, 7. j\u016bnij\u0101 Bauskas novada pa\u0161vald\u012bb\u0101 23 v\u0113l\u0113\u0161anu iecirk\u0146os notika ar\u012b v\u0113l\u0113\u0161anas b\u0113rniem un jaunie\u0161iem. Foto \u2013 bauskasnovads.lv<\/p>\n<p>Vesel\u012bba un soci\u0101l\u0101 labkl\u0101j\u012bba\u200b\u200b\u200b\u200b\u200b\u200b\u200b<\/p>\n<ul class=\"wp-block-list\">\n<li>B\u016btisks uzr\u0101viens vesel\u012bbas apr\u016bpes pakalpojumu stiprin\u0101\u0161an\u0101. Bauskas slimn\u012bca nosvin\u0113jusi savu 185. gadadienu ar liel\u0101m cer\u012bb\u0101m raug\u0101s n\u0101kotn\u0113. Ir piesaist\u012bti 10 jauni rezidenti, ieg\u0101d\u0101ta jauna un m\u016bsdien\u012bga datortomogr\u0101fijas iek\u0101rta. Uzs\u0101kta m\u016bsdien\u012bgas uz\u0146em\u0161anas noda\u013cas un funkcion\u0101l\u0101s diagnostikas telpu b\u016bvniec\u012bba. Ar ES atbalstu s\u0101kts \u0123imenes vesel\u012bbas centru att\u012bst\u012bbas projekts Bausk\u0101 un Iecav\u0101.<\/li>\n<li>Gada s\u0101kum\u0101 uzs\u0101kts projekts \u201cSabiedr\u012bb\u0101 balst\u012btu soci\u0101lo pakalpojumu pieejam\u012bbas palielin\u0101\u0161ana Bauskas novad\u0101\u201d. Gads pag\u0101jis akt\u012bvi str\u0101d\u0101jot pie infrastrukt\u016bras izveides, lai papla\u0161in\u0101tu pakalpojumus b\u0113rniem ar funkcion\u0101liem trauc\u0113jumiem Iecav\u0101 un Vecumniekos. Projekts turpina deinstitucionaliz\u0101cijas projekt\u0101 ies\u0101kto virz\u012bbu soci\u0101lo pakalpojumu pilnveid\u0113.<\/li>\n<li>Atbalsts aud\u017eu\u0123imen\u0113m: apstiprin\u0101ti jauni saisto\u0161ie noteikumi, kas paredz b\u016btiskus uzlabojumus un papla\u0161in\u0101tu atbalstu aud\u017eu\u0123imen\u0113m un \u0101rpus\u0123imenes apr\u016bp\u0113 eso\u0161ajiem b\u0113rniem.\u200b\u200b\u200b\u200b\u200b\u200b\u200b<\/li>\n<\/ul>\n<p><img decoding=\"async\" src=\"https:\/\/www.europesays.com\/lv\/wp-content\/uploads\/2025\/12\/Katram mazam putni\u0146am.jpg\" alt=\"Gada nogal\u0113 pas\u0101kum\u0101 \u201cKatram mazam putni\u0146am\u201d pa\u0161vald\u012bba sirsn\u012bgi pateic\u0101s aud\u017eu\u0123imen\u0113m par ieguld\u012bto sirdsdarbu.\"\/><\/p>\n<p>\u00a0Gada nogal\u0113 pas\u0101kum\u0101 \u201cKatram mazam putni\u0146am\u201d pa\u0161vald\u012bba sirsn\u012bgi pateic\u0101s aud\u017eu\u0123imen\u0113m par ieguld\u012bto sirdsdarbu. Foto \u2013 bauskasnovads.lv<\/p>\n<ul class=\"wp-block-list\">\n<li>Maij\u0101 uzs\u0101kta divu \u0113ku b\u016bvniec\u012bba Saulain\u0113, kur pl\u0101nots sniegt \u0123imeniskai videi pietuvin\u0101tu ilgsto\u0161as apr\u016bpes pakalpojumu pensijas vecuma cilv\u0113kiem. Seniori var\u0113s sa\u0146emt apr\u016bpi, dz\u012bvojot neliel\u0101s grup\u0101s m\u0101j\u012bg\u0101 un vi\u0146u vajadz\u012bb\u0101m piel\u0101got\u0101 vid\u0113.<\/li>\n<\/ul>\n<p>Pa\u0161vald\u012bbas p\u0101rvald\u012bba un pakalpojumu pieejam\u012bba<\/p>\n<ul class=\"wp-block-list\">\n<li>30. maij\u0101 durvis v\u0113ra pieci jauni Valsts un pa\u0161vald\u012bbas vienoto klientu apkalpo\u0161anas centru (VPVKAC) kontaktpunkti Vecsaul\u0113, \u012asl\u012bc\u0113, Me\u017eotn\u0113, D\u0101vi\u0146os un Brunav\u0101, padarot pakalpojumus pieejam\u0101kus iedz\u012bvot\u0101jiem.<\/li>\n<li>J\u016bnij\u0101 novada pa\u0161vald\u012bb\u0101 s\u0101cies jauns posms ar jauniev\u0113l\u0113tu domes sast\u0101vu un m\u0113r\u0137i nodro\u0161in\u0101t caurskat\u0101m\u0101ku, skaidr\u0101ku un efekt\u012bv\u0101ku p\u0101rvald\u012bbu. \u0160ogad main\u012bju\u0161ies ar\u012b vair\u0101ku iest\u0101\u017eu vad\u012bt\u0101ji. \u200b\u200b\u200b\u200b\u200b\u200b\u200b<\/li>\n<\/ul>\n<p><img decoding=\"async\" src=\"https:\/\/www.europesays.com\/lv\/wp-content\/uploads\/2025\/12\/Pirm\u0101 s\u0113de.jpg\" alt=\"Bauskas novada domes jaun\u0101 sasaukuma pirm\u0101 s\u0113de.\"\/><\/p>\n<p>Bauskas novada domes jaun\u0101 sasaukuma pirm\u0101 s\u0113de.\u00a0Foto \u2013 bauskasnovads.lv<\/p>\n<ul class=\"wp-block-list\">\n<li>No da\u017eiem notikumiem g\u016btas r\u016bgtas m\u0101c\u012bbas. Piedz\u012bvot\u0101s situ\u0101cijas atg\u0101din\u0101ju\u0161as, cik b\u016btiski ir nep\u0101rtraukti pilnveidot prasmes un r\u012bc\u012bbu kr\u012bzes br\u012b\u017eos. Vienlaikus \u012bpa\u0161i nov\u0113rt\u0113jam tos kol\u0113\u0123us, kuri ik dienu str\u0101d\u0101 atbild\u012bgi un uztur augstu profesion\u0101lo lati\u0146u.<\/li>\n<\/ul>\n<p>Kult\u016bra un t\u016brisms<\/p>\n<ul class=\"wp-block-list\">\n<li>Ne vien uzs\u0101ktas jaunas iniciat\u012bvas, bet r\u016bp\u012bgi koptas ar\u012b sen\u0101s trad\u012bcijas. Febru\u0101r\u012b Bauskas novads uz\u0146\u0113ma XXVI Starptautisko Masku trad\u012bciju festiv\u0101lu. Vasar\u0101 62 kolekt\u012bvi p\u0101rst\u0101v\u0113ja Bauskas novadu XIII Latvijas Skolu jaunatnes dziesmu un deju sv\u0113tkos. Bauskas novada sv\u0113tkus \u2018\u2019Zem zelta ozola zariem\u2019\u2019 \u0161ogad svin\u0113j\u0101m 19. j\u016blij\u0101 Vecumniekos \u2013 viet\u0101, kur m\u0101jo Liliju st\u0101sti.\u200b\u200b\u200b\u200b\u200b\u200b\u200b<\/li>\n<\/ul>\n<p><img decoding=\"async\" src=\"https:\/\/www.europesays.com\/lv\/wp-content\/uploads\/2025\/12\/Starptautiskais masku festiv\u0101ls.jpg\" alt=\"Zemgales bud\u0113\u013ci un pelnu \u0101\u017ei, Kurzemes \u0137ekatas un mie\u017evilki, Vidzemes dievi\u0146i, Latgales Z\u012bmyssv\u0101tku \u010dyguoni un citi starptautiskaj\u0101 masku trad\u012bciju festiv\u0101l\u0101 Bauskas novad\u0101.\" style=\"width:800px;height:auto\"\/>Zemgales bud\u0113\u013ci un pelnu \u0101\u017ei, Kurzemes \u0137ekatas un mie\u017evilki, Vidzemes dievi\u0146i, Latgales Z\u012bmyssv\u0101tku \u010dyguoni un citi starptautiskaj\u0101 masku trad\u012bciju festiv\u0101l\u0101 Bauskas novad\u0101.\u00a0Foto \u2013 bauskasnovads.lv<\/p>\n<p>Iecavas park\u0101 atkl\u0101ts za\u013cais labirints, kas ataino sen\u0101s mui\u017eas kont\u016bras. Bauskas novada T\u016brisma inform\u0101cijas centr\u0101 uzst\u0101d\u012bts moderns, ar sk\u0101rienjut\u012bgu ekr\u0101nu apr\u012bkots digit\u0101lais inform\u0101cijas stends, kas apmekl\u0113t\u0101jiem pied\u0101v\u0101 unik\u0101lu iesp\u0113ju \u2013 iepaz\u012bt Bauskas novada v\u0113sturi un kult\u016brv\u0113sturiskos objektus caur izzino\u0161\u0101m sp\u0113l\u0113m un interakt\u012bvu pieredzi. \u0160oruden nosl\u0113gu\u0161ies zieme\u013cu ieejas atjauno\u0161anas darbi Me\u017eotnes pilskaln\u0101, kas apmekl\u0113t\u0101jiem sniedz pla\u0161\u0101kas iesp\u0113jas izprast sen\u0101 nocietin\u0101juma aizsardz\u012bbas sist\u0113mu. P\u0101ri v\u0113sturiskajai ieejai pilskalna zieme\u013cu pus\u0113 izb\u016bv\u0113ts g\u0101j\u0113ju tilts, kas savieno aizsargva\u013c\u0146a abas da\u013cas.\u200b\u200b\u200b\u200b\u200b\u200b\u200b<\/p>\n<p>        <img decoding=\"async\" src=\"https:\/\/www.europesays.com\/lv\/wp-content\/uploads\/2025\/12\/Iecavas za\u013cais labirints.jpg\" alt=\"Za\u013cais labirints Iecavas mui\u017eas park\u0101 ataino sen\u0101s mui\u017eas pils un t\u0101s telpu kont\u016bras. \"\/><\/p>\n<p>Za\u013cais labirints Iecavas mui\u017eas park\u0101 ataino sen\u0101s mui\u017eas pils un t\u0101s telpu kont\u016bras.\u00a0\u200b\u200b\u200b\u200b\u200b\u200b\u200bFoto \u2013 bauskasnovads.lv<\/p>\n<ul class=\"wp-block-list\">\n<li>2025. gad\u0101 sa\u0146emts daudz pieteikumu pa\u0161vald\u012bbas apbalvojumiem. Tas apliecina, ka mums l\u012bdz\u0101s ir daudz cilv\u0113ku, kuru darbs un sirdsdegsme dara Bauskas novadu stipru. Jaukt\u0101 kora \u201cMe\u017eotne\u201d m\u0101ksliniecisk\u0101 vad\u012bt\u0101ja un diri\u0123ente M\u0101r\u012bte Jonkus un <a>Latvijas Multipl\u0101s sklerozes asoci\u0101cijas Bauskas noda\u013cas vad\u012bt\u0101ja<\/a> \u017denija Stunda apbalvotas pa\u0161vald\u012bbas augst\u0101ko apbalvojumu \u201cZelta ozols\u201d.<\/li>\n<\/ul>\n<p>Pa\u0161vald\u012bbas v\u0113l\u0113jums 2026. gadam<\/p>\n<p>St\u0101vot uz jaun\u0101 gada sliek\u0161\u0146a, m\u0113s bie\u017ei l\u016bkojamies zvaigzn\u0113s, lai saprastu, ko t\u0101s mums sola. Run\u0101, ka n\u0101kamais b\u016bs Ugun\u012bg\u0101 Zirga gads. Mums t\u0101 ir z\u012bme, ka \u0161is b\u016bs m\u016bsu gads! Vai zin\u0101j\u0101t, ka esam viens no pieciem novadiem Latvij\u0101, kuros re\u0123istr\u0113ts visvair\u0101k zirgu? * Tas noz\u012bm\u0113, ka Ugun\u012bg\u0101 Zirga ener\u0123ija mums nav nekas sve\u0161s, te vi\u0146us audz\u0113 ar m\u012blest\u012bbu.<\/p>\n<p>\u200bK\u0101ds vecs v\u012brs reiz teicis: \u200b\u201dM\u016bsu pus\u0113 vien\u012bg\u0101 at\u0161\u0137ir\u012bba starp d\u0101rgu auto un labu zirgu ir t\u0101da: ja tu savam auto ie\u010duksti aus\u012b, cik tas ir skaists un stiprs, tas vienalga nepaliks priec\u012bg\u0101ks un \u0101tr\u0101k nebrauks. Bet m\u016bs\u0113jie zirgi \u2013 tie saprot!\u201d \u200bT\u0101p\u0113c jaunaj\u0101 gad\u0101 visiem nov\u0113lam tie\u0161i \u0161o zirga sp\u0113ku \u2013 ne to, kur\u0161 m\u0113r\u0101ms dzel\u017eos, bet to, kas m\u012bt sird\u012b.<\/p>\n<p>Lai mums ir (zirga) iztur\u012bba, p\u0101rvarot \u0161\u0137\u0113r\u0161\u013cus ikdien\u0101, saglab\u0101jam staltu st\u0101ju gr\u016bt\u012bb\u0101s un lai m\u0113s vienm\u0113r tur\u0113tos seglos \u2013 gan tie\u0161\u0101, gan p\u0101rnest\u0101 noz\u012bm\u0113! \u200bLai pakavi ienes laimi katr\u0101 m\u0101j\u0101!<\/p>\n<p>Avots: <a href=\"http:\/\/bauskasnovads.lv\" rel=\"nofollow noopener\" target=\"_blank\">bauskasnovads.lv<\/a><\/p>\n<p>Video autors: Bauskas novada pa\u0161vald\u012bba<\/p>\n","protected":false},"excerpt":{"rendered":"Att\u0113ls no pixabay.com Bauskas novada pa\u0161vald\u012bba izveidojusi p\u0101rskatu par aizejo\u0161aj\u0101, 2025.\u00a0gad\u0101 pa\u0161vald\u012bbas inici\u0113tiem, r\u012bkotiem notikumiem, paveiktiem darbiem. Bauskas&hellip;\n","protected":false},"author":2,"featured_media":90848,"comment_status":"","ping_status":"","sticky":false,"template":"","format":"standard","meta":{"footnotes":""},"categories":[5],"tags":[23,28,29,32,33,22,30,31,35,39,38,36,37,34,40,20,26,27,24,25,21],"class_list":{"0":"post-90847","1":"post","2":"type-post","3":"status-publish","4":"format-standard","5":"has-post-thumbnail","7":"category-aktualitates","8":"tag-aktualitates","9":"tag-breaking-news","10":"tag-breakingnews","11":"tag-featured-news","12":"tag-featurednews","13":"tag-headlines","14":"tag-latest-news","15":"tag-latestnews","16":"tag-latvia","17":"tag-latvian","18":"tag-latviesu","19":"tag-latviesu-valoda","20":"tag-latviesuvaloda","21":"tag-latvija","22":"tag-lv","23":"tag-news","24":"tag-popularakas-zinas","25":"tag-popularakaszinas","26":"tag-top-stories","27":"tag-topstories","28":"tag-zinas"},"share_on_mastodon":{"url":"https:\/\/pubeurope.com\/@lv\/115814069991388037","error":""},"_links":{"self":[{"href":"https:\/\/www.europesays.com\/lv\/wp-json\/wp\/v2\/posts\/90847","targetHints":{"allow":["GET"]}}],"collection":[{"href":"https:\/\/www.europesays.com\/lv\/wp-json\/wp\/v2\/posts"}],"about":[{"href":"https:\/\/www.europesays.com\/lv\/wp-json\/wp\/v2\/types\/post"}],"author":[{"embeddable":true,"href":"https:\/\/www.europesays.com\/lv\/wp-json\/wp\/v2\/users\/2"}],"replies":[{"embeddable":true,"href":"https:\/\/www.europesays.com\/lv\/wp-json\/wp\/v2\/comments?post=90847"}],"version-history":[{"count":0,"href":"https:\/\/www.europesays.com\/lv\/wp-json\/wp\/v2\/posts\/90847\/revisions"}],"wp:featuredmedia":[{"embeddable":true,"href":"https:\/\/www.europesays.com\/lv\/wp-json\/wp\/v2\/media\/90848"}],"wp:attachment":[{"href":"https:\/\/www.europesays.com\/lv\/wp-json\/wp\/v2\/media?parent=90847"}],"wp:term":[{"taxonomy":"category","embeddable":true,"href":"https:\/\/www.europesays.com\/lv\/wp-json\/wp\/v2\/categories?post=90847"},{"taxonomy":"post_tag","embeddable":true,"href":"https:\/\/www.europesays.com\/lv\/wp-json\/wp\/v2\/tags?post=90847"}],"curies":[{"name":"wp","href":"https:\/\/api.w.org\/{rel}","templated":true}]}}