{"id":90849,"date":"2025-12-31T12:03:06","date_gmt":"2025-12-31T12:03:06","guid":{"rendered":"https:\/\/www.europesays.com\/lv\/90849\/"},"modified":"2025-12-31T12:03:06","modified_gmt":"2025-12-31T12:03:06","slug":"jaungada-naudas-magija-tradicijas-kas-izdzivojusas-gadsimtus-bnn-lv","status":"publish","type":"post","link":"https:\/\/www.europesays.com\/lv\/90849\/","title":{"rendered":"Jaungada \u201cnaudas ma\u0123ija\u201d: trad\u012bcijas, kas izdz\u012bvoju\u0161as gadsimtus &#8211; &#8211; bnn.lv"},"content":{"rendered":"<ol>\n<li><a href=\"https:\/\/news.google.com\/rss\/articles\/CBMiiAFBVV95cUxOcVdQTXh0Mno4andxeXpTYXM1SVp1RFVKZ25MYVQzX0REQkhKcTd1TXpDYUg1RWJORWdFZkltczFZeVgzQm1uNlB2U1M1YUNvUU82MUV5bVJ2bU1WaVpYYzRuaVFvS2p6S2V5M0QzZ01iLTNObGFGMGtESE5VaC1FZGZBUW1DU2V3?oc=5\" target=\"_blank\" rel=\"nofollow noopener\">Jaungada \u201cnaudas ma\u0123ija\u201d: trad\u012bcijas, kas izdz\u012bvoju\u0161as gadsimtus &#8211;<\/a>&nbsp;&nbsp;bnn.lv<\/li>\n<li><a href=\"https:\/\/news.google.com\/rss\/articles\/CBMixwFBVV95cUxQNXE4NE41aVpwM3JGRnlJUXIxM0dvVWhrbHBMTXB6NFBIcUMxb0hXUE91Yk9VMkJZRE9kOVl5Y0h5RTE4VGhwb3J5enhZZUQzZkVSa2hhOS1lbDlVV2dWdEtXOFNmQkRJTk1nbFdPNHYxYzN3OGdvYmphaG9hXzIxWlRHaVQwVnBWaHZJUTRKRzd0NWZaWV9obGNTN19iOHhWcWFvVWRNaHlTdEg5MUdGSXBkbGJCXzdnSmE4LTRITWtmSDVWX1I4?oc=5\" target=\"_blank\" rel=\"nofollow noopener\">Tautas tic\u0113jumi, Jauno gadu sagaidot. Kas j\u0101dara, lai n\u0101kamais gads b\u016btu laim\u012bgs?<\/a>&nbsp;&nbsp;Santa.lv<\/li>\n<li><a href=\"https:\/\/news.google.com\/rss\/articles\/CBMiuwFBVV95cUxQLUxjUmdHd2xtWEhKUDIxdlRnMlRoX1QxLUpYbVFZN0NTbjk1N3ZTVTRWRTBCUTNEbmNWSWVBZVg2dFZUa2RmSzNjMGRkY3I0VklUcTZNYllaY2I4R0hGNlM5RktMNldUdzVjNG5DU012NjZ3ckczUlVjcmxIUUhOLWFWMTVTQWFRaDV5Um1CY19vZVNtRVl5ZFFmd1FpSlZRVDhjZ3pxWUJOVVFJYjNScml5WHpjSjBnbzk4?oc=5\" target=\"_blank\" rel=\"nofollow noopener\">Gadumijas tic\u0113jumi: k\u0101 piesaist\u012bt p\u0101rtic\u012bbu, veiksmi un laimi jaunaj\u0101 gad\u0101<\/a>&nbsp;&nbsp;Lente.lv<\/li>\n<li><a href=\"https:\/\/news.google.com\/rss\/articles\/CBMiswFBVV95cUxNdHoyYUFaRXhnX09ZUV9qWVZ0Uk44V1N1YnZLdjVsak12b3J0MkQxNHVCY01HbGhCakh1TDMxdnM1Y0VTLTVHWFdvd244aFVvQXRyNHFKYVExQU92MmtHeWFPSy0xTVdydWlRVkZUaVJOUFl2WEpzakJOWFU1YXpWMVhQMnZCY3ZkVzQzdHNfMkw0YV9Ka2tkYksxQlhCMWZnaXZJdDhCbHZTNy1sVEpNclhkYw?oc=5\" target=\"_blank\" rel=\"nofollow noopener\">Lai sap\u0146i piepild\u012btos uz 100%: ezot\u0113ri\u0137e atkl\u0101j, k\u0101 pareizi iev\u0113l\u0113ties v\u0113l\u0113\u0161anos Jaungada nakt\u012b<\/a>&nbsp;&nbsp;bnn.lv<\/li>\n<\/ol>\n","protected":false},"excerpt":{"rendered":"Jaungada \u201cnaudas ma\u0123ija\u201d: trad\u012bcijas, kas izdz\u012bvoju\u0161as gadsimtus &#8211;&nbsp;&nbsp;bnn.lv Tautas tic\u0113jumi, Jauno gadu sagaidot. Kas j\u0101dara, lai n\u0101kamais gads&hellip;\n","protected":false},"author":2,"featured_media":90850,"comment_status":"","ping_status":"","sticky":false,"template":"","format":"standard","meta":{"footnotes":""},"categories":[14],"tags":[23,57,28,29,32,33,22,30,31,35,39,38,36,37,34,40,20,26,27,24,25,54,55,56,21,58],"class_list":{"0":"post-90849","1":"post","2":"type-post","3":"status-publish","4":"format-standard","5":"has-post-thumbnail","7":"category-zinas-no-arvalstim","8":"tag-aktualitates","9":"tag-arvalstim","10":"tag-breaking-news","11":"tag-breakingnews","12":"tag-featured-news","13":"tag-featurednews","14":"tag-headlines","15":"tag-latest-news","16":"tag-latestnews","17":"tag-latvia","18":"tag-latvian","19":"tag-latviesu","20":"tag-latviesu-valoda","21":"tag-latviesuvaloda","22":"tag-latvija","23":"tag-lv","24":"tag-news","25":"tag-popularakas-zinas","26":"tag-popularakaszinas","27":"tag-top-stories","28":"tag-topstories","29":"tag-world","30":"tag-world-news","31":"tag-worldnews","32":"tag-zinas","33":"tag-zinas-no-arvalstim"},"share_on_mastodon":{"url":"https:\/\/pubeurope.com\/@lv\/115814085695461943","error":""},"_links":{"self":[{"href":"https:\/\/www.europesays.com\/lv\/wp-json\/wp\/v2\/posts\/90849","targetHints":{"allow":["GET"]}}],"collection":[{"href":"https:\/\/www.europesays.com\/lv\/wp-json\/wp\/v2\/posts"}],"about":[{"href":"https:\/\/www.europesays.com\/lv\/wp-json\/wp\/v2\/types\/post"}],"author":[{"embeddable":true,"href":"https:\/\/www.europesays.com\/lv\/wp-json\/wp\/v2\/users\/2"}],"replies":[{"embeddable":true,"href":"https:\/\/www.europesays.com\/lv\/wp-json\/wp\/v2\/comments?post=90849"}],"version-history":[{"count":0,"href":"https:\/\/www.europesays.com\/lv\/wp-json\/wp\/v2\/posts\/90849\/revisions"}],"wp:featuredmedia":[{"embeddable":true,"href":"https:\/\/www.europesays.com\/lv\/wp-json\/wp\/v2\/media\/90850"}],"wp:attachment":[{"href":"https:\/\/www.europesays.com\/lv\/wp-json\/wp\/v2\/media?parent=90849"}],"wp:term":[{"taxonomy":"category","embeddable":true,"href":"https:\/\/www.europesays.com\/lv\/wp-json\/wp\/v2\/categories?post=90849"},{"taxonomy":"post_tag","embeddable":true,"href":"https:\/\/www.europesays.com\/lv\/wp-json\/wp\/v2\/tags?post=90849"}],"curies":[{"name":"wp","href":"https:\/\/api.w.org\/{rel}","templated":true}]}}