{"id":90851,"date":"2025-12-31T12:04:12","date_gmt":"2025-12-31T12:04:12","guid":{"rendered":"https:\/\/www.europesays.com\/lv\/90851\/"},"modified":"2025-12-31T12:04:12","modified_gmt":"2025-12-31T12:04:12","slug":"vecgada-diena-valdis-sals-un-daudzviet-uzspides-saule-raksts","status":"publish","type":"post","link":"https:\/\/www.europesays.com\/lv\/90851\/","title":{"rendered":"Vecgada dien\u0101 vald\u012bs sals un daudzviet uzsp\u012bd\u0113s saule \/ Raksts"},"content":{"rendered":"<p>Gada p\u0113d\u0113j\u0101 dien\u0101 Latvij\u0101 vald\u012bs sals un daudzviet uzsp\u012bd\u0113s saule, bet valsts austrumos m\u0101ko\u0146i palaikam v\u0113l nes\u012bs sniegu, prognoz\u0113 Latvijas Vides, \u0123eolo\u0123ijas un meteorolo\u0123ijas centrs.\u00a0<\/p>\n<p>Vecgada dien\u0101 p\u016bt\u012bs l\u0113ns l\u012bdz m\u0113rens zieme\u013crietumu, zieme\u013cu v\u0113j\u0161, bet dienas pirmaj\u0101 pus\u0113 l\u012b\u010da piekrast\u0113 br\u0101zmas v\u0113l sasniegs 15 metrus sekund\u0113 (m\/s). Teritorijas liel\u0101kaj\u0101 da\u013c\u0101 termometra stabi\u0146\u0161 nepak\u0101psies virs -4&#8230;-8 gr\u0101du atz\u012bmes, bet piekrastes rajonos gaisa temperat\u016bra b\u016bs -2&#8230;-4 gr\u0101di.\u00a0<\/p>\n<p>Ar\u012b R\u012bg\u0101 dien\u0101 Vecgada dien\u0101 palaikam m\u0101ko\u0146i izkl\u012bd\u012bs un b\u016bs saulains laiks. P\u016bt\u012bs l\u0113ns l\u012bdz m\u0113rens zieme\u013crietumu, zieme\u013cu v\u0113j\u0161, dienas pirmaj\u0101 pus\u0113 v\u0113l br\u0101zm\u0101s l\u012bdz 15\u201316 m\/s. Dienas laik\u0101 gaisa temperat\u016bra paliks nemain\u012bga, saglab\u0101joties -3&#8230;-5 gr\u0101du robe\u017e\u0101s.<\/p>\n<p>                    Valodas k\u013c\u016bda rakst\u0101?<\/p>\n<p class=\"d-none d-md-block\">Iez\u012bm\u0113jiet tekstu un spiediet Ctrl+Enter, lai nos\u016bt\u012btu labojamo teksta fragmentu redaktoram! Par faktu k\u013c\u016bd\u0101m l\u016bdzam zi\u0146ot e-past\u0101 <a href=\"https:\/\/www.lsm.lv\/cdn-cgi\/l\/email-protection\" class=\"__cf_email__\" data-cfemail=\"0a786f6e6b616963606b4a66796724667c\" rel=\"nofollow noopener\" target=\"_blank\">[email\u00a0protected]<\/a>.<\/p>\n<p class=\"d-md-none\">Iez\u012bm\u0113jiet tekstu un spiediet uz Zi\u0146ot par k\u013c\u016bdu pogas, lai nos\u016bt\u012btu labojamo teksta fragmentu redaktoram!<\/p>\n<p>\n                    Zi\u0146ot par k\u013c\u016bdu\n                <\/p>\n","protected":false},"excerpt":{"rendered":"Gada p\u0113d\u0113j\u0101 dien\u0101 Latvij\u0101 vald\u012bs sals un daudzviet uzsp\u012bd\u0113s saule, bet valsts austrumos m\u0101ko\u0146i palaikam v\u0113l nes\u012bs sniegu,&hellip;\n","protected":false},"author":2,"featured_media":90852,"comment_status":"","ping_status":"","sticky":false,"template":"","format":"standard","meta":{"footnotes":""},"categories":[12],"tags":[23,28,29,32,33,22,30,31,35,39,38,36,37,34,40,20,26,27,24,25,21],"class_list":{"0":"post-90851","1":"post","2":"type-post","3":"status-publish","4":"format-standard","5":"has-post-thumbnail","7":"category-latvija","8":"tag-aktualitates","9":"tag-breaking-news","10":"tag-breakingnews","11":"tag-featured-news","12":"tag-featurednews","13":"tag-headlines","14":"tag-latest-news","15":"tag-latestnews","16":"tag-latvia","17":"tag-latvian","18":"tag-latviesu","19":"tag-latviesu-valoda","20":"tag-latviesuvaloda","21":"tag-latvija","22":"tag-lv","23":"tag-news","24":"tag-popularakas-zinas","25":"tag-popularakaszinas","26":"tag-top-stories","27":"tag-topstories","28":"tag-zinas"},"share_on_mastodon":{"url":"https:\/\/pubeurope.com\/@lv\/115814089548970238","error":""},"_links":{"self":[{"href":"https:\/\/www.europesays.com\/lv\/wp-json\/wp\/v2\/posts\/90851","targetHints":{"allow":["GET"]}}],"collection":[{"href":"https:\/\/www.europesays.com\/lv\/wp-json\/wp\/v2\/posts"}],"about":[{"href":"https:\/\/www.europesays.com\/lv\/wp-json\/wp\/v2\/types\/post"}],"author":[{"embeddable":true,"href":"https:\/\/www.europesays.com\/lv\/wp-json\/wp\/v2\/users\/2"}],"replies":[{"embeddable":true,"href":"https:\/\/www.europesays.com\/lv\/wp-json\/wp\/v2\/comments?post=90851"}],"version-history":[{"count":0,"href":"https:\/\/www.europesays.com\/lv\/wp-json\/wp\/v2\/posts\/90851\/revisions"}],"wp:featuredmedia":[{"embeddable":true,"href":"https:\/\/www.europesays.com\/lv\/wp-json\/wp\/v2\/media\/90852"}],"wp:attachment":[{"href":"https:\/\/www.europesays.com\/lv\/wp-json\/wp\/v2\/media?parent=90851"}],"wp:term":[{"taxonomy":"category","embeddable":true,"href":"https:\/\/www.europesays.com\/lv\/wp-json\/wp\/v2\/categories?post=90851"},{"taxonomy":"post_tag","embeddable":true,"href":"https:\/\/www.europesays.com\/lv\/wp-json\/wp\/v2\/tags?post=90851"}],"curies":[{"name":"wp","href":"https:\/\/api.w.org\/{rel}","templated":true}]}}