{"id":90853,"date":"2025-12-31T12:09:07","date_gmt":"2025-12-31T12:09:07","guid":{"rendered":"https:\/\/www.europesays.com\/lv\/90853\/"},"modified":"2025-12-31T12:09:07","modified_gmt":"2025-12-31T12:09:07","slug":"karibu-jura-uz-asv-vajata-tankkuga-uzgleznots-krievijas-karogs","status":"publish","type":"post","link":"https:\/\/www.europesays.com\/lv\/90853\/","title":{"rendered":"Kar\u012bbu j\u016br\u0101 uz ASV vaj\u0101t\u0101 tankku\u0123a uzgleznots Krievijas karogs"},"content":{"rendered":"<p>&#8220;Tas ir p\u0113d\u0113jais pagrieziens d\u012bvainaj\u0101 odisej\u0101, kas s\u0101k\u0101s 21. decembr\u012b, kad ASV krasta apsardze m\u0113\u0123in\u0101ja p\u0101rtvert ku\u0123i &#8220;Bella 1&#8243; Kar\u012bbu j\u016br\u0101 br\u012bd\u012b, kad tas dev\u0101s uz Venecu\u0113lu p\u0113c naftas,&#8221; skaidro amatpersonas.<\/p>\n<p><a href=\"https:\/\/www.apollo.lv\/term\/777538\/tankkugis\" class=\"topicLink\" target=\"_blank\" rel=\"nofollow noopener\">Tankku\u0123is<\/a> kop\u0161 pag\u0101ju\u0161\u0101 gada ir pak\u013cauts ASV sankcij\u0101m par Ir\u0101nas naftas transport\u0113\u0161anu, kas, p\u0113c feder\u0101lo iest\u0101\u017eu teikt\u0101, tiek p\u0101rdota terorisma finans\u0113\u0161anai, nor\u0101d\u012bja &#8220;The New York Times&#8221;.<\/p>\n<p>P\u0113c amatpersonu teikt\u0101, ku\u0123is, iesp\u0113jams, nesen main\u012bjis kursu uz zieme\u013crietumiem, att\u0101linoties no Vidusj\u016bras, un, visticam\u0101k, dodas uz Grenlandi vai Islandi.<\/p>\n<p>Pa\u0161laik tiek uzskat\u012bts, ka tas nep\u0101rvad\u0101 kravu.<\/p>\n<p>Krasta apsardze m\u0113\u0123in\u0101ja p\u0101rtvert ku\u0123i &#8220;Bella 1 Kar\u012bbu j\u016br\u0101&#8221;, p\u0113c tam, kad konstat\u0113ja, ka tas nebrauc ar der\u012bgu valsts karogu, t\u0101p\u0113c tas k\u013c\u016bst par p\u0101rbaudes objektu saska\u0146\u0101 ar starptautiskaj\u0101m ties\u012bb\u0101m. Tom\u0113r ku\u0123is nepak\u013c\u0101v\u0101s un turpin\u0101ja ce\u013cu, un kop\u0161 t\u0101 laika to vaj\u0101 ASV bru\u0146otie sp\u0113ki.<\/p>\n<p>\u0160obr\u012bd ir zin\u0101ms, ka &#8220;Bella 1&#8221; ir da\u013ca no t\u0101 saucam\u0101s \u201cspoku flotes\u201d tankku\u0123iem, kuri p\u0101rvad\u0101 naftu no Krievijas, Ir\u0101nas un Venecu\u0113las, neskatoties uz sankcij\u0101m, ko ieviesu\u0161as ASV un citas valstis. Viena no amatperson\u0101m teica, ka liel\u0101k\u0101 da\u013ca Bella 1 apkalpes locek\u013cu ir no Krievijas, Indijas un Ukrainas.<\/p>\n","protected":false},"excerpt":{"rendered":"&#8220;Tas ir p\u0113d\u0113jais pagrieziens d\u012bvainaj\u0101 odisej\u0101, kas s\u0101k\u0101s 21. decembr\u012b, kad ASV krasta apsardze m\u0113\u0123in\u0101ja p\u0101rtvert ku\u0123i &#8220;Bella&hellip;\n","protected":false},"author":2,"featured_media":90854,"comment_status":"","ping_status":"","sticky":false,"template":"","format":"standard","meta":{"footnotes":""},"categories":[14],"tags":[23,57,63,28,29,32,33,22,234,30,31,35,39,38,36,37,34,40,20,26,27,9846,24,25,54,55,56,21,58],"class_list":{"0":"post-90853","1":"post","2":"type-post","3":"status-publish","4":"format-standard","5":"has-post-thumbnail","7":"category-zinas-no-arvalstim","8":"tag-aktualitates","9":"tag-arvalstim","10":"tag-arvalstis","11":"tag-breaking-news","12":"tag-breakingnews","13":"tag-featured-news","14":"tag-featurednews","15":"tag-headlines","16":"tag-krievija","17":"tag-latest-news","18":"tag-latestnews","19":"tag-latvia","20":"tag-latvian","21":"tag-latviesu","22":"tag-latviesu-valoda","23":"tag-latviesuvaloda","24":"tag-latvija","25":"tag-lv","26":"tag-news","27":"tag-popularakas-zinas","28":"tag-popularakaszinas","29":"tag-tankkugis","30":"tag-top-stories","31":"tag-topstories","32":"tag-world","33":"tag-world-news","34":"tag-worldnews","35":"tag-zinas","36":"tag-zinas-no-arvalstim"},"share_on_mastodon":{"url":"https:\/\/pubeurope.com\/@lv\/115814109768446898","error":""},"_links":{"self":[{"href":"https:\/\/www.europesays.com\/lv\/wp-json\/wp\/v2\/posts\/90853","targetHints":{"allow":["GET"]}}],"collection":[{"href":"https:\/\/www.europesays.com\/lv\/wp-json\/wp\/v2\/posts"}],"about":[{"href":"https:\/\/www.europesays.com\/lv\/wp-json\/wp\/v2\/types\/post"}],"author":[{"embeddable":true,"href":"https:\/\/www.europesays.com\/lv\/wp-json\/wp\/v2\/users\/2"}],"replies":[{"embeddable":true,"href":"https:\/\/www.europesays.com\/lv\/wp-json\/wp\/v2\/comments?post=90853"}],"version-history":[{"count":0,"href":"https:\/\/www.europesays.com\/lv\/wp-json\/wp\/v2\/posts\/90853\/revisions"}],"wp:featuredmedia":[{"embeddable":true,"href":"https:\/\/www.europesays.com\/lv\/wp-json\/wp\/v2\/media\/90854"}],"wp:attachment":[{"href":"https:\/\/www.europesays.com\/lv\/wp-json\/wp\/v2\/media?parent=90853"}],"wp:term":[{"taxonomy":"category","embeddable":true,"href":"https:\/\/www.europesays.com\/lv\/wp-json\/wp\/v2\/categories?post=90853"},{"taxonomy":"post_tag","embeddable":true,"href":"https:\/\/www.europesays.com\/lv\/wp-json\/wp\/v2\/tags?post=90853"}],"curies":[{"name":"wp","href":"https:\/\/api.w.org\/{rel}","templated":true}]}}