{"id":90855,"date":"2025-12-31T12:10:24","date_gmt":"2025-12-31T12:10:24","guid":{"rendered":"https:\/\/www.europesays.com\/lv\/90855\/"},"modified":"2025-12-31T12:10:24","modified_gmt":"2025-12-31T12:10:24","slug":"tiesai-nodota-lieta-par-100-000-eiro-kukula-piedavasanas-meginajumu-iem-amatpersonai","status":"publish","type":"post","link":"https:\/\/www.europesays.com\/lv\/90855\/","title":{"rendered":"Tiesai nodota lieta par 100 000 eiro kuku\u013ca pied\u0101v\u0101\u0161anas m\u0113\u0123in\u0101jumu IeM amatpersonai"},"content":{"rendered":"<p>Noziedz\u012bgu nodar\u012bjumu valsts instit\u016bciju dienest\u0101 izmekl\u0113\u0161anas prokurat\u016bra (NNVIDIP) nodevusi R\u012bgas pils\u0113tas tiesai krimin\u0101llietu, kur\u0101 divas fiziskas personas aps\u016bdz\u0113tas par 100 000 eiro kuku\u013ca pied\u0101v\u0101\u0161anas m\u0113\u0123in\u0101jumu <a rel=\"noopener nofollow\" target=\"_blank\" href=\"https:\/\/www.delfi.lv\/temas\/41210137\/iekslietu-ministrija\" tag-id=\"41210137\">Iek\u0161lietu ministrijas<\/a> (IeM) amatpersonai.<\/p>\n<p>Atbilsto\u0161i aps\u016bdz\u012bbai divi Latvijas pilso\u0146i un divi Krievijas pilso\u0146i, pret kuriem krimin\u0101lprocess izdal\u012bts atsevi\u0161\u0137\u0101 lietved\u012bb\u0101, organiz\u0113t\u0101 grup\u0101 m\u0113\u0123in\u0101ja pied\u0101v\u0101t kukuli liel\u0101 apm\u0113r\u0101 IeM valsts amatpersonai, k\u0101 ar\u012b sagatavoj\u0101s kuku\u013ca do\u0161anai. <a rel=\"noopener nofollow\" target=\"_blank\" href=\"https:\/\/www.delfi.lv\/temas\/35597095\/kukulosana\" tag-id=\"35597095\">Kuku\u013co\u0161anas<\/a> m\u0113r\u0137is bija pan\u0101kt, lai valsts amatpersona, izmantojot savu dienesta st\u0101vokli, pie\u0146emtu l\u0113mumu atcelt Krievijas pilso\u0146a iece\u013co\u0161anas aizliegumu Latvij\u0101, a\u0123ent\u016bru LETA inform\u0113ja prokurat\u016bra.<\/p>\n<p>Aps\u016bdz\u0113tie vienoj\u0101s par kuku\u013ca apm\u0113ru, iesp\u0113jamo nodo\u0161anas veidu, k\u0101rt\u012bbu un termi\u0146iem, vienoj\u0101s par nepiecie\u0161am\u012bbu sagatavot fikt\u012bvus dokumentus, kas veicin\u0101tu l\u0113muma par iece\u013co\u0161anas aizlieguma atcel\u0161anu, izv\u0113rt\u0113ja riskus un garantijas, ka valsts amatpersona p\u0113c kuku\u013ca sa\u0146em\u0161anas pie\u0146ems organiz\u0113t\u0101s grupas dal\u012bbniekam &#8211; Krievijas pilsonim -, kuram liegta iece\u013co\u0161ana Latvij\u0101, labv\u0113l\u012bgu l\u0113mumu un veica citas darb\u012bbas, lai \u012bstenotu noziedz\u012bgo nodomu.<\/p>\n<p>Viens no organiz\u0113t\u0101s grupas dal\u012bbniekiem, \u012bstenojot kop\u012bgo noziedz\u012bgo nodomu, iesaist\u012bja t\u0101 izdar\u012b\u0161an\u0101 tre\u0161o personu, kuram uzdeva atrast valsts amatpersonu, kura sp\u0113j ietekm\u0113t l\u0113muma atcelt iece\u013co\u0161anas aizliegumu Latvij\u0101 pie\u0146em\u0161anu, pied\u0101v\u0101t tai kukuli, vienoties par t\u0101 nodo\u0161anu un pras\u012bt\u0101 l\u0113muma pie\u0146em\u0161anu.<\/p>\n<p>Pateicoties sabiedr\u012bbas iesaistei un ties\u012bbaizsardz\u012bbas iest\u0101\u017eu darbam noziedz\u012bg\u0101 nodar\u012bjuma atkl\u0101\u0161an\u0101 un nov\u0113r\u0161an\u0101, organiz\u0113t\u0101s grupas dal\u012bbniekiem no vi\u0146u gribas neatkar\u012bgu iemeslu d\u0113\u013c neizdev\u0101s valsts amatpersonai pied\u0101v\u0101t kukuli.<\/p>\n<p>NNVIDIP virsprokurors J\u0101nis Omuls nor\u0101da, ka \u0161is krimin\u0101lprocess skaidri nor\u0101da uz nepiecie\u0161am\u012bbu stiprin\u0101t sadarb\u012bbu starp valsts instit\u016bcij\u0101m, piem\u0113ram, Valsts dro\u0161\u012bbas dienestu, <a rel=\"noopener nofollow\" target=\"_blank\" href=\"https:\/\/www.delfi.lv\/temas\/35459737\/korupcija\" tag-id=\"35459737\">Korupcijas<\/a> nov\u0113r\u0161anas un apkaro\u0161anas biroju (<a rel=\"noopener nofollow\" target=\"_blank\" href=\"https:\/\/www.delfi.lv\/temas\/38975625\/knab\" tag-id=\"38975625\">KNAB<\/a>), Iek\u0161lietu ministrijas iest\u0101d\u0113m un prokurat\u016bru, lai efekt\u012bvi nov\u0113rstu \u0161\u0101dus korupcijas riskus, savlaic\u012bgi atkl\u0101tu noziedz\u012bgas darb\u012bbas un nodro\u0161in\u0101tu, ka vain\u012bg\u0101s personas tiek sauktas atbild\u012bbas.<\/p>\n<p>Latvijas Telev\u012bzijas raid\u012bjuma &#8220;de facto&#8221; iepriek\u0161 v\u0113st\u012bja, ka \u0161\u012b KNAB izmekl\u0113t\u0101 lieta ir saist\u012bta ar centieniem no meln\u0101 saraksta izdab\u016bt Krievijas pilsoni Aleksandru Mi\u0161\u010denko &#8211; juristu, kur\u0161 vismaz agr\u0101k str\u0101d\u0101jis Krievijas Nacion\u0101laj\u0101 dro\u0161\u012bbas akad\u0113mij\u0101.<\/p>\n<p>Turkl\u0101t viens no apcietin\u0101tajiem ir KNAB redzeslok\u0101 un uz tiesas sola jau iepriek\u0161 pabiju\u0161ais k\u0101dreiz\u0113jais Valsts ie\u0146\u0113mumu dienesta Finan\u0161u policijas p\u0101rvaldes Iek\u0161\u0113j\u0101s dro\u0161\u012bbas da\u013cas darbinieks Alvis P\u012bl\u0101gs. Vi\u0146u 2008. gad\u0101 KNAB aiztur\u0113ja aizdom\u0101s par kuku\u013c\u0146em\u0161anu. Tiesved\u012bba vair\u0101k nek\u0101 desmit gadu garum\u0101 da\u017e\u0101d\u0101s instanc\u0113s P\u012bl\u0101gam nosl\u0113dz\u0101s ar \u010detru gadu cietumsodu.<\/p>\n<p>Vi\u0146\u0161 sodu s\u0101ka izciest 2022. gada pavasar\u012b, bet tika atbr\u012bvots pirms laika.<\/p>\n<p>Melnaj\u0101 sarakst\u0101 personas iek\u013cauj tie\u0161i iek\u0161lietu ministrs, ta\u010du pamatojumu sagatavo <a rel=\"noopener nofollow\" target=\"_blank\" href=\"https:\/\/www.delfi.lv\/temas\/42163330\/valsts-drosibas-dienests\" tag-id=\"42163330\">Valsts dro\u0161\u012bbas dienests<\/a>.<\/p>\n<p class=\"m-0\">Seko &#8220;Delfi&#8221; ar\u012b  <a target=\"_blank\" href=\"https:\/\/www.instagram.com\/delfi.lv\/\" rel=\"nofollow noopener\">Instagram<\/a>  un <a target=\"_blank\" href=\"https:\/\/www.youtube.com\/channel\/UCw5foWtcJvAbUm64rv7jwUQ\" rel=\"nofollow noopener\">YouTube<\/a>  profil\u0101 \u2013 pievienojies, lai uzzin\u0101tu svar\u012bg\u0101ko un interesant\u0101ko pirmais!<\/p>\n<p>Publik\u0101cijas saturs vai t\u0101s jebk\u0101da apjoma da\u013ca ir aizsarg\u0101ts autorties\u012bbu objekts Autorties\u012bbu likuma izpratn\u0113, un t\u0101 izmanto\u0161ana bez izdev\u0113ja at\u013caujas ir aizliegta. Vair\u0101k lasi  <a target=\"_blank\" href=\"https:\/\/www.delfi.lv\/noteikumi#autortiesibas\" rel=\"nofollow noopener\">\u0161eit<\/a><script async src=\"\/\/www.instagram.com\/embed.js\"><\/script><\/p>\n","protected":false},"excerpt":{"rendered":"Noziedz\u012bgu nodar\u012bjumu valsts instit\u016bciju dienest\u0101 izmekl\u0113\u0161anas prokurat\u016bra (NNVIDIP) nodevusi R\u012bgas pils\u0113tas tiesai krimin\u0101llietu, kur\u0101 divas fiziskas personas aps\u016bdz\u0113tas&hellip;\n","protected":false},"author":2,"featured_media":90856,"comment_status":"","ping_status":"","sticky":false,"template":"","format":"standard","meta":{"footnotes":""},"categories":[12],"tags":[23,28,29,32,33,22,6604,4027,688,11502,30,31,35,39,38,36,37,34,40,20,26,27,24,25,1579,21],"class_list":{"0":"post-90855","1":"post","2":"type-post","3":"status-publish","4":"format-standard","5":"has-post-thumbnail","7":"category-latvija","8":"tag-aktualitates","9":"tag-breaking-news","10":"tag-breakingnews","11":"tag-featured-news","12":"tag-featurednews","13":"tag-headlines","14":"tag-iekslietu-ministrija","15":"tag-knab","16":"tag-korupcija","17":"tag-kukulosana","18":"tag-latest-news","19":"tag-latestnews","20":"tag-latvia","21":"tag-latvian","22":"tag-latviesu","23":"tag-latviesu-valoda","24":"tag-latviesuvaloda","25":"tag-latvija","26":"tag-lv","27":"tag-news","28":"tag-popularakas-zinas","29":"tag-popularakaszinas","30":"tag-top-stories","31":"tag-topstories","32":"tag-valsts-drosibas-dienests","33":"tag-zinas"},"share_on_mastodon":{"url":"https:\/\/pubeurope.com\/@lv\/115814113126118121","error":""},"_links":{"self":[{"href":"https:\/\/www.europesays.com\/lv\/wp-json\/wp\/v2\/posts\/90855","targetHints":{"allow":["GET"]}}],"collection":[{"href":"https:\/\/www.europesays.com\/lv\/wp-json\/wp\/v2\/posts"}],"about":[{"href":"https:\/\/www.europesays.com\/lv\/wp-json\/wp\/v2\/types\/post"}],"author":[{"embeddable":true,"href":"https:\/\/www.europesays.com\/lv\/wp-json\/wp\/v2\/users\/2"}],"replies":[{"embeddable":true,"href":"https:\/\/www.europesays.com\/lv\/wp-json\/wp\/v2\/comments?post=90855"}],"version-history":[{"count":0,"href":"https:\/\/www.europesays.com\/lv\/wp-json\/wp\/v2\/posts\/90855\/revisions"}],"wp:featuredmedia":[{"embeddable":true,"href":"https:\/\/www.europesays.com\/lv\/wp-json\/wp\/v2\/media\/90856"}],"wp:attachment":[{"href":"https:\/\/www.europesays.com\/lv\/wp-json\/wp\/v2\/media?parent=90855"}],"wp:term":[{"taxonomy":"category","embeddable":true,"href":"https:\/\/www.europesays.com\/lv\/wp-json\/wp\/v2\/categories?post=90855"},{"taxonomy":"post_tag","embeddable":true,"href":"https:\/\/www.europesays.com\/lv\/wp-json\/wp\/v2\/tags?post=90855"}],"curies":[{"name":"wp","href":"https:\/\/api.w.org\/{rel}","templated":true}]}}