{"id":90859,"date":"2025-12-31T12:15:16","date_gmt":"2025-12-31T12:15:16","guid":{"rendered":"https:\/\/www.europesays.com\/lv\/90859\/"},"modified":"2025-12-31T12:15:16","modified_gmt":"2025-12-31T12:15:16","slug":"tramps-solijis-palidzet-ar-pretgaisa-aizsardzibu-zelenskis-ar-sabiedroto-lideriem-tiksies-6-janvari","status":"publish","type":"post","link":"https:\/\/www.europesays.com\/lv\/90859\/","title":{"rendered":"Tramps sol\u012bjis pal\u012bdz\u0113t ar pretgaisa aizsardz\u012bbu; Zelenskis ar sabiedroto l\u012bderiem tiksies 6. janv\u0101r\u012b"},"content":{"rendered":"<p class=\"lead\">\n                                ASV prezidents Donalds Tramps apsol\u012bja pal\u012bdz\u0113t Ukrainai pretgaisa aizsardz\u012bbas jom\u0101, \u017eurn\u0101listiem otrdien sac\u012bja Ukrainas prezidents Volodimirs Zelenskis.\n                            <\/p>\n<p style=\"margin-left:0px;\">\u0160\u0101du ap\u0146em\u0161anos Tramps paudis, kad bijis inform\u0113ts par situ\u0101ciju Ukrain\u0101.<\/p>\n<p style=\"margin-left:0px;\">K\u0101 sac\u012bja Zelenskis, tik\u0161an\u0101s gait\u0101 ar Trampu apspriesta Ukrainas pretgaisa aizsardz\u012bbas sist\u0113mu stiprin\u0101\u0161ana.<\/p>\n<p style=\"margin-left:0px;\">&#8220;Atsevi\u0161\u0137s otrais bloks, kas mums bija ar prezidentu Trampu, ka man tie\u0161\u0101m ir vajadz\u012bga pretgaisa aizsardz\u012bba,&#8221; sac\u012bja Ukrainas prezidents.<\/p>\n<p style=\"margin-left:0px;\">&#8220;Man tie\u0161\u0101m ir vajadz\u012bgas NASAMS ra\u0137etes. Man tie\u0161\u0101m vajag PAC-3 ra\u0137etes sist\u0113m\u0101m &#8220;Patriot&#8221;. Un es negribu publiski st\u0101st\u012bt, k\u0101da \u0161obr\u012bd ir m\u016bsu situ\u0101cija, bet es to par\u0101d\u012bju, demonstr\u0113ju amerik\u0101\u0146u pusei,&#8221; kl\u0101st\u012bja Zelenskis.<\/p>\n<p style=\"margin-left:0px;\">&#8220;Prezidents Tramps teica, ka vi\u0146\u0161 man pal\u012bdz\u0113s,&#8221; piebilda prezidents. &#8220;Es esmu vi\u0146am par to pateic\u012bgs.&#8221;<\/p>\n<p style=\"margin-left:0px;\">&#8220;V\u0113l es teicu, ka m\u0113s esam gatavi to visu ieg\u0101d\u0101ties, izmantojot PURL programmu. Un \u0161eit es gribu pateikties eiropie\u0161iem, ka vi\u0146i nodro\u0161ina \u0161o programmu,&#8221; apliecin\u0101ja Zelenskis.<\/p>\n<p style=\"margin-left:0px;\">\u0160\u0101ds atbalsts ir nepiecie\u0161ams, neraugoties uz diplom\u0101tiskajiem centieniem izbeigt karu, jo Krievija nav p\u0101rtraukusi savus triecienus, nor\u0101d\u012bja prezidents.<\/p>\n<p>Zelenskis ar sabiedroto l\u012bderiem tiksies 6. janv\u0101r\u012b Francij\u0101<\/p>\n<p style=\"margin-left:0px;\">Ukrainas prezidents Volodimirs Zelenskis otrdien pazi\u0146oja, ka 6. janv\u0101r\u012b samit\u0101 Francij\u0101 tiksies ar Ukrainas sabiedroto valstu l\u012bderiem.<\/p>\n<p style=\"margin-left:0px;\">V\u0113l pirms \u0161\u012b samita 3. janv\u0101r\u012b notiks Kijivas sabiedroto valstu dro\u0161\u012bbas padomnieku tik\u0161an\u0101s, soci\u0101lajos t\u012bklos nor\u0101d\u012bja prezidents.<\/p>\n<p style=\"margin-left:0px;\">&#8220;Neilgi p\u0113c tam notiks diskusijas l\u012bderu l\u012bmen\u012b &#8211; tik\u0161an\u0101s ir nepiecie\u0161amas. M\u0113s to pl\u0101nojam 6. janv\u0101r\u012b Francij\u0101,&#8221; pauda Zelenskis.<\/p>\n<p style=\"margin-left:0px;\">Uzrun\u0101jot \u017eurn\u0101listus neilgi p\u0113c pazi\u0146ojuma, Zelenskis preciz\u0113ja, ka nacion\u0101l\u0101s dro\u0161\u012bbas padomnieki &#8220;izskat\u012bs visus dokumentus, visas iestr\u0101des&#8221;, pirms l\u012bderi tos apspried\u012bs samit\u0101 Francij\u0101.<\/p>\n<p style=\"margin-left:0px;\">P\u0113c tam padomnieki atkal tiksies 7. janv\u0101r\u012b, lai &#8220;preciz\u0113tu lietas&#8221;, sac\u012bja Zelenskis.<\/p>\n<p style=\"margin-left:0px;\">Kijiva cer, ka p\u0113c tam notiks tik\u0161an\u0101s gan ar Eiropas l\u012bderiem, gan ar ASV prezidentu Donaldu Trampu.<\/p>\n<p style=\"margin-left:0px;\">Ned\u0113\u013cas nogal\u0113 Zelenskim bija sarunas ar Trampu Florid\u0101, un gan Kijiva, gan Va\u0161ingtona pazi\u0146oja, ka ir pan\u0101kts progress attiec\u012bb\u0101 uz ASV pl\u0101nu kara izbeig\u0161anai.<\/p>\n<p>Ukrai\u0146u lidroboti uzbruku\u0161i Tuapse<\/p>\n<p style=\"margin-left:0px;\">Nakt\u012b uz tre\u0161dienu ukrai\u0146u lidroboti uzbruku\u0161i piej\u016bras pils\u0113tai Tuapse Krievijas dienvidos.<\/p>\n<p style=\"margin-left:0px;\">Uzlidojum\u0101 cietu\u0161i divi cilv\u0113ki. Post\u012bjumi nodar\u012bti dz\u012bvojamaj\u0101m m\u0101j\u0101m, ostai un naftas p\u0101rstr\u0101des r\u016bpn\u012bcai, zi\u0146o amatpersonas.<\/p>\n<p style=\"margin-left:0px;\">Uz\u0146\u0113muma &#8220;Ros\u0146eftj&#8221; r\u016bpn\u012bc\u0101 uzlidojuma rezult\u0101t\u0101 s\u0101cies ugunsgr\u0113ks.<\/p>\n<p>Krievi uz Ukrainu raid\u012bju\u0161i 127 lidrobotus<\/p>\n<p style=\"margin-left:0px;\">Nakt\u012b uz tre\u0161dienu krievi uz Ukrainu raid\u012bju\u0161i 127 uzbrukuma lidrobotus &#8220;Shahed&#8221; un da\u017e\u0101du tipu dronus-imitatorus, zi\u0146o Ukrainas Gaisa sp\u0113ki.<\/p>\n<p style=\"margin-left:0px;\">Ukrainas sp\u0113ki notrieku\u0161i vai padar\u012bju\u0161i nekait\u012bgu 101 no krievu lidrobotiem.<\/p>\n<p style=\"margin-left:0px;\">Fiks\u0113ti 20 lidrobotu tr\u0101p\u012bjumi 11 apkaim\u0113m.<\/p>\n<p>Ukraina: Krievijas dz\u012bv\u0101 sp\u0113ka zaud\u0113jumi sasniedz 1 207 910<\/p>\n<p style=\"margin-left:0px;\">Krievijas karasp\u0113ka dz\u012bv\u0101 sp\u0113ka zaud\u0113jumi Ukrain\u0101 l\u012bdz tre\u0161dienas r\u012btam sasniegu\u0161i 1 207 910 karav\u012brus, zi\u0146o Ukrainas armijas \u0123ener\u0101l\u0161t\u0101bs.<\/p>\n<p style=\"margin-left:0px;\">Saska\u0146\u0101 ar \u0123ener\u0101l\u0161t\u0101ba datiem diennakts laik\u0101 izn\u012bcin\u0101ti 1220 iebruc\u0113ji.<\/p>\n<p style=\"margin-left:0px;\">Kop\u0161 atk\u0101rtot\u0101 iebrukuma s\u0101kuma 2022. gada 24. febru\u0101r\u012b krievi zaud\u0113ju\u0161i 11 481 tanku, 23 845 bru\u0146utransportierus, 35 642 lielgabalus un m\u012bnmet\u0113jus, 1586 daudzl\u0101di\u0146u reakt\u012bv\u0101s iek\u0101rtas, 1264 zen\u012btartil\u0113rijas iek\u0101rtas, 434 lidma\u0161\u012bnas, 347 helikopterus, 97 684 bezpilota lidapar\u0101tus, 4136 sp\u0101rnot\u0101s ra\u0137etes, 28 ku\u0123us un \u0101trlaivas, divas zem\u016bdenes, 72 247 automobi\u013cus un autocisternas, k\u0101 ar\u012b 4035 specializ\u0113t\u0101s tehnikas vien\u012bbas.<\/p>\n<p style=\"margin-left:0px;\">Krievijas zaud\u0113jumu apm\u0113rs tiek preciz\u0113ts, jo inform\u0101cijas ieguvi trauc\u0113 karadarb\u012bba.<\/p>\n<p>KONTEKSTS<\/p>\n<p>2022. gada 24. febru\u0101r\u012b Krievijas diktators Vladimirs Putins deva pav\u0113li iebrukt\u00a0Ukrain\u0101. Putins apgalvoja, ka NATO gatavojas izmantot Ukrainu k\u0101 placdarmu agresijai pret Krieviju, lai gan \u0161iem apgalvojumiem nebija\u00a0pier\u0101d\u012bjumu. Starptautisk\u0101 krimin\u0101ltiesa (SKT) 2023. gada mart\u0101 izdeva Putina aresta orderi par nelikum\u012bgu ukrai\u0146u b\u0113rnu deport\u0101ciju no okup\u0113taj\u0101m teritorij\u0101m Ukrain\u0101.\u00a0<\/p>\n<p><img decoding=\"async\" src=\"https:\/\/www.europesays.com\/lv\/wp-content\/uploads\/2025\/12\/202311151406496554b459d746c.jpg\" alt=\"Ukrainas atbalst\u012bt\u0101ji nezaud\u0113 tic\u012bbu, ka ukrai\u0146i v\u0113l ir ce\u013c\u0101 uz uzvaru un agri vai v\u0113lu Krievijas okupantu armijai n\u0101ksies atk\u0101pties no Ukrainas zemes.\" loading=\"lazy\"\/><\/p>\n<p>Ukrainas atbalst\u012bt\u0101ji nezaud\u0113 tic\u012bbu, ka ukrai\u0146i v\u0113l ir ce\u013c\u0101 uz uzvaru un agri vai v\u0113lu Krievijas okupantu armijai n\u0101ksies atk\u0101pties no Ukrainas zemes.<\/p>\n<p>Foto:\u00a0AFP\/Scanpix\u00a0\/ Latvijas Mediji<\/p>\n<p class=\"paragraph-muted\">Izv\u0113lies savu soct\u012bklu platformu, lai sekotu LASI.LV: <a href=\"https:\/\/www.facebook.com\/portals.lasi.lv\" target=\"_blank\" rel=\"noopener noreferrer nofollow\">Facebook<\/a>, <a href=\"https:\/\/twitter.com\/lasilvportals\" target=\"_blank\" rel=\"noopener noreferrer nofollow\">X<\/a>, <a href=\"https:\/\/bsky.app\/profile\/lasilv.bsky.social\" target=\"_blank\" rel=\"noopener noreferrer nofollow\">Bluesky<\/a>, <a href=\"https:\/\/www.draugiem.lv\/lasilv\/?pg=4\" target=\"_blank\" rel=\"noopener noreferrer nofollow\">Draugiem<\/a> vai ar\u012b <a href=\"https:\/\/www.instagram.com\/lasilv_zinas\/\" target=\"_blank\" rel=\"noopener noreferrer nofollow\">Instagram<\/a>. Pievienojies m\u016bsu las\u012bt\u0101ju pulkam, lai sa\u0146emtu \u012bpa\u0161i tev atlas\u012btu noder\u012bgu, praktisku un aktu\u0101lu saturu.\u00a0<\/p>\n<p style=\"margin-left:auto;\">Pieraksties LASI.LV redaktora v\u0113stkopai <a href=\"https:\/\/lasi.lv\/vestkopa\/lasi-lv-galvena-redaktora-vestkopa\" rel=\"nofollow noopener\" target=\"_blank\">\u0161eit<\/a>.<\/p>\n<p style=\"margin-left:auto;\">Pieraksties un reizi ned\u0113\u013c\u0101 sa\u0146em padzi\u013cin\u0101tu LASI.LV galven\u0101 redaktora aktu\u0101lo zi\u0146u, kompetentu viedok\u013cu un interesant\u0101ko interviju apkopojumu.<\/p>\n<p><script async src=\"https:\/\/platform.twitter.com\/widgets.js\" charset=\"utf-8\"><\/script><script async src=\"\/\/www.instagram.com\/embed.js\"><\/script><\/p>\n","protected":false},"excerpt":{"rendered":"ASV prezidents Donalds Tramps apsol\u012bja pal\u012bdz\u0113t Ukrainai pretgaisa aizsardz\u012bbas jom\u0101, \u017eurn\u0101listiem otrdien sac\u012bja Ukrainas prezidents Volodimirs Zelenskis. \u0160\u0101du&hellip;\n","protected":false},"author":2,"featured_media":90860,"comment_status":"","ping_status":"","sticky":false,"template":"","format":"standard","meta":{"footnotes":""},"categories":[14],"tags":[23,57,28,29,32,33,22,30,31,35,39,38,36,37,34,40,20,26,27,24,25,54,55,56,21,58],"class_list":{"0":"post-90859","1":"post","2":"type-post","3":"status-publish","4":"format-standard","5":"has-post-thumbnail","7":"category-zinas-no-arvalstim","8":"tag-aktualitates","9":"tag-arvalstim","10":"tag-breaking-news","11":"tag-breakingnews","12":"tag-featured-news","13":"tag-featurednews","14":"tag-headlines","15":"tag-latest-news","16":"tag-latestnews","17":"tag-latvia","18":"tag-latvian","19":"tag-latviesu","20":"tag-latviesu-valoda","21":"tag-latviesuvaloda","22":"tag-latvija","23":"tag-lv","24":"tag-news","25":"tag-popularakas-zinas","26":"tag-popularakaszinas","27":"tag-top-stories","28":"tag-topstories","29":"tag-world","30":"tag-world-news","31":"tag-worldnews","32":"tag-zinas","33":"tag-zinas-no-arvalstim"},"share_on_mastodon":{"url":"https:\/\/pubeurope.com\/@lv\/115814132846459348","error":""},"_links":{"self":[{"href":"https:\/\/www.europesays.com\/lv\/wp-json\/wp\/v2\/posts\/90859","targetHints":{"allow":["GET"]}}],"collection":[{"href":"https:\/\/www.europesays.com\/lv\/wp-json\/wp\/v2\/posts"}],"about":[{"href":"https:\/\/www.europesays.com\/lv\/wp-json\/wp\/v2\/types\/post"}],"author":[{"embeddable":true,"href":"https:\/\/www.europesays.com\/lv\/wp-json\/wp\/v2\/users\/2"}],"replies":[{"embeddable":true,"href":"https:\/\/www.europesays.com\/lv\/wp-json\/wp\/v2\/comments?post=90859"}],"version-history":[{"count":0,"href":"https:\/\/www.europesays.com\/lv\/wp-json\/wp\/v2\/posts\/90859\/revisions"}],"wp:featuredmedia":[{"embeddable":true,"href":"https:\/\/www.europesays.com\/lv\/wp-json\/wp\/v2\/media\/90860"}],"wp:attachment":[{"href":"https:\/\/www.europesays.com\/lv\/wp-json\/wp\/v2\/media?parent=90859"}],"wp:term":[{"taxonomy":"category","embeddable":true,"href":"https:\/\/www.europesays.com\/lv\/wp-json\/wp\/v2\/categories?post=90859"},{"taxonomy":"post_tag","embeddable":true,"href":"https:\/\/www.europesays.com\/lv\/wp-json\/wp\/v2\/tags?post=90859"}],"curies":[{"name":"wp","href":"https:\/\/api.w.org\/{rel}","templated":true}]}}