{"id":90861,"date":"2025-12-31T12:16:07","date_gmt":"2025-12-31T12:16:07","guid":{"rendered":"https:\/\/www.europesays.com\/lv\/90861\/"},"modified":"2025-12-31T12:16:07","modified_gmt":"2025-12-31T12:16:07","slug":"latvija-pagajusaja-diennakti-satiksmes-negadijumos-cietusi-11-cilveki-diena","status":"publish","type":"post","link":"https:\/\/www.europesays.com\/lv\/90861\/","title":{"rendered":"Latvij\u0101 pag\u0101ju\u0161aj\u0101 diennakt\u012b satiksmes negad\u012bjumos cietu\u0161i 11 cilv\u0113ki \/ Diena"},"content":{"rendered":"<p>Tostarp Latvij\u0101 pag\u0101ju\u0161aj\u0101 diennakt\u012b satiksmes negad\u012bjumos cietis viens g\u0101j\u0113js.<\/p>\n<p>&#13;<br \/>\n&#13;<\/p>\n<p>Kopum\u0101 pag\u0101ju\u0161aj\u0101 diennakt\u012b Latvij\u0101 re\u0123istr\u0113ti 188 ce\u013cu satiksmes negad\u012bjumi.<\/p>\n<p>&#13;<br \/>\n&#13;<\/p>\n<p>R\u012bgas re\u0123ion\u0101 pag\u0101ju\u0161aj\u0101 diennakt\u012b re\u0123istr\u0113ts 91 ce\u013cu satiksmes negad\u012bjums, kuros cietu\u0161i pieci cilv\u0113ki.<\/p>\n<p>&#13;<br \/>\n&#13;<\/p>\n<p>Zemgal\u0113 re\u0123istr\u0113ti 35 ce\u013cu satiksmes negad\u012bjumi, kuros ar\u012b cietu\u0161i pieci cilv\u0113ki, bet Latgal\u0113 pag\u0101ju\u0161aj\u0101 diennakt\u012b re\u0123istr\u0113ti 25 ce\u013cu satiksmes negad\u012bjumi, kuros cietis viens g\u0101j\u0113js.<\/p>\n<p>&#13;<br \/>\n&#13;<\/p>\n<p>Kurzem\u0113 fiks\u0113ti 23 ce\u013cu satiksmes negad\u012bjumi, kuros nav bijis cietu\u0161o, bet Vidzem\u0113 biju\u0161i 14 ce\u013cu satiksmes negad\u012bjumi, kuros ar\u012b nav bijis cietu\u0161o.<\/p>\n<p>&#13;<\/p>\n","protected":false},"excerpt":{"rendered":"Tostarp Latvij\u0101 pag\u0101ju\u0161aj\u0101 diennakt\u012b satiksmes negad\u012bjumos cietis viens g\u0101j\u0113js. &#13; &#13; Kopum\u0101 pag\u0101ju\u0161aj\u0101 diennakt\u012b Latvij\u0101 re\u0123istr\u0113ti 188 ce\u013cu&hellip;\n","protected":false},"author":2,"featured_media":90862,"comment_status":"","ping_status":"","sticky":false,"template":"","format":"standard","meta":{"footnotes":""},"categories":[12],"tags":[23,28,29,32,33,22,30,31,35,39,38,36,37,34,40,20,26,27,24,25,21],"class_list":{"0":"post-90861","1":"post","2":"type-post","3":"status-publish","4":"format-standard","5":"has-post-thumbnail","7":"category-latvija","8":"tag-aktualitates","9":"tag-breaking-news","10":"tag-breakingnews","11":"tag-featured-news","12":"tag-featurednews","13":"tag-headlines","14":"tag-latest-news","15":"tag-latestnews","16":"tag-latvia","17":"tag-latvian","18":"tag-latviesu","19":"tag-latviesu-valoda","20":"tag-latviesuvaloda","21":"tag-latvija","22":"tag-lv","23":"tag-news","24":"tag-popularakas-zinas","25":"tag-popularakaszinas","26":"tag-top-stories","27":"tag-topstories","28":"tag-zinas"},"share_on_mastodon":{"url":"https:\/\/pubeurope.com\/@lv\/115814136715966637","error":""},"_links":{"self":[{"href":"https:\/\/www.europesays.com\/lv\/wp-json\/wp\/v2\/posts\/90861","targetHints":{"allow":["GET"]}}],"collection":[{"href":"https:\/\/www.europesays.com\/lv\/wp-json\/wp\/v2\/posts"}],"about":[{"href":"https:\/\/www.europesays.com\/lv\/wp-json\/wp\/v2\/types\/post"}],"author":[{"embeddable":true,"href":"https:\/\/www.europesays.com\/lv\/wp-json\/wp\/v2\/users\/2"}],"replies":[{"embeddable":true,"href":"https:\/\/www.europesays.com\/lv\/wp-json\/wp\/v2\/comments?post=90861"}],"version-history":[{"count":0,"href":"https:\/\/www.europesays.com\/lv\/wp-json\/wp\/v2\/posts\/90861\/revisions"}],"wp:featuredmedia":[{"embeddable":true,"href":"https:\/\/www.europesays.com\/lv\/wp-json\/wp\/v2\/media\/90862"}],"wp:attachment":[{"href":"https:\/\/www.europesays.com\/lv\/wp-json\/wp\/v2\/media?parent=90861"}],"wp:term":[{"taxonomy":"category","embeddable":true,"href":"https:\/\/www.europesays.com\/lv\/wp-json\/wp\/v2\/categories?post=90861"},{"taxonomy":"post_tag","embeddable":true,"href":"https:\/\/www.europesays.com\/lv\/wp-json\/wp\/v2\/tags?post=90861"}],"curies":[{"name":"wp","href":"https:\/\/api.w.org\/{rel}","templated":true}]}}