{"id":90867,"date":"2025-12-31T12:22:13","date_gmt":"2025-12-31T12:22:13","guid":{"rendered":"https:\/\/www.europesays.com\/lv\/90867\/"},"modified":"2025-12-31T12:22:13","modified_gmt":"2025-12-31T12:22:13","slug":"lr4-etera-skan-pedejo-dienu-sejas-lv","status":"publish","type":"post","link":"https:\/\/www.europesays.com\/lv\/90867\/","title":{"rendered":"LR4 \u0113ter\u0101 skan p\u0113d\u0113jo dienu &#8211; Sejas.lv"},"content":{"rendered":"<ol>\n<li><a href=\"https:\/\/news.google.com\/rss\/articles\/CBMiakFVX3lxTE5GWkJsX2tRdTlHSlg1RWp5M1FRVUZ5elBhbm1lckcwSEZfTERuNlNreExfSnZ4RW5USENlNDNpMXdveVpDNFdKN01CT1RBbjJ3a25vQzRIZWNjbHpLN2RVd2R6dVAxb0hpVkE?oc=5\" target=\"_blank\" rel=\"nofollow noopener\">LR4 \u0113ter\u0101 skan p\u0113d\u0113jo dienu<\/a>&nbsp;&nbsp;Sejas.lv<\/li>\n<li><a href=\"https:\/\/news.google.com\/rss\/articles\/CBMiQEFVX3lxTFBjalRZcE9nTG5BZ3F0dTdISTc2MHVvVEFyUTVJUUxCLWZKcnVrdm1GMGFlNGZ6Mk5zTTQzZzF1OXU?oc=5\" target=\"_blank\" rel=\"nofollow noopener\">Atjaunot Latvijas Radio 4 apraidi FM \u0113ter\u0101<\/a>&nbsp;&nbsp;ManaBalss<\/li>\n<li><a href=\"https:\/\/news.google.com\/rss\/articles\/CBMilgFBVV95cUxNWVVZd2NrVXk2TEE0XzRBZ21Zb2F1RHAtZXhwdExqdnJWZ0x4XzM1TmtjdTJMVE5zYUNtblpwd3o5dzZ1ZV8ycnpFVXdOaVJrRkxEcnhjVWF3V0xLVXRFUjJTWFRZSGQzeE1YNWl0MkxNcTZHX0JudXBWcFc3TXVYbld2STNFYlAxQlVqWm8xeUVPYV9idlE?oc=5\" target=\"_blank\" rel=\"nofollow noopener\">No 1. janv\u0101ra p\u0101rst\u0101s raid\u012bt LR4 \/ Raksts<\/a>&nbsp;&nbsp;LSM<\/li>\n<li><a href=\"https:\/\/news.google.com\/rss\/articles\/CBMiqwFBVV95cUxNTlpCaGZNSkhSU0lFVkJmR2h2Yi1JTnRqNWlGNnp5UDZndERpOUs3VDlONUhhd1JzX3FpaTlidDVkWlNHQ0lCWDNCUE9uWEpvd3dDUWppc0pONk1RNjJ0WnJiQTNoNEZzeHM4elp1b1hlRFJNLWtLT3I2MDVPSGJVQzRlcEVLY19PbzdWVzJFcmVKNG1jTHk4NTl1RmlCQzd6VGg3QzUxTnRxZFE?oc=5\" target=\"_blank\" rel=\"nofollow noopener\">P\u0113d\u0113j\u0101 stundi\u0146a ir situsi: jau r\u012bt viena no Latvijas radio programm\u0101m neb\u016bs vairs dzirdama<\/a>&nbsp;&nbsp;LA.LV<\/li>\n<li><a href=\"https:\/\/news.google.com\/rss\/articles\/CBMiogFBVV95cUxQcWZwaFY5Z3RVVVRQeWc4ZG9Xd214REw5akpxMnBVYi1SV3U0U29wVTUwSDVURzNicEhYLTJPX3hscXpIV2lKbkRRNmI1U2xFRnAtbm0zTkNPR25HMGRrc19pZy1PcUd5VjJWZGRNcFBpTGlnUDhUbXFLRTBZSGlKb21hQ1JkQXVuck95UThOaEFmU0czRldpNVFlRlZnU3ZQWnc?oc=5\" target=\"_blank\" rel=\"nofollow noopener\">V\u0101c parakstus par LR4 apraides saglab\u0101\u0161anu FM frekvenc\u0113s<\/a>&nbsp;&nbsp;Delfi<\/li>\n<\/ol>\n","protected":false},"excerpt":{"rendered":"LR4 \u0113ter\u0101 skan p\u0113d\u0113jo dienu&nbsp;&nbsp;Sejas.lv Atjaunot Latvijas Radio 4 apraidi FM \u0113ter\u0101&nbsp;&nbsp;ManaBalss No 1. janv\u0101ra p\u0101rst\u0101s raid\u012bt LR4&hellip;\n","protected":false},"author":2,"featured_media":65707,"comment_status":"","ping_status":"","sticky":false,"template":"","format":"standard","meta":{"footnotes":""},"categories":[12],"tags":[23,28,29,32,33,22,30,31,35,39,38,36,37,34,40,12521,20,26,27,3494,24,25,21],"class_list":{"0":"post-90867","1":"post","2":"type-post","3":"status-publish","4":"format-standard","5":"has-post-thumbnail","7":"category-latvija","8":"tag-aktualitates","9":"tag-breaking-news","10":"tag-breakingnews","11":"tag-featured-news","12":"tag-featurednews","13":"tag-headlines","14":"tag-latest-news","15":"tag-latestnews","16":"tag-latvia","17":"tag-latvian","18":"tag-latviesu","19":"tag-latviesu-valoda","20":"tag-latviesuvaloda","21":"tag-latvija","22":"tag-lv","23":"tag-neplp","24":"tag-news","25":"tag-popularakas-zinas","26":"tag-popularakaszinas","27":"tag-radio","28":"tag-top-stories","29":"tag-topstories","30":"tag-zinas"},"share_on_mastodon":{"url":"https:\/\/pubeurope.com\/@lv\/115814160332137306","error":""},"_links":{"self":[{"href":"https:\/\/www.europesays.com\/lv\/wp-json\/wp\/v2\/posts\/90867","targetHints":{"allow":["GET"]}}],"collection":[{"href":"https:\/\/www.europesays.com\/lv\/wp-json\/wp\/v2\/posts"}],"about":[{"href":"https:\/\/www.europesays.com\/lv\/wp-json\/wp\/v2\/types\/post"}],"author":[{"embeddable":true,"href":"https:\/\/www.europesays.com\/lv\/wp-json\/wp\/v2\/users\/2"}],"replies":[{"embeddable":true,"href":"https:\/\/www.europesays.com\/lv\/wp-json\/wp\/v2\/comments?post=90867"}],"version-history":[{"count":0,"href":"https:\/\/www.europesays.com\/lv\/wp-json\/wp\/v2\/posts\/90867\/revisions"}],"wp:featuredmedia":[{"embeddable":true,"href":"https:\/\/www.europesays.com\/lv\/wp-json\/wp\/v2\/media\/65707"}],"wp:attachment":[{"href":"https:\/\/www.europesays.com\/lv\/wp-json\/wp\/v2\/media?parent=90867"}],"wp:term":[{"taxonomy":"category","embeddable":true,"href":"https:\/\/www.europesays.com\/lv\/wp-json\/wp\/v2\/categories?post=90867"},{"taxonomy":"post_tag","embeddable":true,"href":"https:\/\/www.europesays.com\/lv\/wp-json\/wp\/v2\/tags?post=90867"}],"curies":[{"name":"wp","href":"https:\/\/api.w.org\/{rel}","templated":true}]}}