{"id":90868,"date":"2025-12-31T12:23:07","date_gmt":"2025-12-31T12:23:07","guid":{"rendered":"https:\/\/www.europesays.com\/lv\/90868\/"},"modified":"2025-12-31T12:23:07","modified_gmt":"2025-12-31T12:23:07","slug":"bojats-zemudens-kabelis-starp-somiju-un-igauniju","status":"publish","type":"post","link":"https:\/\/www.europesays.com\/lv\/90868\/","title":{"rendered":"Boj\u0101ts zem\u016bdens kabelis starp Somiju un Igauniju"},"content":{"rendered":"<p>Boj\u0101jums nav ietekm\u0113jis telekomunik\u0101cijas firmas pakalpojumus Somij\u0101 un Igaunij\u0101. T\u0101pat notiek sagatavo\u0161an\u0101s darbi boj\u0101juma nov\u0113r\u0161anai.<\/p>\n<p>Savuk\u0101rt Somijas policija pazi\u0146ojusi, ka saist\u012bb\u0101 ar kabe\u013ca boj\u0101jumu ir aiztur\u0113ts k\u0101ds ku\u0123is.<\/p>\n<p>\u0160is nav pirmais gad\u012bjums, kad Baltijas j\u016br\u0101 tiek boj\u0101ti zem\u016bdens kabe\u013ci. Piem\u0113ram, 2025. gada 26. janv\u0101ra agr\u0101 r\u012bt\u0101 tika boj\u0101ts Baltijas j\u016br\u0101 eso\u0161ais Latvijas Valsts radio un telev\u012bzijas centra zem\u016bdens optisko \u0161\u0137iedru kabelis posm\u0101 Ventspils-Gotlande. Kabelim boj\u0101jums tika konstat\u0113ts Zviedrijas ekonomiskajos \u016bde\u0146os aptuveni 130 kilometrus no Latvijas piekrastes.<\/p>\n<p>Saist\u012bb\u0101 ar kabe\u013ca boj\u0101\u0161anu Zviedrijas varasiest\u0101des bija aiztur\u0113ju\u0161as zem Maltas karoga ku\u0123ojo\u0161o sauskravu ku\u0123i &#8220;Vezhen&#8221;.<\/p>\n<p>Latvija aizvien turpina sarunas par zaud\u0113jumu atl\u012bdz\u012bbu ar ku\u0123a &#8220;Vezhen&#8221; apdro\u0161in\u0101t\u0101ju<\/p>\n","protected":false},"excerpt":{"rendered":"Boj\u0101jums nav ietekm\u0113jis telekomunik\u0101cijas firmas pakalpojumus Somij\u0101 un Igaunij\u0101. T\u0101pat notiek sagatavo\u0161an\u0101s darbi boj\u0101juma nov\u0113r\u0161anai. Savuk\u0101rt Somijas policija&hellip;\n","protected":false},"author":2,"featured_media":90869,"comment_status":"","ping_status":"","sticky":false,"template":"","format":"standard","meta":{"footnotes":""},"categories":[5],"tags":[23,28,29,32,33,22,30,31,35,39,38,36,37,34,40,3984,20,26,27,24,25,21],"class_list":{"0":"post-90868","1":"post","2":"type-post","3":"status-publish","4":"format-standard","5":"has-post-thumbnail","7":"category-aktualitates","8":"tag-aktualitates","9":"tag-breaking-news","10":"tag-breakingnews","11":"tag-featured-news","12":"tag-featurednews","13":"tag-headlines","14":"tag-latest-news","15":"tag-latestnews","16":"tag-latvia","17":"tag-latvian","18":"tag-latviesu","19":"tag-latviesu-valoda","20":"tag-latviesuvaloda","21":"tag-latvija","22":"tag-lv","23":"tag-lvrtc","24":"tag-news","25":"tag-popularakas-zinas","26":"tag-popularakaszinas","27":"tag-top-stories","28":"tag-topstories","29":"tag-zinas"},"share_on_mastodon":{"url":"https:\/\/pubeurope.com\/@lv\/115814164258980010","error":""},"_links":{"self":[{"href":"https:\/\/www.europesays.com\/lv\/wp-json\/wp\/v2\/posts\/90868","targetHints":{"allow":["GET"]}}],"collection":[{"href":"https:\/\/www.europesays.com\/lv\/wp-json\/wp\/v2\/posts"}],"about":[{"href":"https:\/\/www.europesays.com\/lv\/wp-json\/wp\/v2\/types\/post"}],"author":[{"embeddable":true,"href":"https:\/\/www.europesays.com\/lv\/wp-json\/wp\/v2\/users\/2"}],"replies":[{"embeddable":true,"href":"https:\/\/www.europesays.com\/lv\/wp-json\/wp\/v2\/comments?post=90868"}],"version-history":[{"count":0,"href":"https:\/\/www.europesays.com\/lv\/wp-json\/wp\/v2\/posts\/90868\/revisions"}],"wp:featuredmedia":[{"embeddable":true,"href":"https:\/\/www.europesays.com\/lv\/wp-json\/wp\/v2\/media\/90869"}],"wp:attachment":[{"href":"https:\/\/www.europesays.com\/lv\/wp-json\/wp\/v2\/media?parent=90868"}],"wp:term":[{"taxonomy":"category","embeddable":true,"href":"https:\/\/www.europesays.com\/lv\/wp-json\/wp\/v2\/categories?post=90868"},{"taxonomy":"post_tag","embeddable":true,"href":"https:\/\/www.europesays.com\/lv\/wp-json\/wp\/v2\/tags?post=90868"}],"curies":[{"name":"wp","href":"https:\/\/api.w.org\/{rel}","templated":true}]}}