{"id":90870,"date":"2025-12-31T12:24:06","date_gmt":"2025-12-31T12:24:06","guid":{"rendered":"https:\/\/www.europesays.com\/lv\/90870\/"},"modified":"2025-12-31T12:24:06","modified_gmt":"2025-12-31T12:24:06","slug":"lacplesa-diena-riga-skaneja-patriotiskais-deju-lieluzvedums-indulis-un-arija-dzirnam-40-lente-lv","status":"publish","type":"post","link":"https:\/\/www.europesays.com\/lv\/90870\/","title":{"rendered":"L\u0101\u010dpl\u0113\u0161a dien\u0101 R\u012bg\u0101 skan\u0113ja patriotiskais deju lieluzvedums &#8220;Indulis un \u0100rija. Dzirn\u0101m 40&#8221;\u00a0\u2014\u00a0Lente.lv"},"content":{"rendered":"<p>Lieluzvedums &#8220;Indulis un \u0100rija. Dzirn\u0101m 40&#8221; R\u012bg\u0101 izpeln\u0101s skat\u012bt\u0101ju ov\u0101cijas<\/p>\n<p>L\u0101\u010dpl\u0113\u0161a dien\u0101, 11. novembr\u012b, R\u012bg\u0101, pilnaj\u0101 &#8220;Xiaomi Ar\u0113n\u0101&#8221;, norisin\u0101j\u0101s grandiozs patriotiskais deju lieluzvedums &#8220;Indulis un \u0100rija. Dzirn\u0101m 40&#8221;. Izr\u0101de tika izr\u0101d\u012bta divas reizes, un abi seansi nosl\u0113dz\u0101s ar skat\u012bt\u0101ju st\u0101vov\u0101cij\u0101m, apliecinot dzi\u013cu pateic\u012bbu dejot\u0101jiem, vad\u012bt\u0101jiem un visai m\u0101kslinieciskajai komandai par iespaid\u012bgo notikumu. K\u0101 zi\u0146o Latvijas Av\u012bze, pas\u0101kums godin\u0101ja divas noz\u012bm\u012bgas jubilejas \u2013 dzejnieka Rai\u0146a 160. dzim\u0161anas dienu un deju skolas &#8220;Dzirnas&#8221; 40. gadadienu. K\u0101 zi\u0146o Latvijas Av\u012bze, pas\u0101kums apliecin\u0101ja m\u0101kslas sp\u0113ju vienot un iedvesmot.<\/p>\n<p>Rai\u0146a mantojums deju valod\u0101<\/p>\n<p>Jaunais iestud\u0113jums balst\u012bts uz Rai\u0146a romantisk\u0101s tra\u0123\u0113dijas &#8220;Indulis un \u0100rija&#8221; mot\u012bviem, pied\u0101v\u0101jot laikmet\u012bgu interpret\u0101ciju dejas valod\u0101. Ori\u0123in\u0101lm\u016bziku uzvedumam rad\u012bjis komponists Valters P\u016bce, un to izpild\u012bjis kameror\u0137estris &#8220;Sinfonietta R\u012bga&#8221; kop\u0101 ar jaunie\u0161u kori &#8220;Balsis&#8221;. Re\u017eisors Intars Re\u0161etins-P\u0113tersons, kur\u0161 ir ar\u012b zemessargs, uzsv\u0113ris izr\u0101des aktualit\u0101ti m\u016bsdienu \u0123eopolitiskaj\u0101 situ\u0101cij\u0101, radot patriotisku st\u0101stu par n\u0101ciju, likteni un sen\u010diem. Vi\u0146\u0161 nor\u0101d\u012bjis, ka izr\u0101de ir iesp\u0113ja aizdom\u0101ties par identit\u0101ti un atbild\u012bbu \u0161odien, akcent\u0113jot nepiecie\u0161am\u012bbu b\u016bt salied\u0113tiem un raudz\u012bties gai\u0161\u0101 n\u0101kotn\u0113. Izr\u0101de veidota, lai rosin\u0101tu skat\u012bt\u0101jus dom\u0101t un just, nevis sniegt gatavas atbildes, atspogu\u013cojot Rai\u0146a dai\u013cradei rakstur\u012bgo dzi\u013cumu.<\/p>\n<p>Vair\u0101k nek\u0101 600 dejot\u0101ju uz skatuves<\/p>\n<p>Lieluzvedum\u0101 piedal\u012bj\u0101s vair\u0101k nek\u0101 600 dejot\u0101ju, radot iespaid\u012bgu skatuves pieredzi. Taj\u0101 iesaist\u012bj\u0101s visu paaud\u017eu &#8220;Dzirnu&#8221; dejot\u0101ji, k\u0101 ar\u012b pieaicin\u0101tie deju kolekt\u012bvi &#8220;Lielupe&#8221; un &#8220;Ogre&#8221;, papildus piedal\u012bj\u0101s ar\u012b dejot\u0101ji kop\u0101 ar saviem vec\u0101kiem. \u0160\u0101ds pla\u0161ais dal\u012bbnieku loks \u013c\u0101va uz skatuves sav\u012bt da\u017e\u0101das paaudzes un deju pieredzes, radot dinamiska un emocion\u0101li pies\u0101tin\u0101ta uzveduma. Horeogr\u0101fs Agris Da\u0146i\u013cevi\u010ds, kur\u0161 ir ar\u012b deju skolas &#8220;Dzirnas&#8221; dibin\u0101t\u0101js un vad\u012bt\u0101js, uzsv\u0113ris, ka izr\u0101de ir veidota, lai rosin\u0101tu skat\u012bt\u0101jus dom\u0101t un just, nevis sniegt gatavas atbildes, atspogu\u013cojot Rai\u0146a dai\u013cradei rakstur\u012bgo dzi\u013cumu. Vi\u0146\u0161 ir ar\u012b deju skolot\u0101js, horeogr\u0101fs un vair\u0101ku dziesmu un deju sv\u0113tku virsvad\u012bt\u0101js, veidojot gan latvie\u0161u skatuvisk\u0101s dejas, gan m\u016bsdienu deju horeogr\u0101fijas.<\/p>\n<p>Deju skolas &#8220;Dzirnas&#8221; 40 gadu v\u0113sture<\/p>\n<p>Agra Da\u0146i\u013cevi\u010da deju skola &#8220;Dzirnas&#8221; dibin\u0101ta 1985. gad\u0101 Krimuld\u0101 k\u0101 tautas deju vien\u012bba. S\u0101kotn\u0113ji t\u0101 guvusi pan\u0101kumus Dziesmu un deju sv\u0113tku skat\u0113s un jaunrades deju konkursos. 1995. gad\u0101 ar uzvedumu &#8220;Mauglis&#8221; &#8220;Dzirnas&#8221; s\u0101ka eksperiment\u0113t ar jauniem deju stiliem, kas k\u013cuva par skolas neat\u0146emamu z\u012bmolu. 2002. gad\u0101 R\u012bg\u0101 tika atv\u0113rta studija, kur\u0101 tiek apg\u016btas daudzveid\u012bgas deju tehnikas \u2013 no klasisk\u0101s dejas un d\u017eeza l\u012bdz hiphopam, m\u016bsdienu un modernajai dejai, k\u0101 ar\u012b breika elementiem. Skolas misija ir veidot univers\u0101lu dejot\u0101ju, kur\u0161 sp\u0113j br\u012bvi un emocion\u0101li paust idejas, pie\u0161\u0137irot priek\u0161nesumam unik\u0101lu raksturu. \u0160obr\u012bd deju skolu vada Singita Da\u0146i\u013cevi\u010da.<\/p>\n<p>Par L\u0101\u010dpl\u0113\u0161a dienu<\/p>\n<p>L\u0101\u010dpl\u0113\u0161a diena, kas tiek atz\u012bm\u0113ta 11. novembr\u012b, ir piemi\u0146as diena visiem Latvijas br\u012bv\u012bbas c\u012b\u0146\u0101s kritu\u0161ajiem varo\u0146iem. T\u0101 ir kop\u0161 1920. gada 11. novembra r\u012bkota L\u0101\u010dpl\u0113\u0161a Kara orde\u0146a sv\u0113tku un pasnieg\u0161anas diena. Viena no paz\u012bstam\u0101kaj\u0101m trad\u012bcij\u0101m ir svec\u012b\u0161u aizdedzin\u0101\u0161ana pie R\u012bgas pils m\u016bra 11. novembra krastmal\u0101.<\/p>\n","protected":false},"excerpt":{"rendered":"Lieluzvedums &#8220;Indulis un \u0100rija. Dzirn\u0101m 40&#8221; R\u012bg\u0101 izpeln\u0101s skat\u012bt\u0101ju ov\u0101cijas L\u0101\u010dpl\u0113\u0161a dien\u0101, 11. novembr\u012b, R\u012bg\u0101, pilnaj\u0101 &#8220;Xiaomi Ar\u0113n\u0101&#8221;,&hellip;\n","protected":false},"author":2,"featured_media":90871,"comment_status":"","ping_status":"","sticky":false,"template":"","format":"standard","meta":{"footnotes":""},"categories":[19],"tags":[14904,5104,89,1377,90,11267,35,39,38,36,37,34,40,22918],"class_list":{"0":"post-90870","1":"post","2":"type-post","3":"status-publish","4":"format-standard","5":"has-post-thumbnail","7":"category-izklaide","8":"tag-deju-lieluzvedums","9":"tag-dzirnas","10":"tag-entertainment","11":"tag-indulis-un-arija","12":"tag-izklaide","13":"tag-lacplesa-diena","14":"tag-latvia","15":"tag-latvian","16":"tag-latviesu","17":"tag-latviesu-valoda","18":"tag-latviesuvaloda","19":"tag-latvija","20":"tag-lv","21":"tag-xiaomi-arena-riga"},"share_on_mastodon":{"url":"https:\/\/pubeurope.com\/@lv\/115814168214552798","error":""},"_links":{"self":[{"href":"https:\/\/www.europesays.com\/lv\/wp-json\/wp\/v2\/posts\/90870","targetHints":{"allow":["GET"]}}],"collection":[{"href":"https:\/\/www.europesays.com\/lv\/wp-json\/wp\/v2\/posts"}],"about":[{"href":"https:\/\/www.europesays.com\/lv\/wp-json\/wp\/v2\/types\/post"}],"author":[{"embeddable":true,"href":"https:\/\/www.europesays.com\/lv\/wp-json\/wp\/v2\/users\/2"}],"replies":[{"embeddable":true,"href":"https:\/\/www.europesays.com\/lv\/wp-json\/wp\/v2\/comments?post=90870"}],"version-history":[{"count":0,"href":"https:\/\/www.europesays.com\/lv\/wp-json\/wp\/v2\/posts\/90870\/revisions"}],"wp:featuredmedia":[{"embeddable":true,"href":"https:\/\/www.europesays.com\/lv\/wp-json\/wp\/v2\/media\/90871"}],"wp:attachment":[{"href":"https:\/\/www.europesays.com\/lv\/wp-json\/wp\/v2\/media?parent=90870"}],"wp:term":[{"taxonomy":"category","embeddable":true,"href":"https:\/\/www.europesays.com\/lv\/wp-json\/wp\/v2\/categories?post=90870"},{"taxonomy":"post_tag","embeddable":true,"href":"https:\/\/www.europesays.com\/lv\/wp-json\/wp\/v2\/tags?post=90870"}],"curies":[{"name":"wp","href":"https:\/\/api.w.org\/{rel}","templated":true}]}}