{"id":90874,"date":"2025-12-31T12:28:18","date_gmt":"2025-12-31T12:28:18","guid":{"rendered":"https:\/\/www.europesays.com\/lv\/90874\/"},"modified":"2025-12-31T12:28:18","modified_gmt":"2025-12-31T12:28:18","slug":"mes-mainam-noteikumus-hermanis-nak-klaja-ar-jaunu-pazinojumu","status":"publish","type":"post","link":"https:\/\/www.europesays.com\/lv\/90874\/","title":{"rendered":"&#8220;M\u0113s main\u0101m noteikumus&#8221; \u2013 Hermanis n\u0101k klaj\u0101 ar jaunu pazi\u0146ojumu"},"content":{"rendered":"<p>Re\u017eisors <a rel=\"noopener nofollow\" target=\"_blank\" href=\"https:\/\/www.delfi.lv\/temas\/40410413\/alvis-hermanis\" tag-id=\"40410413\">Alvis Hermanis<\/a>, kur\u0161 pirms p\u0101ris ned\u0113\u013c\u0101m pameta pa\u0161a dibin\u0101to kust\u012bbu &#8220;Bez partij\u0101m&#8221; soci\u0101lajos medijos tre\u0161dien n\u0101cis klaj\u0101 ar jaunu pazi\u0146ojumu. Vi\u0146\u0161 pazi\u0146ojis, ka iest\u0101jas politiskaj\u0101 partij\u0101 &#8220;Republika&#8221;, pied\u0101v\u0101jot main\u012bt t\u0101s nosaukumu uz &#8220;M\u0113s main\u0101m noteikumus&#8221;, k\u0101 ar\u012b ir gatavs to vad\u012bt. <\/p>\n<p>\u0160is politiskais sp\u0113ks kandid\u0113\u0161ot n\u0101kamaj\u0101 gad\u0101 gaid\u0101maj\u0101s Saeimas v\u0113l\u0113\u0161an\u0101s. Kop\u0101 ar Hermani &#8220;k\u0101das nelielas, jau sen re\u0123istr\u0113tas, partijas rind\u0101s, kuras biedri atbalsta kust\u012bbas &#8220;Bez partij\u0101m&#8221; m\u0113r\u0137us un idejas&#8221;, iest\u0101jies ar\u012b vi\u0146a domubiedrs J\u0101zeps Ba\u0161ko.<\/p>\n<p>Lasiet ar\u012b<\/p>\n<p><a href=\"https:\/\/www.delfi.lv\/193\/politics\/120099623\/nesagaidot-sabiedribas-atbalstu-hermanis-pievienojas-bezcerigo-pulkam\" class=\"headline__image-link\" itemprop=\"url\" rel=\"nofollow noopener\" target=\"_blank\"><img decoding=\"async\" loading=\"lazy\" itemprop=\"image\" src=\"https:\/\/www.europesays.com\/lv\/wp-content\/uploads\/2025\/12\/df7475a6-d4e5-439d-b34a-54f820fdbae6.jpg\" alt=\"Nesagaidot sabiedr\u012bbas atbalstu, Hermanis pievienojas &quot;bezcer\u012bgo pulkam&quot;\" title=\"Nesagaidot sabiedr\u012bbas atbalstu, Hermanis pievienojas &quot;bezcer\u012bgo pulkam&quot;\" class=\"headline__image img-fluid w-100\"\/><\/a><a href=\"https:\/\/www.delfi.lv\/193\/politics\/120098085\/uzskatu-nesakritibas-del-biedribu-bez-partijam-pamet-viens-no-tas-dibinatajiem-basko\" class=\"headline__image-link\" itemprop=\"url\" rel=\"nofollow noopener\" target=\"_blank\"><img decoding=\"async\" loading=\"lazy\" itemprop=\"image\" src=\"https:\/\/www.europesays.com\/lv\/wp-content\/uploads\/2025\/12\/72d72652-28d8-44fb-ac5e-aa9e08690bc0.jpg\" alt=\"Uzskatu nesakrit\u012bbas d\u0113\u013c biedr\u012bbu &quot;Bez partij\u0101m&quot; pamet viens no t\u0101s dibin\u0101t\u0101jiem \u2013 Ba\u0161ko\" title=\"Uzskatu nesakrit\u012bbas d\u0113\u013c biedr\u012bbu &quot;Bez partij\u0101m&quot; pamet viens no t\u0101s dibin\u0101t\u0101jiem \u2013 Ba\u0161ko\" class=\"headline__image img-fluid w-100\"\/><\/a><\/p>\n<p>Hermanis v\u0113sta, ka likums ne\u013cauj dibin\u0101t jaunu partiju vienu gadu pirms v\u0113l\u0113\u0161an\u0101m, t\u0101p\u0113c vi\u0146i abi ar Ba\u0161ko izv\u0113l\u0113ju\u0161ies spert \u0161\u0101du soli. Pied\u0101v\u0101tais nosaukums &#8220;M\u0113s main\u0101m noteikumus&#8221; ietverot gan politisk\u0101 sp\u0113ka galveno m\u0113r\u0137i \u2013 &#8220;v\u0113l\u0113\u0161anu likuma mai\u0146u, lai turpm\u0101k balsotu par individu\u0101liem kandid\u0101tiem nevis partiju list\u0113m&#8221;, gan ar\u012b &#8220;vajadz\u012bbu p\u0113c p\u0101rmai\u0146\u0101m visos valsts p\u0101rvaldes un ier\u0113dniec\u012bbas l\u012bme\u0146os \u2013 kur pa\u0161laik, k\u0101 zin\u0101ms, neviens ne par ko \u012bsti neatbild&#8221;. <\/p>\n<p>Partija iest\u0101\u0161oties &#8220;par individu\u0101lu atbild\u012bbu, t\u0101 pied\u0101v\u0101s radik\u0101li jaunu konceptu Latvijas iedz\u012bvot\u0101jiem ikdienas lieto\u0161anai \u2013 turpm\u0101k par katru lietu, vietu, projektu vai r\u012bc\u012bbu, par katru labi vai slikti padar\u012btu darbu b\u016bs atbild\u012bgs tikai viens cilv\u0113ks. Katrs sav\u0101 viet\u0101. Nevis divi vai vair\u0101ki, bet tikai viens. No aug\u0161as l\u012bdz apak\u0161ai un otr\u0101di&#8221;. <\/p>\n<p>Hermanis v\u0113sta, ka tas attiek\u0161oties gan uz valsts p\u0101rvaldi \u2013 no v\u0113l\u0113\u0161anu metodes l\u012bdz birokr\u0101tijas funkcij\u0101m \u2013, gan &#8220;pilso\u0146u br\u012bv\u012bbu un atbild\u012bbu pa\u0161iem lemt par savu dz\u012bvi&#8221;. <\/p>\n<p>&#8220;Protams, valsts pal\u012bdz\u0113s tiem, kuri nesp\u0113j sevi apg\u0101d\u0101t pa\u0161i, ta\u010du p\u0101r\u0113jiem vajag vair\u0101k br\u012bv\u012bbas un l\u012bdz ar to \u2013 person\u012bgas atbild\u012bbas. Tauta draud izn\u012bkt. B\u0113rni nedzimst, pension\u0101ru skaits pieaug, bet valsts nepelna un \u0101r\u0113jais par\u0101ds palielin\u0101s. Tas nevar labi beigties. T\u0101p\u0113c valsts saglab\u0101s tikai pa\u0161as nepiecie\u0161am\u0101k\u0101s funkcijas, viss p\u0101r\u0113jais \u2013 priv\u0101ta iniciat\u012bva un br\u012bva izv\u0113le,&#8221; raksta re\u017eisors. <\/p>\n<p>&#8220;Piem\u0113ram: visu ierobe\u017eojumu atcel\u0161ana savas zemes, me\u017eu izmanto\u0161anai un priv\u0101tai apb\u016bvei (ja neapdraud citu dro\u0161\u012bbu);   valsts p\u0101rst\u0101j vaj\u0101t un veikt soda funkcijas pret saviem pilso\u0146iem par neb\u016btisk\u0101m k\u013c\u016bd\u0101m; uz\u0146\u0113m\u0113jdarb\u012bbas nevajadz\u012bga regul\u0113\u0161ana un kontrol\u0113\u0161ana tiek trakt\u0113ta k\u0101 valsts sabot\u0101\u017ea ar attiec\u012bg\u0101m sek\u0101m;  bru\u0146ota tauta: vismaz zemessargi dr\u012bkst tur\u0113t iero\u010dus m\u0101j\u0101s; skolu vada direktors, nevis ministrija,&#8221; raksta re\u017eisors, pau\u017eot tic\u012bbu, ka &#8220;Latvij\u0101 politiku veidot var ar\u012b bez sh\u0113mot\u0101ju pal\u012bdz\u012bbas&#8221;. <\/p>\n<p>T\u0101pat vi\u0146\u0161 nor\u0101da, ka &#8220;m\u016bsu priek\u0161likums b\u016bs ar\u012b pirmais solis, lai iedro\u0161in\u0101tu atgriezties m\u0101j\u0101s tos 400 000 m\u016bs\u0113jo, kuri tika izspiesti lauk\u0101&#8221;, papildinot: &#8220;Mums nevajag nek\u0101dus &#8220;gudros&#8221; imigrantus, mums vajag m\u016bs\u0113jos. Valsts ir priek\u0161 tautas un nevis otr\u0101di&#8221;. <\/p>\n<p>&#8220;T\u0101p\u0113c pied\u0101v\u0101jam main\u012bt sp\u0113les noteikumus: par individu\u0101lu atbild\u012bbu un lai\u017eam cilv\u0113kus br\u012bv\u012bb\u0101,&#8221; savu ierakstu nosl\u0113dz Hermanis, nov\u0113lot laim\u012bgu Jauno gadu un piebilstot: &#8220;T\u0101 k\u0101 \u0161\u012b kust\u012bba pagaid\u0101m liel\u0101koties asoci\u0113jas ar manu v\u0101rdu, tad s\u0101k\u0161u ar savu pa\u0161a individu\u0101lo atbild\u012bbu un esmu gatavs s\u0101kum\u0101 b\u016bt jaunizveidot\u0101s partijas vad\u012bt\u0101js&#8221;. <\/p>\n<p>Lasiet ar\u012b<\/p>\n<p><a href=\"https:\/\/www.delfi.lv\/193\/politics\/120099895\/sapratu-ka-esmu-iekluvis-lamatas-hermanis-komente-bez-partijam-kuga-pamesanu\" class=\"headline__image-link\" itemprop=\"url\" rel=\"nofollow noopener\" target=\"_blank\"><img decoding=\"async\" loading=\"lazy\" itemprop=\"image\" src=\"https:\/\/www.europesays.com\/lv\/wp-content\/uploads\/2025\/12\/df7475a6-d4e5-439d-b34a-54f820fdbae6.jpg\" alt=\"&quot;Sapratu, ka esmu iek\u013cuvis lamat\u0101s&quot; \u2013 Hermanis koment\u0113 &quot;Bez partij\u0101m&quot; ku\u0123a pame\u0161anu\" title=\"&quot;Sapratu, ka esmu iek\u013cuvis lamat\u0101s&quot; \u2013 Hermanis koment\u0113 &quot;Bez partij\u0101m&quot; ku\u0123a pame\u0161anu\" class=\"headline__image img-fluid w-100\"\/><\/a><\/p>\n<p>Partijas &#8220;Republika&#8221; vad\u012bt\u0101js \u0112riks Pucens medijiem tre\u0161dienas r\u012bt\u0101 izplat\u012bjis pazi\u0146ojumu, kur\u0101 apstiprin\u0101jis Herma\u0146a un Ba\u0161ko iesniegumu sa\u0146em\u0161anu, kuros vi\u0146i l\u016bdz uz\u0146em\u0161anu partijas rind\u0101s.<\/p>\n<p>T\u0101pat pazi\u0146ojum\u0101 nor\u0101d\u012bts, ka &#8220;Republika&#8221; tuv\u0101kaj\u0101 laik\u0101 uzs\u0101ks procesu partijas nosaukuma mai\u0146ai, lai tas prec\u012bz\u0101k atspogu\u013cotu jaun\u0101s politisk\u0101s priorit\u0101tes, v\u0113rt\u012bbas un pied\u0101v\u0101to redz\u0113jumu Latvijas n\u0101kotnei.<\/p>\n<p>&#8220;Delfi&#8221; jau rakst\u012bja, ka Hermanis decembra s\u0101kum\u0101 pazi\u0146oja, ka vairs netic Latvijas sabiedr\u012bbai, nosauca to par bezcer\u012bgu un lika noprast, ka pamet pa\u0161a dibin\u0101to kust\u012bbu &#8220;Bez partij\u0101m&#8221;. P\u0113c\u0101k vi\u0146\u0161 skaidroja, ka biedr\u012bbu &#8220;Bez partij\u0101m&#8221; licis pamest veidojuma biroja vad\u012bbas mekl\u0113\u0161anas process.<\/p>\n<p class=\"m-0\">Seko &#8220;Delfi&#8221; ar\u012b  <a target=\"_blank\" href=\"https:\/\/www.instagram.com\/delfi.lv\/\" rel=\"nofollow noopener\">Instagram<\/a>  un <a target=\"_blank\" href=\"https:\/\/www.youtube.com\/channel\/UCw5foWtcJvAbUm64rv7jwUQ\" rel=\"nofollow noopener\">YouTube<\/a>  profil\u0101 \u2013 pievienojies, lai uzzin\u0101tu svar\u012bg\u0101ko un interesant\u0101ko pirmais!<\/p>\n<p>Publik\u0101cijas saturs vai t\u0101s jebk\u0101da apjoma da\u013ca ir aizsarg\u0101ts autorties\u012bbu objekts Autorties\u012bbu likuma izpratn\u0113, un t\u0101 izmanto\u0161ana bez izdev\u0113ja at\u013caujas ir aizliegta. Vair\u0101k lasi  <a target=\"_blank\" href=\"https:\/\/www.delfi.lv\/noteikumi#autortiesibas\" rel=\"nofollow noopener\">\u0161eit<\/a><script async src=\"\/\/www.instagram.com\/embed.js\"><\/script><\/p>\n","protected":false},"excerpt":{"rendered":"Re\u017eisors Alvis Hermanis, kur\u0161 pirms p\u0101ris ned\u0113\u013c\u0101m pameta pa\u0161a dibin\u0101to kust\u012bbu &#8220;Bez partij\u0101m&#8221; soci\u0101lajos medijos tre\u0161dien n\u0101cis klaj\u0101&hellip;\n","protected":false},"author":2,"featured_media":90875,"comment_status":"","ping_status":"","sticky":false,"template":"","format":"standard","meta":{"footnotes":""},"categories":[12],"tags":[23,5992,28,29,32,33,22,30,31,35,39,38,36,37,34,40,20,26,27,24,25,21],"class_list":{"0":"post-90874","1":"post","2":"type-post","3":"status-publish","4":"format-standard","5":"has-post-thumbnail","7":"category-latvija","8":"tag-aktualitates","9":"tag-alvis-hermanis","10":"tag-breaking-news","11":"tag-breakingnews","12":"tag-featured-news","13":"tag-featurednews","14":"tag-headlines","15":"tag-latest-news","16":"tag-latestnews","17":"tag-latvia","18":"tag-latvian","19":"tag-latviesu","20":"tag-latviesu-valoda","21":"tag-latviesuvaloda","22":"tag-latvija","23":"tag-lv","24":"tag-news","25":"tag-popularakas-zinas","26":"tag-popularakaszinas","27":"tag-top-stories","28":"tag-topstories","29":"tag-zinas"},"share_on_mastodon":{"url":"https:\/\/pubeurope.com\/@lv\/115814183970379530","error":""},"_links":{"self":[{"href":"https:\/\/www.europesays.com\/lv\/wp-json\/wp\/v2\/posts\/90874","targetHints":{"allow":["GET"]}}],"collection":[{"href":"https:\/\/www.europesays.com\/lv\/wp-json\/wp\/v2\/posts"}],"about":[{"href":"https:\/\/www.europesays.com\/lv\/wp-json\/wp\/v2\/types\/post"}],"author":[{"embeddable":true,"href":"https:\/\/www.europesays.com\/lv\/wp-json\/wp\/v2\/users\/2"}],"replies":[{"embeddable":true,"href":"https:\/\/www.europesays.com\/lv\/wp-json\/wp\/v2\/comments?post=90874"}],"version-history":[{"count":0,"href":"https:\/\/www.europesays.com\/lv\/wp-json\/wp\/v2\/posts\/90874\/revisions"}],"wp:featuredmedia":[{"embeddable":true,"href":"https:\/\/www.europesays.com\/lv\/wp-json\/wp\/v2\/media\/90875"}],"wp:attachment":[{"href":"https:\/\/www.europesays.com\/lv\/wp-json\/wp\/v2\/media?parent=90874"}],"wp:term":[{"taxonomy":"category","embeddable":true,"href":"https:\/\/www.europesays.com\/lv\/wp-json\/wp\/v2\/categories?post=90874"},{"taxonomy":"post_tag","embeddable":true,"href":"https:\/\/www.europesays.com\/lv\/wp-json\/wp\/v2\/tags?post=90874"}],"curies":[{"name":"wp","href":"https:\/\/api.w.org\/{rel}","templated":true}]}}