{"id":90893,"date":"2025-12-31T12:46:12","date_gmt":"2025-12-31T12:46:12","guid":{"rendered":"https:\/\/www.europesays.com\/lv\/90893\/"},"modified":"2025-12-31T12:46:12","modified_gmt":"2025-12-31T12:46:12","slug":"foto-rumaks-nolikts-augspedus-uz-lidzenas-vietas-ropazu-policija-publice-foto-un-bridina-soferus","status":"publish","type":"post","link":"https:\/\/www.europesays.com\/lv\/90893\/","title":{"rendered":"FOTO. \u201cRumaks\u201d nolikts aug\u0161p\u0113dus uz l\u012bdzenas vietas! Ropa\u017eu policija public\u0113 foto un br\u012bdina \u0161oferus"},"content":{"rendered":"<p>    <img decoding=\"async\" src=\"https:\/\/www.europesays.com\/lv\/wp-content\/uploads\/2025\/12\/607742831_859020753696575_2324947416994719280_n-1024x603.jpg\" alt=\"&#10;\"\/><\/p>\n<p>Foto: Ropa\u017eu pa\u0161vald\u012bbas policija\/Facebook\n<\/p>\n<p>Laikapst\u0101k\u013ci p\u0113d\u0113j\u0101s dien\u0101s strauji main\u012bju\u0161ies, t\u0101p\u0113c ar\u012b uz ce\u013ciem av\u0101rijas notiku\u0161as bie\u017e\u0101k k\u0101 iepriek\u0161. \u0160oreiz foto no k\u0101das av\u0101rijas public\u0113jusi Ropa\u017eu novada pa\u0161vald\u012bbas policija. <\/p>\n<p>        Las\u012bt\u0101kie<br \/>\n        <a data-imagesrc=\"{&quot;300&quot;:&quot;https:\\\/\\\/lastatic.ams3.cdn.digitaloceanspaces.com\\\/2025\\\/03\\\/pexels-rakicevic-nenad-233369-769525-300x249.jpg&quot;,&quot;1024&quot;:&quot;https:\\\/\\\/lastatic.ams3.cdn.digitaloceanspaces.com\\\/2025\\\/03\\\/pexels-rakicevic-nenad-233369-769525-1024x851.jpg&quot;,&quot;768&quot;:&quot;https:\\\/\\\/lastatic.ams3.cdn.digitaloceanspaces.com\\\/2025\\\/03\\\/pexels-rakicevic-nenad-233369-769525-768x638.jpg&quot;,&quot;1536&quot;:&quot;https:\\\/\\\/lastatic.ams3.cdn.digitaloceanspaces.com\\\/2025\\\/03\\\/pexels-rakicevic-nenad-233369-769525-1536x1276.jpg&quot;,&quot;2048&quot;:&quot;https:\\\/\\\/lastatic.ams3.cdn.digitaloceanspaces.com\\\/2025\\\/03\\\/pexels-rakicevic-nenad-233369-769525-2048x1701.jpg&quot;,&quot;200&quot;:&quot;https:\\\/\\\/lastatic.ams3.cdn.digitaloceanspaces.com\\\/2025\\\/03\\\/pexels-rakicevic-nenad-233369-769525-200x166.jpg&quot;,&quot;400&quot;:&quot;https:\\\/\\\/lastatic.ams3.cdn.digitaloceanspaces.com\\\/2025\\\/03\\\/pexels-rakicevic-nenad-233369-769525-400x332.jpg&quot;,&quot;500&quot;:&quot;https:\\\/\\\/lastatic.ams3.cdn.digitaloceanspaces.com\\\/2025\\\/03\\\/pexels-rakicevic-nenad-233369-769525-500x415.jpg&quot;,&quot;800&quot;:&quot;https:\\\/\\\/lastatic.ams3.cdn.digitaloceanspaces.com\\\/2025\\\/03\\\/pexels-rakicevic-nenad-233369-769525-800x665.jpg&quot;,&quot;1000&quot;:&quot;https:\\\/\\\/lastatic.ams3.cdn.digitaloceanspaces.com\\\/2025\\\/03\\\/pexels-rakicevic-nenad-233369-769525-1000x831.jpg&quot;,&quot;2560&quot;:&quot;https:\\\/\\\/lastatic.ams3.cdn.digitaloceanspaces.com\\\/2025\\\/03\\\/pexels-rakicevic-nenad-233369-769525-scaled.jpg&quot;}\" data-focuspoint=\"&quot;&quot;\" data-p=\"2470324\" href=\"https:\/\/www.la.lv\/ko-vilkt-jaungada-nakti-astrologi-sniedz-precizas-norades-katrai-zodiaka-zimei\" class=\"content-item lazy-load\" wp_automatic_readability=\"26\" rel=\"nofollow noopener\" target=\"_blank\"><\/p>\n<p>                                <img decoding=\"async\" src=\"\" alt=\"\" style=\"\" data-imageid=\"\"\/><\/p>\n<p>                                Kokteilis<\/p>\n<p>\n                                                Ko vilkt Jaungada nakt\u012b? Astrologi sniedz prec\u012bzas nor\u0101des katrai zodiaka z\u012bmei\n                            <\/p>\n<p><\/a><a data-imagesrc=\"{&quot;300&quot;:&quot;https:\\\/\\\/lastatic.ams3.cdn.digitaloceanspaces.com\\\/2017\\\/12\\\/jaunais-300x200.jpg&quot;,&quot;768&quot;:&quot;https:\\\/\\\/lastatic.ams3.cdn.digitaloceanspaces.com\\\/2017\\\/12\\\/jaunais-768x512.jpg&quot;,&quot;80&quot;:&quot;https:\\\/\\\/lastatic.ams3.cdn.digitaloceanspaces.com\\\/2017\\\/12\\\/jaunais-80x48.jpg&quot;,&quot;112&quot;:&quot;https:\\\/\\\/lastatic.ams3.cdn.digitaloceanspaces.com\\\/2017\\\/12\\\/jaunais-112x64.jpg&quot;,&quot;664&quot;:&quot;https:\\\/\\\/lastatic.ams3.cdn.digitaloceanspaces.com\\\/2017\\\/12\\\/jaunais-664x443.jpg&quot;,&quot;240&quot;:&quot;https:\\\/\\\/lastatic.ams3.cdn.digitaloceanspaces.com\\\/2017\\\/12\\\/jaunais-240x160.jpg&quot;,&quot;263&quot;:&quot;https:\\\/\\\/lastatic.ams3.cdn.digitaloceanspaces.com\\\/2017\\\/12\\\/jaunais-263x175.jpg&quot;,&quot;507&quot;:&quot;https:\\\/\\\/lastatic.ams3.cdn.digitaloceanspaces.com\\\/2017\\\/12\\\/jaunais-507x338.jpg&quot;,&quot;118&quot;:&quot;https:\\\/\\\/lastatic.ams3.cdn.digitaloceanspaces.com\\\/2017\\\/12\\\/jaunais-118x70.jpg&quot;,&quot;348&quot;:&quot;https:\\\/\\\/lastatic.ams3.cdn.digitaloceanspaces.com\\\/2017\\\/12\\\/jaunais-348x225.jpg&quot;,&quot;640&quot;:&quot;https:\\\/\\\/lastatic.ams3.cdn.digitaloceanspaces.com\\\/2017\\\/12\\\/jaunais-640x640.jpg&quot;,&quot;90&quot;:&quot;https:\\\/\\\/lastatic.ams3.cdn.digitaloceanspaces.com\\\/2017\\\/12\\\/jaunais-90x58.jpg&quot;,&quot;960&quot;:&quot;https:\\\/\\\/lastatic.ams3.cdn.digitaloceanspaces.com\\\/2017\\\/12\\\/jaunais.jpg&quot;}\" data-focuspoint=\"&quot;&quot;\" data-p=\"2477013\" href=\"https:\/\/www.la.lv\/ko-vilkt-mugura-sagaidot-uguniga-zirga-gadu-padomi-katrai-zodiaka-zimei-lai-piesaistitu-veiksmi-un-harmoniju\" class=\"content-item lazy-load\" wp_automatic_readability=\"27.5\" rel=\"nofollow noopener\" target=\"_blank\"><\/p>\n<p>                                <img decoding=\"async\" src=\"\" alt=\"\" style=\"\" data-imageid=\"\"\/><\/p>\n<p>                                Kokteilis<\/p>\n<p>\n                                                Ko vilkt mugur\u0101, sagaidot Ugun\u012bg\u0101 Zirga gadu? Padomi katrai zodiaka z\u012bmei, lai piesaist\u012btu veiksmi un harmoniju\n                            <\/p>\n<p><\/a><a data-imagesrc=\"{&quot;300&quot;:&quot;https:\\\/\\\/lastatic.ams3.cdn.digitaloceanspaces.com\\\/2021\\\/03\\\/Alvis-Hermanis-300x207.jpg&quot;,&quot;768&quot;:&quot;https:\\\/\\\/lastatic.ams3.cdn.digitaloceanspaces.com\\\/2021\\\/03\\\/Alvis-Hermanis-768x531.jpg&quot;,&quot;200&quot;:&quot;https:\\\/\\\/lastatic.ams3.cdn.digitaloceanspaces.com\\\/2021\\\/03\\\/Alvis-Hermanis-200x138.jpg&quot;,&quot;400&quot;:&quot;https:\\\/\\\/lastatic.ams3.cdn.digitaloceanspaces.com\\\/2021\\\/03\\\/Alvis-Hermanis-400x276.jpg&quot;,&quot;500&quot;:&quot;https:\\\/\\\/lastatic.ams3.cdn.digitaloceanspaces.com\\\/2021\\\/03\\\/Alvis-Hermanis-500x346.jpg&quot;,&quot;800&quot;:&quot;https:\\\/\\\/lastatic.ams3.cdn.digitaloceanspaces.com\\\/2021\\\/03\\\/Alvis-Hermanis-800x553.jpg&quot;,&quot;1000&quot;:&quot;https:\\\/\\\/lastatic.ams3.cdn.digitaloceanspaces.com\\\/2021\\\/03\\\/Alvis-Hermanis.jpg&quot;}\" data-focuspoint=\"&quot;&quot;\" data-p=\"2486969\" href=\"https:\/\/www.la.lv\/alvis-hermanis-sveicinati-veca-gada-pedeja-diena-mums-ir-jaunumi\" class=\"content-item lazy-load\" wp_automatic_readability=\"26\" rel=\"nofollow noopener\" target=\"_blank\"><\/p>\n<p>                                <img decoding=\"async\" src=\"\" alt=\"\" style=\"\" data-imageid=\"\"\/><\/p>\n<p>\n                                                Alvis Hermanis: Sveicin\u0101ti Vec\u0101 gada p\u0113d\u0113j\u0101 dien\u0101! Mums ir jaunumi!\n                            <\/p>\n<p><\/a><br \/>\n        <a class=\"read-more\" href=\"https:\/\/www.la.lv\/top\" rel=\"nofollow noopener\" target=\"_blank\">Las\u012bt citas zi\u0146as<\/a><\/p>\n<p>\u201cPirmie ziemas prieki samulsina pat pieaugu\u0161os \u2013 k\u0101ds v\u012brietis, kam nav der\u012bgas autovad\u012bt\u0101ja apliec\u012bbas, paman\u0101s savu \u201crumaku\u201d nolikt aug\u0161p\u0113dus uz l\u012bdzenas vietas.<\/p>\n<p>Sa\u0146emta inform\u0101cija, ka net\u0101lu no Silakroga uz autoce\u013ca V68 apg\u0101zusies BMW markas automa\u0161\u012bna. Ierodoties notikuma viet\u0101 konstat\u0113ts, ka laim\u012bg\u0101 k\u0101rt\u0101 autovad\u012bt\u0101js nav cietis un sp\u0113jis saviem sp\u0113kiem izk\u013c\u016bt no sp\u0113krata. V\u012brietis paskaidroja, ka ma\u0161\u012bna sasl\u012bd\u0113jusi un vi\u0146\u0161 nav sp\u0113jis to savald\u012bt. <\/p>\n<p>    CITI \u0160OBR\u012aD LASA<\/p>\n<p>P\u0101rbaudot personas datus, noskaidrots, ka v\u012brietim nav der\u012bgas autovad\u012bt\u0101ja apliec\u012bbas un pret personu uzs\u0101ktas likum\u0101 noteikt\u0101s procesu\u0101l\u0101s darb\u012bbas.<\/p>\n<p>Papildus v\u0113r\u0161am uzman\u012bbu \u2013 l\u012bdz ar pirm\u0101 sniega iest\u0101\u0161anos ir iev\u0113rojami pieaudzis s\u016bdz\u012bbu skaits par autovad\u012bt\u0101jiem, kas uz koplieto\u0161anas ce\u013ciem, pat apdz\u012bvot\u0101s viet\u0101s, veic apzin\u0101tu \u201cdrift\u0113\u0161anu\u201d. <\/p>\n<p>Atg\u0101din\u0101m \u2013 apzin\u0101ta s\u0101nsl\u012bdes rad\u012b\u0161ana uz ce\u013ciem vai cit\u0101s viet\u0101s, kur iesp\u0113jama satiksme (st\u0101vlaukumi, laukumi, pagalmi u. tml.) tiek trakt\u0113ta k\u0101 agres\u012bva brauk\u0161ana!<\/p>\n<p>Saska\u0146\u0101 ar Ce\u013cu satiksmes likuma 51. pantu tiek piem\u0113rots naudas sods no 70 l\u012bdz 280 eiro, k\u0101 ar\u012b se\u0161i soda punkti,\u201d policija atg\u0101dina.<\/p>\n<p>T\u0113mas<\/p>\n<p>    SAIST\u012aTIE RAKSTI<\/p>\n","protected":false},"excerpt":{"rendered":"Foto: Ropa\u017eu pa\u0161vald\u012bbas policija\/Facebook Laikapst\u0101k\u013ci p\u0113d\u0113j\u0101s dien\u0101s strauji main\u012bju\u0161ies, t\u0101p\u0113c ar\u012b uz ce\u013ciem av\u0101rijas notiku\u0161as bie\u017e\u0101k k\u0101 iepriek\u0161.&hellip;\n","protected":false},"author":2,"featured_media":90894,"comment_status":"","ping_status":"","sticky":false,"template":"","format":"standard","meta":{"footnotes":""},"categories":[12],"tags":[23,28,29,32,33,22,30,31,35,39,38,36,37,34,40,20,26,27,24,25,21],"class_list":{"0":"post-90893","1":"post","2":"type-post","3":"status-publish","4":"format-standard","5":"has-post-thumbnail","7":"category-latvija","8":"tag-aktualitates","9":"tag-breaking-news","10":"tag-breakingnews","11":"tag-featured-news","12":"tag-featurednews","13":"tag-headlines","14":"tag-latest-news","15":"tag-latestnews","16":"tag-latvia","17":"tag-latvian","18":"tag-latviesu","19":"tag-latviesu-valoda","20":"tag-latviesuvaloda","21":"tag-latvija","22":"tag-lv","23":"tag-news","24":"tag-popularakas-zinas","25":"tag-popularakaszinas","26":"tag-top-stories","27":"tag-topstories","28":"tag-zinas"},"share_on_mastodon":{"url":"https:\/\/pubeurope.com\/@lv\/115814254828722428","error":""},"_links":{"self":[{"href":"https:\/\/www.europesays.com\/lv\/wp-json\/wp\/v2\/posts\/90893","targetHints":{"allow":["GET"]}}],"collection":[{"href":"https:\/\/www.europesays.com\/lv\/wp-json\/wp\/v2\/posts"}],"about":[{"href":"https:\/\/www.europesays.com\/lv\/wp-json\/wp\/v2\/types\/post"}],"author":[{"embeddable":true,"href":"https:\/\/www.europesays.com\/lv\/wp-json\/wp\/v2\/users\/2"}],"replies":[{"embeddable":true,"href":"https:\/\/www.europesays.com\/lv\/wp-json\/wp\/v2\/comments?post=90893"}],"version-history":[{"count":0,"href":"https:\/\/www.europesays.com\/lv\/wp-json\/wp\/v2\/posts\/90893\/revisions"}],"wp:featuredmedia":[{"embeddable":true,"href":"https:\/\/www.europesays.com\/lv\/wp-json\/wp\/v2\/media\/90894"}],"wp:attachment":[{"href":"https:\/\/www.europesays.com\/lv\/wp-json\/wp\/v2\/media?parent=90893"}],"wp:term":[{"taxonomy":"category","embeddable":true,"href":"https:\/\/www.europesays.com\/lv\/wp-json\/wp\/v2\/categories?post=90893"},{"taxonomy":"post_tag","embeddable":true,"href":"https:\/\/www.europesays.com\/lv\/wp-json\/wp\/v2\/tags?post=90893"}],"curies":[{"name":"wp","href":"https:\/\/api.w.org\/{rel}","templated":true}]}}