{"id":90901,"date":"2025-12-31T12:52:20","date_gmt":"2025-12-31T12:52:20","guid":{"rendered":"https:\/\/www.europesays.com\/lv\/90901\/"},"modified":"2025-12-31T12:52:20","modified_gmt":"2025-12-31T12:52:20","slug":"kadi-jaunumi-2026-gada-sagaida-veselibas-aprupe","status":"publish","type":"post","link":"https:\/\/www.europesays.com\/lv\/90901\/","title":{"rendered":"K\u0101di jaunumi 2026. gad\u0101 sagaida vesel\u012bbas apr\u016bp\u0113"},"content":{"rendered":"<p>N\u0101kamgad pl\u0101nots ieviest vair\u0101kus jaunumus un uzlabojumus valsts apmaks\u0101to vesel\u012bbas apr\u016bpes pakalpojumu snieg\u0161an\u0101 iedz\u012bvot\u0101jiem. Par to, kas j\u0101zina, saist\u012bb\u0101 ar jaunumiem, inform\u0113 <a rel=\"noopener nofollow\" target=\"_blank\" href=\"https:\/\/www.delfi.lv\/temas\/45254002\/nacionalais-veselibas-dienests\" tag-id=\"45254002\">Nacion\u0101lais vesel\u012bbas dienests<\/a> (<a rel=\"noopener nofollow\" target=\"_blank\" href=\"https:\/\/www.delfi.lv\/temas\/48980403\/nvd\" tag-id=\"48980403\">NVD<\/a>). <\/p>\n<p>Medic\u012bnisk\u0101 apaug\u013co\u0161ana un gr\u016btnie\u010du apr\u016bpe<\/p>\n<p class=\"paragraph\">N\u0101kamgad valsts apmaks\u0101tas medic\u012bnisk\u0101s apaug\u013co\u0161anas pakalpojuma ietvaros sieviet\u0113m tiks apmaks\u0101ti tr\u012bs apaug\u013co\u0161anas proced\u016bras m\u0113\u0123in\u0101jumi, ja p\u0113c proced\u016bras nav iest\u0101jusies gr\u016btniec\u012bba (iepriek\u0161 apmaks\u0101ja divus), inform\u0113 NVD. <\/p>\n<p class=\"paragraph\">Turpm\u0101k tiks apmaks\u0101ts ar\u012b jauns pakalpojums \u2013 embriju pirms implant\u0101cijas diagnostika. To veiks \u0123imen\u0113m, kur\u0101s tiek p\u0101rmantotas monog\u0113nas saslim\u0161anas, lai izsl\u0113gtu t\u0101du embriju p\u0101rnesi, kas rezult\u0113jas ar neveiksm\u012bgu gr\u016btniec\u012bbu.  <\/p>\n<p class=\"paragraph\">Vis\u0101m riska grupas gr\u016btniec\u0113m ar izmain\u012btiem pirm\u0101 trimestra anal\u012b\u017eu rezult\u0101tiem, paaugstin\u0101tu trisomiju risku vai vecumu virs 35 gadiem b\u016bs pieejama valsts apmaks\u0101ta NIPT testa veik\u0161ana, t\u0101d\u0113j\u0101di nodro\u0161inot agr\u012bnu \u0123en\u0113tisko trauc\u0113jumu diagnostiku bez invaz\u012bv\u0101m proced\u016br\u0101m, skaidroja NVD p\u0101rst\u0101ve Evija \u0160t\u0101lberga.<\/p>\n<p class=\"paragraph\">V\u0113l viens noz\u012bm\u012bgs jaunums \u2014 <a rel=\"noopener nofollow\" target=\"_blank\" href=\"https:\/\/www.vm.gov.lv\/lv\/jaunums\/vairak-neka-700-jaunas-maminas-sanems-atbalstu-pecdzemdibu-perioda-pilotprojekta-vecmates-majas-vizite\" data-rel-date-range=\"[]\">pilotprojekta &#8220;Vecm\u0101tes m\u0101jas viz\u012bte<\/a>&#8221; R\u012bg\u0101 un re\u0123ionos valsts apmaks\u0101tu p\u0113cdzemd\u012bbu apr\u016bpi nodro\u0161in\u0101s vair\u0101k k\u0101 700 jaunaj\u0101m m\u0101mi\u0146\u0101m, lai pirmaj\u0101s ned\u0113\u013c\u0101s p\u0113c dzemd\u012bb\u0101m par\u016bp\u0113tos par jaundzimu\u0161\u0101 vesel\u012bbu un sievietes emocion\u0101lo labb\u016bt\u012bbu.  <\/p>\n<p>B\u0113rnu vesel\u012bbas apr\u016bpe <\/p>\n<p class=\"paragraph\">No n\u0101kam\u0101 gada priek\u0161laikus dzimu\u0161ajiem b\u0113rniem un z\u012bdai\u0146iem, kuri vismaz piecas dienas \u0101rst\u0113ti intens\u012bv\u0101s terapijas noda\u013c\u0101, k\u0101 ar\u012b b\u0113rniem ar cit\u0101m konstat\u0113t\u0101m vesel\u012bbas probl\u0113m\u0101m, tiks nodro\u0161in\u0101ta valsts apmaks\u0101ta dzirdes p\u0101rbaude, izmantojot dzirdes smadze\u0146u stumbra reakcijas tehnolo\u0123iju. T\u0101 \u013cauj savlaic\u012bgi atkl\u0101t dzirdes trauc\u0113jumus, tostarp ar neirolo\u0123iskiem boj\u0101jumiem saist\u012btas probl\u0113mas. <\/p>\n<p class=\"paragraph\">B\u016btiskas izmai\u0146as gaid\u0101mas ar\u012b ambulatoro pakalpojumu snieg\u0161an\u0101, uzlabojot b\u0113rniem valsts apmaks\u0101tu pakalpojumu pieejam\u012bbu. Turpm\u0101k vair\u0101k\u0101s pakalpojumu programm\u0101s valsts finans\u0113jums b\u0113rniem un pieaugu\u0161ajiem tiks pl\u0101nots atsevi\u0161\u0137i, l\u012bdz ar to \u0101rstniec\u012bbas iest\u0101d\u0113m b\u016bs j\u0101uztur divas rindas \u2014 b\u0113rnu un pieaugu\u0161o. B\u0113rniem pl\u0101not\u0101s &#8220;kvotas&#8221; \u0101rstniec\u012bbas iest\u0101des nevar\u0113s izmantot pieaugu\u0161ajiem pacientiem, uzsver NVD. <\/p>\n<p class=\"paragraph\">Jaun\u0101 k\u0101rt\u012bba attieksies uz 14 pakalpojumu programm\u0101m \u2014 kodolmagn\u0113tisko rezonansi, kardiolo\u0123iju, doplerogr\u0101fiju, gastroenterolo\u0123iju, ultrasonogr\u0101fiju, rentgenolo\u0123iju, alergolo\u0123iju u.c., k\u0101 ar\u012b dienas stacion\u0101ra programm\u0101m, piem\u0113ram, visp\u0101r\u0113jo \u0137irur\u0123iju, oftalmolo\u0123ijas \u0137irur\u0123iju, neirolo\u0123isko un iek\u0161\u0137\u012bgo slim\u012bbu \u0101rst\u0113\u0161anu, ginekolo\u0123iju, rehabilit\u0101ciju dienas stacion\u0101r\u0101 u.c. <\/p>\n<p class=\"paragraph\">Lai mazin\u0101tu sirds un asinsvadu slim\u012bbu risku, b\u0113rniem vecum\u0101 no 5 l\u012bdz 11 gadiem turpm\u0101k tiks apmaks\u0101ti profilaktiski laboratoriskie izmekl\u0113jumi, nodro\u0161inot zema bl\u012bvuma holester\u012bna, kop\u0113j\u0101 holester\u012bna un glikozes l\u012bme\u0146a noteik\u0161anu tuk\u0161\u0101 d\u016b\u0161\u0101. <\/p>\n<p class=\"paragraph\">V\u0113l viens b\u016btisks jaunums \u2014 lai uzlabotu bri\u013c\u013cu pieejam\u012bbu b\u0113rniem re\u0123ionos, noteikt\u0101s re\u0123ion\u0101laj\u0101s slimn\u012bc\u0101s var\u0113s sa\u0146emt valsts apmaks\u0101tas speci\u0101lista konsult\u0101cijas izmekl\u0113jumus un ar\u012b brilles, uzsver \u0160t\u0101lberga. Iepriek\u0161 ar \u0161o m\u0113r\u0137i vec\u0101kiem un b\u0113rniem bija j\u0101dodas uz R\u012bgu, B\u0113rnu kl\u012bnisko universit\u0101tes slimn\u012bcu. <\/p>\n<p>Psihisk\u0101 vesel\u012bba <\/p>\n<p class=\"paragraph\">NVD projekta &#8220;Vesel\u012bbas apr\u016bpes pakalpojumu mode\u013cu att\u012bst\u012bbas laboratorija&#8221; ietvaros B\u0113rnu un pusaud\u017eu resursu centrs \u012bsteno pusautomatiz\u0113t\u0101s kognit\u012bvi biheivior\u0101l\u0101s terapijas projektu, k\u0101 rezult\u0101t\u0101 n\u0101kamgad tiks uzlabota valsts apmaks\u0101tu psihiatra pakalpojumu pieejam\u012bba digit\u0101l\u0101 vid\u0113. Pusaud\u017eiem no 14 l\u012bdz 25 gadu vecumam ar vieglu depresiju, nom\u0101kt\u012bbas, trauksmes un cit\u0101m saj\u016bt\u0101m, b\u016bs pieejama mobil\u0101 lietotne ar atbalsto\u0161u inform\u0101ciju un terapeita tie\u0161saistes padomiem. <\/p>\n<p>Uztura speci\u0101lista konsult\u0101cijas <\/p>\n<p class=\"paragraph\">No 2026. gada 1. j\u016blija pl\u0101nots uzs\u0101kt ambulatoru uztura speci\u0101listu konsult\u0101ciju apmaksu pieaugu\u0161ajiem pacientiem ar hronisk\u0101m slim\u012bb\u0101m un aptauko\u0161anos. Iepriek\u0161 \u0161\u0101ds valsts apmaks\u0101ts pakalpojums bija pieejams tikai pacientiem ar noteiktiem vesel\u012bbas st\u0101vok\u013ciem un pacientiem, kuri atrodas slimn\u012bcas stacion\u0101r\u0101.<\/p>\n<p>Uzlabota pieejam\u012bba paliat\u012bvaj\u0101 apr\u016bp\u0113 <\/p>\n<p>Pateicoties vald\u012bbas pie\u0161\u0137irtajam papildu finans\u0113jumu valsts apmaks\u0101tu paliat\u012bv\u0101s apr\u016bpes mobilo komandu pakalpojuma nodro\u0161in\u0101\u0161anai pacienta dz\u012bvesviet\u0101, tiks uzlabota pakalpojuma pieejam\u012bba pacientiem ar ierobe\u017eotu dz\u012bvildzi un smagu slim\u012bbas gaitu, k\u0101 ar\u012b augstu nepiecie\u0161am\u0101s apr\u016bpes intensit\u0101ti. \u0160\u0101du apr\u016bpi sniedz pacientiem, kuriem vajadz\u012bga akt\u012bva simptomu kontrole, s\u0101pju mazino\u0161a terapija un soci\u0101ls atbalsts, lai saglab\u0101tu dz\u012bves kvalit\u0101ti slim\u012bbas nosl\u0113guma posm\u0101. <\/p>\n<p class=\"paragraph\">Vienlaikus no n\u0101kam\u0101 gada tiks papla\u0161in\u0101ta elpo\u0161anas atbalsta ier\u012b\u010du pieejam\u012bba augstas priorit\u0101tes pacientiem un pacientiem, kuriem nav apdraud\u0113tas dz\u012bv\u012bbai vit\u0101las funkcijas un pakalpojumu nepiecie\u0161ams nodro\u0161in\u0101t l\u012bdz 10 stund\u0101m diennakt\u012b, bet ir zems funkcion\u0113\u0161anas l\u012bmenis tiks nodro\u0161in\u0101ta BiPAP ier\u012bces noma. T\u0101 ir elpo\u0161anas atbalsta ier\u012bce, ko izmanto, lai pal\u012bdz\u0113tu cilv\u0113kam elpot miega laik\u0101 vai elpo\u0161anas mazsp\u0113jas gad\u012bjumos. <\/p>\n<p> Endoprotez\u0113\u0161anas oper\u0101cijas ar da\u013c\u0113ju apmaksu <\/p>\n<p>Katru gadu pieaug endoprotez\u0113\u0161anas oper\u0101cijas pakalpojuma piepras\u012bjums, l\u012bdz ar to pagarin\u0101s ar\u012b gaid\u012b\u0161anas rinda. Pl\u0101nots, ka slimn\u012bcu stacion\u0101ros, kuros veic pl\u0101nveida lielo loc\u012btavu endoprotez\u0113\u0161anu, \u0161o pakalpojumu pacienti var\u0113s veikt ar\u012b k\u0101 da\u013c\u0113ji apmaks\u0101tu, proti, pacientam b\u016bs iesp\u0113ja sa\u0146emt pakalpojumu \u0101tr\u0101k, sedzot 50 % izmaksu par oper\u0101ciju un endoprot\u0113zi. Pacientiem, kuri izv\u0113l\u0113sies \u0161o iesp\u0113ju, tiks veidota atsevi\u0161\u0137a pieraksta rinda, vienlaikus neierobe\u017eojot iesp\u0113ju pierakst\u012bties ar\u012b rind\u0101 uz 100 % valsts apmaks\u0101tu oper\u0101ciju. \u0160\u012b k\u0101rt\u012bba st\u0101sies sp\u0113k\u0101 no 1. j\u016blija, ja tiks apstiprin\u0101ti groz\u012bjumi Ministru kabineta noteikumos Nr. 555, nor\u0101da NVD. <\/p>\n<p>Kompens\u0113jamo medikamentu nodro\u0161in\u0101\u0161ana <\/p>\n<p class=\"paragraph\">Z\u0101\u013cu terapijas nep\u0101rtraukt\u012bbas nodro\u0161in\u0101\u0161ana un z\u0101\u013cu pieejam\u012bbas uzlabo\u0161ana valsts kompens\u0113jamo z\u0101\u013cu sist\u0113mas ietvaros ir viena no priorit\u0101raj\u0101m vesel\u012bbas apr\u016bpes jom\u0101m, uzsver \u0160t\u0101lberga. <\/p>\n<p class=\"paragraph\">Pl\u0101nots, ka n\u0101kam\u0101 gada otr\u0101 pus\u0113 aptiek\u0101 vairs neb\u016bs j\u0101veic maks\u0101jums par farmaceita pakalpojumu \u2014 iedz\u012bvot\u0101jiem ar 1. grupas invalidit\u0101ti un visiem iedz\u012bvot\u0101jiem, ja recep\u0161u z\u0101\u013cu iepakojuma cena nep\u0101rsniedz 10,00 eiro (ja z\u0101les netiek izrakst\u012btas ar 100 % valsts kompens\u0101ciju). \u0160ajos gad\u012bjumos maksu par farmaceita pakalpojumu segs valsts. <\/p>\n<p class=\"paragraph\">V\u0113l viens noz\u012bm\u012bgs jaunums attiecas uz z\u0101\u013cu pieejam\u012bbas nodro\u0161in\u0101\u0161anu gr\u016btniec\u0113m. Venozu komplik\u0101ciju gad\u012bjum\u0101 un citur klasific\u0113tu slim\u012bbu gad\u012bjum\u0101 (kas sare\u017e\u0123\u012b gr\u016btniec\u012bbu, dzemd\u012bbas un p\u0113cdzemd\u012bbu periodu) Kompens\u0113jamo z\u0101\u013cu sarakst\u0101 eso\u0161ajiem medikamentiem pie \u0161im diagnoz\u0113m tiek palielin\u0101ts valsts kompens\u0101cijas apm\u0113rs no 75 % uz 100 %. Vienlaikus pl\u0101nots iek\u013caut jaunus, dzelzi saturo\u0161us medikamentus. <\/p>\n<p class=\"paragraph\">T\u0101pat pl\u0101nots uzlabot medikamentu pieejam\u012bbu b\u0113rniem, papla\u0161inot kompens\u0101cijas nosac\u012bjumus atsevi\u0161\u0137iem medikamentiem, kurus valsts jau kompens\u0113, gan ar\u012b iek\u013caujot jaunus inovat\u012bvus, izmaksu efekt\u012bvus medikamentus. <\/p>\n<p class=\"paragraph\">Inform\u0101ciju par valsts apmaks\u0101tiem vesel\u012bbas apr\u016bpes pakalpojumiem var noskaidrot NVD t\u012bmek\u013cvietn\u0113 <a rel=\"noopener nofollow\" target=\"_blank\" href=\"http:\/\/www.vmnvd.gov.lv\" data-rel-date-range=\"[]\">www.vmnvd.gov.lv<\/a> vai zvanot pa bezmaksas informat\u012bvo t\u0101lruni 80001234 (darba laiks: pirmdiena \u2013 ceturtdiena pulksten 8.30 \u2013 17.00, piektdiena pulksten 8.30 \u2013 15.00). <\/p>\n<p class=\"m-0\">Seko &#8220;Delfi&#8221; ar\u012b  <a target=\"_blank\" href=\"https:\/\/www.instagram.com\/delfi.lv\/\" rel=\"nofollow noopener\">Instagram<\/a>  un <a target=\"_blank\" href=\"https:\/\/www.youtube.com\/channel\/UCw5foWtcJvAbUm64rv7jwUQ\" rel=\"nofollow noopener\">YouTube<\/a>  profil\u0101 \u2013 pievienojies, lai uzzin\u0101tu svar\u012bg\u0101ko un interesant\u0101ko pirmais!<\/p>\n<p>Publik\u0101cijas saturs vai t\u0101s jebk\u0101da apjoma da\u013ca ir aizsarg\u0101ts autorties\u012bbu objekts Autorties\u012bbu likuma izpratn\u0113, un t\u0101 izmanto\u0161ana bez izdev\u0113ja at\u013caujas ir aizliegta. Vair\u0101k lasi  <a target=\"_blank\" href=\"https:\/\/www.delfi.lv\/noteikumi#autortiesibas\" rel=\"nofollow noopener\">\u0161eit<\/a><script async src=\"\/\/www.instagram.com\/embed.js\"><\/script><\/p>\n","protected":false},"excerpt":{"rendered":"N\u0101kamgad pl\u0101nots ieviest vair\u0101kus jaunumus un uzlabojumus valsts apmaks\u0101to vesel\u012bbas apr\u016bpes pakalpojumu snieg\u0161an\u0101 iedz\u012bvot\u0101jiem. Par to, kas j\u0101zina,&hellip;\n","protected":false},"author":2,"featured_media":90902,"comment_status":"","ping_status":"","sticky":false,"template":"","format":"standard","meta":{"footnotes":""},"categories":[12],"tags":[23,7870,28,29,32,33,22,30,31,35,39,38,36,37,34,40,8944,20,15913,3140,26,27,24,25,21],"class_list":{"0":"post-90901","1":"post","2":"type-post","3":"status-publish","4":"format-standard","5":"has-post-thumbnail","7":"category-latvija","8":"tag-aktualitates","9":"tag-berna-veseliba","10":"tag-breaking-news","11":"tag-breakingnews","12":"tag-featured-news","13":"tag-featurednews","14":"tag-headlines","15":"tag-latest-news","16":"tag-latestnews","17":"tag-latvia","18":"tag-latvian","19":"tag-latviesu","20":"tag-latviesu-valoda","21":"tag-latviesuvaloda","22":"tag-latvija","23":"tag-lv","24":"tag-nacionalais-veselibas-dienests","25":"tag-news","26":"tag-nvd","27":"tag-onkologija","28":"tag-popularakas-zinas","29":"tag-popularakaszinas","30":"tag-top-stories","31":"tag-topstories","32":"tag-zinas"},"share_on_mastodon":{"url":"https:\/\/pubeurope.com\/@lv\/115814278508570050","error":""},"_links":{"self":[{"href":"https:\/\/www.europesays.com\/lv\/wp-json\/wp\/v2\/posts\/90901","targetHints":{"allow":["GET"]}}],"collection":[{"href":"https:\/\/www.europesays.com\/lv\/wp-json\/wp\/v2\/posts"}],"about":[{"href":"https:\/\/www.europesays.com\/lv\/wp-json\/wp\/v2\/types\/post"}],"author":[{"embeddable":true,"href":"https:\/\/www.europesays.com\/lv\/wp-json\/wp\/v2\/users\/2"}],"replies":[{"embeddable":true,"href":"https:\/\/www.europesays.com\/lv\/wp-json\/wp\/v2\/comments?post=90901"}],"version-history":[{"count":0,"href":"https:\/\/www.europesays.com\/lv\/wp-json\/wp\/v2\/posts\/90901\/revisions"}],"wp:featuredmedia":[{"embeddable":true,"href":"https:\/\/www.europesays.com\/lv\/wp-json\/wp\/v2\/media\/90902"}],"wp:attachment":[{"href":"https:\/\/www.europesays.com\/lv\/wp-json\/wp\/v2\/media?parent=90901"}],"wp:term":[{"taxonomy":"category","embeddable":true,"href":"https:\/\/www.europesays.com\/lv\/wp-json\/wp\/v2\/categories?post=90901"},{"taxonomy":"post_tag","embeddable":true,"href":"https:\/\/www.europesays.com\/lv\/wp-json\/wp\/v2\/tags?post=90901"}],"curies":[{"name":"wp","href":"https:\/\/api.w.org\/{rel}","templated":true}]}}