{"id":90903,"date":"2025-12-31T12:53:15","date_gmt":"2025-12-31T12:53:15","guid":{"rendered":"https:\/\/www.europesays.com\/lv\/90903\/"},"modified":"2025-12-31T12:53:15","modified_gmt":"2025-12-31T12:53:15","slug":"ko-nekad-neteikt-pie-ziemassvetku-vakarinu-galda","status":"publish","type":"post","link":"https:\/\/www.europesays.com\/lv\/90903\/","title":{"rendered":"Ko nekad neteikt pie Ziemassv\u0113tku vakari\u0146u galda"},"content":{"rendered":"<p class=\"descr\">Ziemassv\u0113tku vakari\u0146as da\u017ereiz var b\u016bt glu\u017ei k\u0101 m\u012bnu lauks &#8211; viens nepareizs v\u0101rds un  &#8211; bums! &#8211; s\u0101kas haoss. Ne visi esam dzimu\u0161i diplom\u0101ti, un da\u017ei koment\u0101ri, lai cik nevain\u012bgi tie b\u016btu, var tikt p\u0101rprasti. K\u0101 nodro\u0161in\u0101ties, lai sv\u0113tki tiek pavad\u012bti mier\u012bg\u0101 gaisotn\u0113? Raksta \u201cgedeiting.com\u201d.<\/p>\n<p>L\u016bk, 10 lietas, par kur\u0101m nevajadz\u0113tu diskut\u0113t pie Ziemassv\u0113tku vakari\u0146u galda.<\/p>\n<p>Politika un reli\u0123ija <\/p>\n<p>Lai gan t\u0101s var b\u016bt \u013coti svar\u012bgas, Ziemassv\u0113tku galds nav t\u0101 vieta, kur censties iem\u0101c\u012bt onkulim vai tantei main\u012bt savas domas. M\u0113r\u0137is ir miers un m\u0101j\u012bga atmosf\u0113ra, nevis saspringti str\u012bdi.<\/p>\n<p>Uztura izv\u0113les <\/p>\n<p>Person\u012bgi l\u0113mumi par uzturu ir delik\u0101ta t\u0113ma. Neatkar\u012bgi no t\u0101, vai esat veg\u0101ns vai kaisl\u012bgs ga\u013cas \u0113d\u0101js, \u0161\u012bs diskusijas var \u0101tri p\u0101raugt str\u012bdos. Lab\u0101kais veids, k\u0101 ar t\u0101m tikt gal\u0101, ir vienk\u0101r\u0161i baud\u012bt to, kas ir uz j\u016bsu \u0161\u0137\u012bvja.<\/p>\n<p>  <img decoding=\"async\" style=\"max-width: 600px;\" src=\"https:\/\/www.europesays.com\/lv\/wp-content\/uploads\/2025\/12\/781401_b8d322a532.jpg\" alt=\"\"\/> <\/p>\n<p class=\"descr-author\">pexels.com<\/p>\n<p>Koment\u0101ri par otra izskatu<\/p>\n<p>Koment\u0101ri par svaru, ap\u0123\u0113rbu vai friz\u016bru, pat ja tie \u0161\u0137iet nevain\u012bgi, var acumirkl\u012b saboj\u0101t garast\u0101vokli. \u012apa\u0161i negat\u012bvi koment\u0101ri var rad\u012bt ne\u0113rtu vai pat naid\u012bgu atmosf\u0113ru, tom\u0113r Ziemassv\u0113tki nav laiks nosod\u012bjumiem.<\/p>\n<p>Vakari\u0146u galdu sal\u012bdzin\u0101jums<\/p>\n<p>Fr\u0101ze \u201c\u0161ogad gar\u0161o lab\u0101k nek\u0101 pag\u0101ju\u0161aj\u0101 gad\u0101\u201d var b\u016bt neapzin\u0101ti aizskaro\u0161a. Sal\u012bdzin\u0101jumi bie\u017ei vien tiek uztverti k\u0101 kritika, pat ja tie nebija t\u0101di dom\u0101ti. Lab\u0101k ir koncentr\u0113ties uz to, kas ir \u0161eit un tagad, un nov\u0113rt\u0113t centienus, kas velt\u012bti \u0161ogad.<\/p>\n<p>Svar\u012bgi pazi\u0146ojumi par dz\u012bves p\u0101rmai\u0146\u0101m<\/p>\n<p>Svar\u012bgas zi\u0146as, piem\u0113ram, p\u0101rcel\u0161an\u0101s, darba mai\u0146a vai drosm\u012bgu l\u0113mumu pie\u0146em\u0161ana, var main\u012bt visas vakari\u0146u ball\u012btes toni. Lai gan tas ir svar\u012bgi, \u0161\u0101d\u0101m sarun\u0101m vislab\u0101k ir izv\u0113l\u0113ties klus\u0101ku, personisk\u0101ku vidi.<\/p>\n<p>Saimnieka vai \u0113diena kritika<\/p>\n<p>Ziemassv\u0113tku vakari\u0146u gatavo\u0161ana prasa daudz p\u016b\u013cu, un saimnieks parasti izj\u016bt lielu spiedienu. Pat ja kaut kas nav perfekts, lab\u0101k ir izr\u0101d\u012bt atzin\u012bbu un uzslav\u0113t p\u016bles, nevis mekl\u0113t tr\u016bkumus.<\/p>\n<p>  <img decoding=\"async\" style=\"max-width: 600px;\" src=\"https:\/\/www.europesays.com\/lv\/wp-content\/uploads\/2025\/12\/781402_1476be23c9.jpg\" alt=\"\"\/> <\/p>\n<p class=\"descr-author\">pexels.com<\/p>\n<p>Pag\u0101tnes domstarp\u012bbu atcer\u0113\u0161an\u0101s<\/p>\n<p>Pie Ziemassv\u0113tku galda nav vietas seniem str\u012bdiem un neatrisin\u0101t\u0101m probl\u0113m\u0101m. \u0160is ir laiks, lai koncentr\u0113tos uz kop\u0101 b\u016b\u0161anu &#8211; atst\u0101jiet pag\u0101tni pag\u0101tn\u0113, vismaz sv\u0113tku vakari\u0146u laik\u0101.<\/p>\n<p>Klus\u0113\u0161ana<\/p>\n<p>Lai gan ir svar\u012bgi izvair\u012bties no riskant\u0101m t\u0113m\u0101m, ar\u012b piln\u012bgs klusums var rad\u012bt neveikl\u012bbu. Ziemassv\u0113tku vakari\u0146as ir socializ\u0113\u0161an\u0101s laiks, t\u0101p\u0113c ir v\u0113rts iesaist\u012bties sarun\u0101s un censties labi pavad\u012bt laiku.<\/p>\n<p>Finan\u0161u jaut\u0101jumi<\/p>\n<p>Nauda ir delik\u0101ta t\u0113ma, \u012bpa\u0161i \u0123imenes lok\u0101. Jaut\u0101jumi par alg\u0101m, <a href=\"https:\/\/nra.lv\/latvija\/509131-latvija-36-iedzivotaju-ziemassvetku-un-jaungada-svinibam-plano-teret-50-lidz-150-eiro.htm\" data-item-link=\"true\" data-item-id=\"509131\" rel=\"nofollow noopener\" target=\"_blank\">izdevumiem vai d\u0101van\u0101m<\/a> var izrais\u012bt greizsird\u012bbu vai apmulsumu. Cieniet citu cilv\u0113ku priv\u0101tumu un izv\u0113lieties viegl\u0101kas t\u0113mas.<\/p>\n<p>Sarunas tikai par sevi<\/p>\n<p>Lai gan ir pat\u012bkami dal\u012bties ar savas dz\u012bves jaun\u0101kajiem notikumiem, Ziemassv\u0113tki nav tikai viena cilv\u0113ka pas\u0101kums. Ir svar\u012bgi ne tikai run\u0101t, bet ar\u012b klaus\u012bties, izr\u0101d\u012bt cie\u0146u pret citiem un likt ikvienam justies svar\u012bgam.<\/p>\n<p>\t\t\t\t\t\tinfo<\/p>\n<p>Uzzini pirmais<br \/>kas interesants noticis Latvij\u0101 un pasaul\u0113,<br \/>pievienojoties mums <a href=\"https:\/\/t.me\/neatkariga\" rel=\"nofollow\">Telegram<\/a> vai <a href=\"https:\/\/whatsapp.com\/channel\/0029VaMLFUH5K3zLU5s4wm3y\" rel=\"nofollow noopener\" target=\"_blank\">Whatsapp<\/a> kan\u0101l\u0101<\/p>\n","protected":false},"excerpt":{"rendered":"Ziemassv\u0113tku vakari\u0146as da\u017ereiz var b\u016bt glu\u017ei k\u0101 m\u012bnu lauks &#8211; viens nepareizs v\u0101rds un &#8211; bums! &#8211; s\u0101kas&hellip;\n","protected":false},"author":2,"featured_media":90904,"comment_status":"","ping_status":"","sticky":false,"template":"","format":"standard","meta":{"footnotes":""},"categories":[5],"tags":[23,28,29,32,33,22,30,31,35,39,38,36,37,34,40,20,26,27,24,25,21],"class_list":{"0":"post-90903","1":"post","2":"type-post","3":"status-publish","4":"format-standard","5":"has-post-thumbnail","7":"category-aktualitates","8":"tag-aktualitates","9":"tag-breaking-news","10":"tag-breakingnews","11":"tag-featured-news","12":"tag-featurednews","13":"tag-headlines","14":"tag-latest-news","15":"tag-latestnews","16":"tag-latvia","17":"tag-latvian","18":"tag-latviesu","19":"tag-latviesu-valoda","20":"tag-latviesuvaloda","21":"tag-latvija","22":"tag-lv","23":"tag-news","24":"tag-popularakas-zinas","25":"tag-popularakaszinas","26":"tag-top-stories","27":"tag-topstories","28":"tag-zinas"},"share_on_mastodon":{"url":"https:\/\/pubeurope.com\/@lv\/115814282231398493","error":""},"_links":{"self":[{"href":"https:\/\/www.europesays.com\/lv\/wp-json\/wp\/v2\/posts\/90903","targetHints":{"allow":["GET"]}}],"collection":[{"href":"https:\/\/www.europesays.com\/lv\/wp-json\/wp\/v2\/posts"}],"about":[{"href":"https:\/\/www.europesays.com\/lv\/wp-json\/wp\/v2\/types\/post"}],"author":[{"embeddable":true,"href":"https:\/\/www.europesays.com\/lv\/wp-json\/wp\/v2\/users\/2"}],"replies":[{"embeddable":true,"href":"https:\/\/www.europesays.com\/lv\/wp-json\/wp\/v2\/comments?post=90903"}],"version-history":[{"count":0,"href":"https:\/\/www.europesays.com\/lv\/wp-json\/wp\/v2\/posts\/90903\/revisions"}],"wp:featuredmedia":[{"embeddable":true,"href":"https:\/\/www.europesays.com\/lv\/wp-json\/wp\/v2\/media\/90904"}],"wp:attachment":[{"href":"https:\/\/www.europesays.com\/lv\/wp-json\/wp\/v2\/media?parent=90903"}],"wp:term":[{"taxonomy":"category","embeddable":true,"href":"https:\/\/www.europesays.com\/lv\/wp-json\/wp\/v2\/categories?post=90903"},{"taxonomy":"post_tag","embeddable":true,"href":"https:\/\/www.europesays.com\/lv\/wp-json\/wp\/v2\/tags?post=90903"}],"curies":[{"name":"wp","href":"https:\/\/api.w.org\/{rel}","templated":true}]}}