{"id":90912,"date":"2025-12-31T13:14:06","date_gmt":"2025-12-31T13:14:06","guid":{"rendered":"https:\/\/www.europesays.com\/lv\/90912\/"},"modified":"2025-12-31T13:14:06","modified_gmt":"2025-12-31T13:14:06","slug":"dolars-piedzivo-sliktako-gadu-desmitgade-ko-prognoze-eksperti-lente-lv","status":"publish","type":"post","link":"https:\/\/www.europesays.com\/lv\/90912\/","title":{"rendered":"Dol\u0101rs piedz\u012bvo slikt\u0101ko gadu desmitgad\u0113: ko prognoz\u0113 eksperti?\u00a0\u2014\u00a0Lente.lv"},"content":{"rendered":"<p>Dol\u0101rs sasniedz desmitgades zem\u0101ko punktu<\/p>\n<p>Amerikas Savienoto Valstu dol\u0101rs piedz\u012bvo strauj\u0101ko gada kritumu kop\u0161 2017. gada. Volstr\u012btas ba\u0146\u0137ieri prognoz\u0113, ka ASV val\u016bta ar\u012b n\u0101kamgad saglab\u0101sies v\u0101ja, jo Feder\u0101l\u0101 rezervju sist\u0113ma turpin\u0101s pazemin\u0101t procentu likmes.<\/p>\n<p>Izdevums Financial Times nor\u0101da, ka \u0161ogad dol\u0101rs pret galveno val\u016btu grozu ir krities par 9,5%. Tas noticis p\u0113c tam, kad ASV prezidenta Donalda Trampa izrais\u012btais tirdzniec\u012bbas kar\u0161 rad\u012bjis ba\u017eas par pasaules liel\u0101k\u0101s ekonomikas perspekt\u012bv\u0101m un lika ap\u0161aub\u012bt dol\u0101ra tradicion\u0101lo statusu k\u0101 dro\u0161a patv\u0113ruma akt\u012bvam investoriem.<\/p>\n<p>Visiev\u0113rojam\u0101ko pieaugumu pret v\u0101jin\u0101to dol\u0101ru no galvenaj\u0101m val\u016bt\u0101m piedz\u012bvojis eiro, kas strauji k\u0101pis gandr\u012bz par 14%, p\u0101rsniedzot 1,17 dol\u0101rus. \u0160\u0101ds l\u012bmenis p\u0113d\u0113jo reizi tika nov\u0113rots 2021. gad\u0101.<\/p>\n<blockquote><p>\u201e\u0160is ir viens no slikt\u0101kajiem gadiem dol\u0101ram vis\u0101 peldo\u0161o val\u016btu kursu v\u0113stur\u0113,\u201d atzinis Deutsche Bank val\u016btu tirgus anal\u012bti\u0137is D\u017eord\u017es Saraveloss.<\/p><\/blockquote>\n<p>Tirdzniec\u012bbas kar\u0161 un procentu likmju samazin\u0101\u0161ana k\u0101 galvenie faktori<\/p>\n<p>K\u0101 jau min\u0113ts, dol\u0101ra kritumu ir ietekm\u0113jusi Trampa apr\u012bl\u012b ieviest\u0101s agres\u012bv\u0101s muitas likmes pret ASV tirdzniec\u012bbas partneriem. Vien\u0101 br\u012bd\u012b dol\u0101rs pret galvenaj\u0101m val\u016bt\u0101m bija zaud\u0113jis pat 15%. Feder\u0101l\u0101s rezervju sist\u0113mas l\u0113mums septembr\u012b ats\u0101kt procentu likmju samazin\u0101\u0161anu v\u0113l vair\u0101k palielin\u0101ja spiedienu uz dol\u0101ru.<\/p>\n<p>Speci\u0101listu ieskat\u0101, Feder\u0101l\u0101s rezervju sist\u0113mas procentu likmju pazemin\u0101\u0161ana var\u0113tu negat\u012bvi ietekm\u0113t dol\u0101ra kursu ar\u012b 2026. gad\u0101. Volstr\u012btas bankas prognoz\u0113, ka l\u012bdz 2026. gada beig\u0101m eiro nostiprin\u0101sies l\u012bdz 1,20 dol\u0101riem, bet sterli\u0146u m\u0101rci\u0146a, kas pa\u0161laik maks\u0101 1,33 dol\u0101rus, var\u0113tu pak\u0101pties l\u012bdz 1,36 dol\u0101riem.<\/p>\n<p>Dol\u0101ra kursa ietekme un n\u0101kotnes prognozes<\/p>\n<p>Dol\u0101ra st\u0101voklis, kas joproj\u0101m ir vado\u0161\u0101 pasaules val\u016bta, ietekm\u0113 gan uz\u0146\u0113mumus, gan investorus, gan centr\u0101l\u0101s bankas. T\u0101 v\u0101jums ir bijis izdev\u012bgs amerik\u0101\u0146u eksportieriem, ta\u010du rad\u012bjis gr\u016bt\u012bbas daudziem Eiropas uz\u0146\u0113mumiem, kas g\u016bst ien\u0101kumus no p\u0101rdo\u0161anas ASV.<\/p>\n<p>Anal\u012bti\u0137i nor\u0101da, ka dol\u0101ra kurss 2026. gad\u0101 b\u016bs atkar\u012bgs no Trampa izraudz\u012bt\u0101 kandid\u0101ta uz Feder\u0101l\u0101s rezervju sist\u0113mas priek\u0161s\u0113\u017ea amatu. T\u0101l\u0101ks dol\u0101ra kritums ir ticam\u0101ks, ja centr\u0101l\u0101s bankas vad\u012bt\u0101js b\u016bs tend\u0113ts pak\u013cauties Balt\u0101 nama pras\u012bb\u0101m par procentu likmju dzi\u013c\u0101ku samazin\u0101\u0161anu.<\/p>\n<p>ASV ekonomikas perspekt\u012bvas un tehnolo\u0123iju bums<\/p>\n<p>Neskatoties uz dol\u0101ra kritumu, speci\u0101listi ir optimistiski noska\u0146oti par ASV ekonomikas perspekt\u012bv\u0101m. Vi\u0146upr\u0101t, invest\u012bciju bums m\u0101ksl\u012bg\u0101 intelekta (MI) jom\u0101 nodro\u0161in\u0101s strauj\u0101ku ASV ekonomikas izaugsmi n\u0101kamaj\u0101 gad\u0101, sal\u012bdzinot ar Eiropu.<\/p>\n<blockquote><p>\u201eM\u0113s neuzskat\u0101m, ka prezidenta Trampa ekonomisk\u0101 politika var\u0113tu izjaukt tehnolo\u0123isko revol\u016bciju, kas notiek Amerikas Rietumkrast\u0101,\u201d atz\u012bst Soci\u00e9t\u00e9 G\u00e9n\u00e9rale val\u016btu strat\u0113\u0123is Kits D\u017eakss.<\/p><\/blockquote>\n","protected":false},"excerpt":{"rendered":"Dol\u0101rs sasniedz desmitgades zem\u0101ko punktu Amerikas Savienoto Valstu dol\u0101rs piedz\u012bvo strauj\u0101ko gada kritumu kop\u0161 2017. gada. Volstr\u012btas ba\u0146\u0137ieri&hellip;\n","protected":false},"author":2,"featured_media":90913,"comment_status":"","ping_status":"","sticky":false,"template":"","format":"standard","meta":{"footnotes":""},"categories":[16],"tags":[22925,77,76,22924,47,35,39,38,36,37,34,40,549,22926],"class_list":{"0":"post-90912","1":"post","2":"type-post","3":"status-publish","4":"format-standard","5":"has-post-thumbnail","7":"category-bizness","8":"tag-asv-dolars","9":"tag-bizness","10":"tag-business","11":"tag-dolars","12":"tag-ekonomika","13":"tag-latvia","14":"tag-latvian","15":"tag-latviesu","16":"tag-latviesu-valoda","17":"tag-latviesuvaloda","18":"tag-latvija","19":"tag-lv","20":"tag-procentu-likmes","21":"tag-valutu-kurss"},"share_on_mastodon":{"url":"https:\/\/pubeurope.com\/@lv\/115814364813556046","error":""},"_links":{"self":[{"href":"https:\/\/www.europesays.com\/lv\/wp-json\/wp\/v2\/posts\/90912","targetHints":{"allow":["GET"]}}],"collection":[{"href":"https:\/\/www.europesays.com\/lv\/wp-json\/wp\/v2\/posts"}],"about":[{"href":"https:\/\/www.europesays.com\/lv\/wp-json\/wp\/v2\/types\/post"}],"author":[{"embeddable":true,"href":"https:\/\/www.europesays.com\/lv\/wp-json\/wp\/v2\/users\/2"}],"replies":[{"embeddable":true,"href":"https:\/\/www.europesays.com\/lv\/wp-json\/wp\/v2\/comments?post=90912"}],"version-history":[{"count":0,"href":"https:\/\/www.europesays.com\/lv\/wp-json\/wp\/v2\/posts\/90912\/revisions"}],"wp:featuredmedia":[{"embeddable":true,"href":"https:\/\/www.europesays.com\/lv\/wp-json\/wp\/v2\/media\/90913"}],"wp:attachment":[{"href":"https:\/\/www.europesays.com\/lv\/wp-json\/wp\/v2\/media?parent=90912"}],"wp:term":[{"taxonomy":"category","embeddable":true,"href":"https:\/\/www.europesays.com\/lv\/wp-json\/wp\/v2\/categories?post=90912"},{"taxonomy":"post_tag","embeddable":true,"href":"https:\/\/www.europesays.com\/lv\/wp-json\/wp\/v2\/tags?post=90912"}],"curies":[{"name":"wp","href":"https:\/\/api.w.org\/{rel}","templated":true}]}}