{"id":90918,"date":"2025-12-31T13:29:09","date_gmt":"2025-12-31T13:29:09","guid":{"rendered":"https:\/\/www.europesays.com\/lv\/90918\/"},"modified":"2025-12-31T13:29:09","modified_gmt":"2025-12-31T13:29:09","slug":"video-%e2%9f%a9-iecava-piedzeries-autobusa-pasazieris-strida-karstuma-izdoma-pielietot-ieroci","status":"publish","type":"post","link":"https:\/\/www.europesays.com\/lv\/90918\/","title":{"rendered":"VIDEO \u27e9 Iecav\u0101 piedz\u0113ries autobusa pasa\u017eieris str\u012bda karstum\u0101 izdom\u0101 pielietot ieroci"},"content":{"rendered":"<p>Pirmdienas, 29. decembra, pievakar\u0113 Iecavas autoost\u0101 atskan\u0113jis \u0161\u0101viens. To satiksmes autobus\u0101, kas dev\u0101s Bauskas virzien\u0101, raid\u012bjis viens no pasa\u017eieriem. Ar\u012b apk\u0101rtnes iedz\u012bvot\u0101ji, kuri pat neatrad\u0101s konkr\u0113taj\u0101 transportl\u012bdzekl\u012b, dzird\u0113ju\u0161i par notiku\u0161o.<\/p>\n<p>Autobusa pasa\u017eieri fiks\u0113ju\u0161i, ka nesaska\u0146as s\u0101ku\u0161\u0101s, jo cilv\u0113ks nesp\u0113ja apk\u0101rt\u0113jos p\u0101rliecin\u0101t par saviem uzskatiem.<\/p>\n<p>Valsts policijas p\u0101rst\u0101ve R\u016bta Strautniece nor\u0101da, ka notiku\u0161aj\u0101 neviena persona fiziski necieta.<\/p>\n<p>Vair\u0101k skaties raid\u012bjuma si\u017eet\u0101:<\/p>\n","protected":false},"excerpt":{"rendered":"Pirmdienas, 29. decembra, pievakar\u0113 Iecavas autoost\u0101 atskan\u0113jis \u0161\u0101viens. To satiksmes autobus\u0101, kas dev\u0101s Bauskas virzien\u0101, raid\u012bjis viens no&hellip;\n","protected":false},"author":2,"featured_media":90919,"comment_status":"","ping_status":"","sticky":false,"template":"","format":"standard","meta":{"footnotes":""},"categories":[5],"tags":[23,28,29,32,33,22,6786,30,31,35,39,38,36,37,34,40,20,26,27,24,25,138,21],"class_list":{"0":"post-90918","1":"post","2":"type-post","3":"status-publish","4":"format-standard","5":"has-post-thumbnail","7":"category-aktualitates","8":"tag-aktualitates","9":"tag-breaking-news","10":"tag-breakingnews","11":"tag-featured-news","12":"tag-featurednews","13":"tag-headlines","14":"tag-kriminalprocess","15":"tag-latest-news","16":"tag-latestnews","17":"tag-latvia","18":"tag-latvian","19":"tag-latviesu","20":"tag-latviesu-valoda","21":"tag-latviesuvaloda","22":"tag-latvija","23":"tag-lv","24":"tag-news","25":"tag-popularakas-zinas","26":"tag-popularakaszinas","27":"tag-top-stories","28":"tag-topstories","29":"tag-valsts-policija","30":"tag-zinas"},"share_on_mastodon":{"url":"https:\/\/pubeurope.com\/@lv\/115814423831147636","error":""},"_links":{"self":[{"href":"https:\/\/www.europesays.com\/lv\/wp-json\/wp\/v2\/posts\/90918","targetHints":{"allow":["GET"]}}],"collection":[{"href":"https:\/\/www.europesays.com\/lv\/wp-json\/wp\/v2\/posts"}],"about":[{"href":"https:\/\/www.europesays.com\/lv\/wp-json\/wp\/v2\/types\/post"}],"author":[{"embeddable":true,"href":"https:\/\/www.europesays.com\/lv\/wp-json\/wp\/v2\/users\/2"}],"replies":[{"embeddable":true,"href":"https:\/\/www.europesays.com\/lv\/wp-json\/wp\/v2\/comments?post=90918"}],"version-history":[{"count":0,"href":"https:\/\/www.europesays.com\/lv\/wp-json\/wp\/v2\/posts\/90918\/revisions"}],"wp:featuredmedia":[{"embeddable":true,"href":"https:\/\/www.europesays.com\/lv\/wp-json\/wp\/v2\/media\/90919"}],"wp:attachment":[{"href":"https:\/\/www.europesays.com\/lv\/wp-json\/wp\/v2\/media?parent=90918"}],"wp:term":[{"taxonomy":"category","embeddable":true,"href":"https:\/\/www.europesays.com\/lv\/wp-json\/wp\/v2\/categories?post=90918"},{"taxonomy":"post_tag","embeddable":true,"href":"https:\/\/www.europesays.com\/lv\/wp-json\/wp\/v2\/tags?post=90918"}],"curies":[{"name":"wp","href":"https:\/\/api.w.org\/{rel}","templated":true}]}}