{"id":90922,"date":"2025-12-31T13:31:15","date_gmt":"2025-12-31T13:31:15","guid":{"rendered":"https:\/\/www.europesays.com\/lv\/90922\/"},"modified":"2025-12-31T13:31:15","modified_gmt":"2025-12-31T13:31:15","slug":"vef-riga-pastiprinas-ar-pirmo-sveices-basketbolistu-sastava-lente-lv","status":"publish","type":"post","link":"https:\/\/www.europesays.com\/lv\/90922\/","title":{"rendered":"&#8220;VEF R\u012bga&#8221; pastiprin\u0101s ar pirmo \u0160veices basketbolistu sast\u0101v\u0101\u00a0\u2014\u00a0Lente.lv"},"content":{"rendered":"<p>Jauns talants R\u012bgas klub\u0101<\/p>\n<p> Latvijas basketbola flagmanis &#8220;VEF R\u012bga&#8221; ir veicis v\u0113sturisku papildin\u0101jumu sav\u0101 sast\u0101v\u0101, piesaistot pirmo \u0160veices basketbolistu kluba v\u0113stur\u0113. Tiek zi\u0146ots, ka par vienu no komandas jaunajiem sp\u0113l\u0113t\u0101jiem k\u013cuvis uzbruc\u0113js Tonijs Ro\u010daks. <\/p>\n<p>Tonija Ro\u010daka karjeras l\u012bklo\u010di<\/p>\n<p> 25 gadus vecais Tonijs Ro\u010daks (dzimis 1999. gada 22. apr\u012bl\u012b) ir \u0160veices basketbola izlases dal\u012bbnieks ar horv\u0101tu sakn\u0113m. Pirms pievieno\u0161an\u0101s &#8220;VEF R\u012bga&#8221;, Ro\u010daks ir p\u0101rst\u0101v\u0113jis vair\u0101kus klubus, tostarp KK Dubrava un KK Cibona Zagreb Horv\u0101tij\u0101, k\u0101 ar\u012b UEB Cividale It\u0101lij\u0101. Vi\u0146a basketbola gaitas s\u0101k\u0101s \u0160veic\u0113, bet v\u0113l\u0101k vi\u0146\u0161 dev\u0101s uz ASV, kur sp\u0113l\u0113ja koled\u017eu basketbolu Regis Universit\u0101t\u0113, UC San Diego un San Francisco Universit\u0101t\u0113. \u0160veices mediji jau iepriek\u0161 izc\u0113lu\u0161i Ro\u010daka k\u0101 vienu no talant\u012bg\u0101kajiem savas paaudzes sp\u0113l\u0113t\u0101jiem. <\/p>\n<p>&#8220;VEF R\u012bga&#8221; komandas komplekt\u0101cija<\/p>\n<p> \u0160\u012b sezona &#8220;VEF R\u012bga&#8221; komandai ir noz\u012bm\u012bga ar sast\u0101va izmai\u0146\u0101m un jaunu sp\u0113l\u0113t\u0101ju integr\u0101ciju. Klubs turpina stiprin\u0101t savas poz\u012bcijas gan Latvijas-Igaunijas l\u012bg\u0101, gan Baltijas basketbola l\u012bg\u0101. Jaunais galvenais treneris M\u0101rti\u0146\u0161 Gulbis, kur\u0161 komandu vada kop\u0161 2024. gada, str\u0101d\u0101 pie optim\u0101l\u0101 sast\u0101va izveido\u0161anas jaunajai 2025.\/2026. gada sezonai. Aizvad\u012btaj\u0101 sezon\u0101 &#8220;VEF R\u012bga&#8221; demonstr\u0113ja stabilu sniegumu, uzvarot vair\u0101k\u0101s sp\u0113l\u0113s gan Latvijas, gan starptautiskajos turn\u012bros, ta\u010du vienm\u0113r ir vieta izaugsmei un jauniem talantiem. <\/p>\n<p>Pirm\u0101 sezona Latvij\u0101<\/p>\n<p> Pievieno\u0161an\u0101s &#8220;VEF R\u012bga&#8221; b\u016bs pirmais Tonija Ro\u010daka p\u0101rst\u0101v\u0113tais klubs Latvij\u0101. Vi\u0146a iepriek\u0161\u0113j\u0101 pieredze Eiropas profesion\u0101laj\u0101 l\u012bmen\u012b, k\u0101 ar\u012b sp\u0113l\u0113\u0161ana ASV koled\u017eu sist\u0113m\u0101, liecina par vi\u0146a sp\u0113ju adapt\u0113ties da\u017e\u0101d\u0101s vid\u0113s. Klubs cer, ka Ro\u010daka atn\u0101k\u0161ana dos jaunu dinamiku un kvalit\u0101ti komandas sniegumam, pal\u012bdzot sasniegt izvirz\u012btos m\u0113r\u0137us n\u0101kamaj\u0101 sezon\u0101. Prec\u012bzi statistikas dati par Ro\u010daka sniegumu iepriek\u0161\u0113j\u0101s komand\u0101s nebija publiski pieejami \u0161\u012bs zi\u0146as sagatavo\u0161anas br\u012bd\u012b, ta\u010du vi\u0146a iepriek\u0161\u0113j\u0101 p\u0101rst\u0101v\u0113t\u0101 kluba KK Cibona Zagreb rind\u0101s vi\u0146\u0161 vid\u0113ji guva 10.5 punktus ABA l\u012bg\u0101. <\/p>\n<p>N\u0101kamie so\u013ci un cer\u012bbas<\/p>\n<p> &#8220;VEF R\u012bga&#8221; komanda \u0161obr\u012bd akt\u012bvi gatavojas n\u0101kamajai sezonai, piedaloties gan Latvijas, gan Baltijas l\u012bgas sp\u0113l\u0113s. Janv\u0101r\u012b paredz\u0113tas vair\u0101kas svar\u012bgas sp\u0113les, tostarp pret &#8220;Kalev\/Cramo&#8221; komandu. Tonija Ro\u010daka pievieno\u0161an\u0101s ir da\u013ca no kluba ilgtermi\u0146a strat\u0113\u0123ijas att\u012bst\u012bt jaunos talantus un stiprin\u0101t komandu ar starptautisku pieredzi bag\u0101tu sp\u0113l\u0113t\u0101jiem. Klubs pau\u017e cer\u012bbu, ka Ro\u010daks \u0101tri integr\u0113sies komand\u0101 un pal\u012bdz\u0113s c\u012bn\u012bties par augst\u0101m viet\u0101m visos turn\u012bros. <\/p>\n","protected":false},"excerpt":{"rendered":"Jauns talants R\u012bgas klub\u0101 Latvijas basketbola flagmanis &#8220;VEF R\u012bga&#8221; ir veicis v\u0113sturisku papildin\u0101jumu sav\u0101 sast\u0101v\u0101, piesaistot pirmo \u0160veices&hellip;\n","protected":false},"author":2,"featured_media":90923,"comment_status":"","ping_status":"","sticky":false,"template":"","format":"standard","meta":{"footnotes":""},"categories":[17],"tags":[145,35,39,38,36,37,34,40,67,22931,7666,1618],"class_list":{"0":"post-90922","1":"post","2":"type-post","3":"status-publish","4":"format-standard","5":"has-post-thumbnail","7":"category-sports","8":"tag-basketbols","9":"tag-latvia","10":"tag-latvian","11":"tag-latviesu","12":"tag-latviesu-valoda","13":"tag-latviesuvaloda","14":"tag-latvija","15":"tag-lv","16":"tag-sports","17":"tag-tonijs-rocaks","18":"tag-transfers","19":"tag-vef-riga"},"share_on_mastodon":{"url":"https:\/\/pubeurope.com\/@lv\/115814431683963967","error":""},"_links":{"self":[{"href":"https:\/\/www.europesays.com\/lv\/wp-json\/wp\/v2\/posts\/90922","targetHints":{"allow":["GET"]}}],"collection":[{"href":"https:\/\/www.europesays.com\/lv\/wp-json\/wp\/v2\/posts"}],"about":[{"href":"https:\/\/www.europesays.com\/lv\/wp-json\/wp\/v2\/types\/post"}],"author":[{"embeddable":true,"href":"https:\/\/www.europesays.com\/lv\/wp-json\/wp\/v2\/users\/2"}],"replies":[{"embeddable":true,"href":"https:\/\/www.europesays.com\/lv\/wp-json\/wp\/v2\/comments?post=90922"}],"version-history":[{"count":0,"href":"https:\/\/www.europesays.com\/lv\/wp-json\/wp\/v2\/posts\/90922\/revisions"}],"wp:featuredmedia":[{"embeddable":true,"href":"https:\/\/www.europesays.com\/lv\/wp-json\/wp\/v2\/media\/90923"}],"wp:attachment":[{"href":"https:\/\/www.europesays.com\/lv\/wp-json\/wp\/v2\/media?parent=90922"}],"wp:term":[{"taxonomy":"category","embeddable":true,"href":"https:\/\/www.europesays.com\/lv\/wp-json\/wp\/v2\/categories?post=90922"},{"taxonomy":"post_tag","embeddable":true,"href":"https:\/\/www.europesays.com\/lv\/wp-json\/wp\/v2\/tags?post=90922"}],"curies":[{"name":"wp","href":"https:\/\/api.w.org\/{rel}","templated":true}]}}