{"id":90925,"date":"2025-12-31T13:37:22","date_gmt":"2025-12-31T13:37:22","guid":{"rendered":"https:\/\/www.europesays.com\/lv\/90925\/"},"modified":"2025-12-31T13:37:22","modified_gmt":"2025-12-31T13:37:22","slug":"tomatu-mafija-emocionala-vardarbiba-un-nhl-juridiskas-skruvspiles-spilgti-stasti-no-d-sektora-pirma-gada","status":"publish","type":"post","link":"https:\/\/www.europesays.com\/lv\/90925\/","title":{"rendered":"Tom\u0101tu mafija, emocion\u0101l\u0101 vardarb\u012bba un NHL juridisk\u0101s &#8220;skr\u016bvsp\u012bles&#8221; \u2013 spilgti st\u0101sti no &#8220;D sektora&#8221; pirm\u0101 gada"},"content":{"rendered":"<p>2025. gads man nesa jaunu izaicin\u0101jumu 15 gadus ilgaj\u0101 sporta \u017eurn\u0101lista karjer\u0101, un man tika uztic\u0113ta jauna sporta raid\u012bjuma veido\u0161ana. Apvienojot sp\u0113kus ar kol\u0113\u0123i Almantu Poik\u0101nu un sastr\u0101d\u0101joties ar kol\u0113\u0123iem no da\u017e\u0101d\u0101m noda\u013c\u0101m port\u0101la &#8220;Delfi&#8221; redakcij\u0101 tapa &#8220;D sektors&#8221;, kur\u0101 aizvad\u012bt\u0101 gada laik\u0101 viesoj\u0101s vair\u0101kas gan eso\u0161\u0101s, gan biju\u0161\u0101s Latvijas sporta zvaigznes. Vi\u0146i padal\u012bj\u0101s ar interesantiem st\u0101stiem par sav\u0101m gait\u0101m profesion\u0101laj\u0101 sport\u0101, un, atz\u012bm\u0113jot raid\u012bjuma pirm\u0101 gada nosl\u0113gumu, apkopoju st\u0101stus, kas spilgti palika atmi\u0146\u0101 un izpeln\u012bj\u0101s liel\u0101ko skat\u012bt\u0101ju interesi.<\/p>\n<p class=\"m-0\">Seko &#8220;Delfi&#8221; ar\u012b  <a target=\"_blank\" href=\"https:\/\/www.instagram.com\/delfi.lv\/\" rel=\"nofollow noopener\">Instagram<\/a>  un <a target=\"_blank\" href=\"https:\/\/www.youtube.com\/channel\/UCw5foWtcJvAbUm64rv7jwUQ\" rel=\"nofollow noopener\">YouTube<\/a>  profil\u0101 \u2013 pievienojies, lai uzzin\u0101tu svar\u012bg\u0101ko un interesant\u0101ko pirmais!<\/p>\n<p>Publik\u0101cijas saturs vai t\u0101s jebk\u0101da apjoma da\u013ca ir aizsarg\u0101ts autorties\u012bbu objekts Autorties\u012bbu likuma izpratn\u0113, un t\u0101 izmanto\u0161ana bez izdev\u0113ja at\u013caujas ir aizliegta. Vair\u0101k lasi  <a target=\"_blank\" href=\"https:\/\/www.delfi.lv\/noteikumi#autortiesibas\" rel=\"nofollow noopener\">\u0161eit<\/a><script async src=\"\/\/www.instagram.com\/embed.js\"><\/script><\/p>\n","protected":false},"excerpt":{"rendered":"2025. gads man nesa jaunu izaicin\u0101jumu 15 gadus ilgaj\u0101 sporta \u017eurn\u0101lista karjer\u0101, un man tika uztic\u0113ta jauna sporta&hellip;\n","protected":false},"author":2,"featured_media":90926,"comment_status":"","ping_status":"","sticky":false,"template":"","format":"standard","meta":{"footnotes":""},"categories":[17],"tags":[566,3976,11562,4415,22933,35,39,38,36,37,34,225,40,835,1422,837,22932,67],"class_list":{"0":"post-90925","1":"post","2":"type-post","3":"status-publish","4":"format-standard","5":"has-post-thumbnail","7":"category-sports","8":"tag-anastasija-samoilova","9":"tag-atelpas-bridim","10":"tag-emils-cipulis","11":"tag-janis-ikaunieks","12":"tag-janis-strelnieks","13":"tag-latvia","14":"tag-latvian","15":"tag-latviesu","16":"tag-latviesu-valoda","17":"tag-latviesuvaloda","18":"tag-latvija","19":"tag-latvijas-basketbola-izlase","20":"tag-lv","21":"tag-nhl","22":"tag-rfs","23":"tag-rodrigo-abols","24":"tag-sandis-prusis","25":"tag-sports"},"share_on_mastodon":{"url":"https:\/\/pubeurope.com\/@lv\/115814455204404119","error":""},"_links":{"self":[{"href":"https:\/\/www.europesays.com\/lv\/wp-json\/wp\/v2\/posts\/90925","targetHints":{"allow":["GET"]}}],"collection":[{"href":"https:\/\/www.europesays.com\/lv\/wp-json\/wp\/v2\/posts"}],"about":[{"href":"https:\/\/www.europesays.com\/lv\/wp-json\/wp\/v2\/types\/post"}],"author":[{"embeddable":true,"href":"https:\/\/www.europesays.com\/lv\/wp-json\/wp\/v2\/users\/2"}],"replies":[{"embeddable":true,"href":"https:\/\/www.europesays.com\/lv\/wp-json\/wp\/v2\/comments?post=90925"}],"version-history":[{"count":0,"href":"https:\/\/www.europesays.com\/lv\/wp-json\/wp\/v2\/posts\/90925\/revisions"}],"wp:featuredmedia":[{"embeddable":true,"href":"https:\/\/www.europesays.com\/lv\/wp-json\/wp\/v2\/media\/90926"}],"wp:attachment":[{"href":"https:\/\/www.europesays.com\/lv\/wp-json\/wp\/v2\/media?parent=90925"}],"wp:term":[{"taxonomy":"category","embeddable":true,"href":"https:\/\/www.europesays.com\/lv\/wp-json\/wp\/v2\/categories?post=90925"},{"taxonomy":"post_tag","embeddable":true,"href":"https:\/\/www.europesays.com\/lv\/wp-json\/wp\/v2\/tags?post=90925"}],"curies":[{"name":"wp","href":"https:\/\/api.w.org\/{rel}","templated":true}]}}