{"id":90931,"date":"2025-12-31T13:45:10","date_gmt":"2025-12-31T13:45:10","guid":{"rendered":"https:\/\/www.europesays.com\/lv\/90931\/"},"modified":"2025-12-31T13:45:10","modified_gmt":"2025-12-31T13:45:10","slug":"ukraina-veikusi-liela-meroga-drona-uzbrukumu-krievijai","status":"publish","type":"post","link":"https:\/\/www.europesays.com\/lv\/90931\/","title":{"rendered":"Ukraina veikusi liela m\u0113roga drona uzbrukumu Krievijai"},"content":{"rendered":"<p>Droni izrais\u012bja ugunsgr\u0113ku Maskavas apgabala elektroapg\u0101des apak\u0161stacij\u0101, izraisot elektroapg\u0101des trauc\u0113jumus vair\u0101k nek\u0101 100 t\u016bksto\u0161iem iedz\u012bvot\u0101ju. Ramenskas pils\u0113tas administr\u0101cija pazi\u0146oja, ka elektroapg\u0101des p\u0101rtraukumu izrais\u012bjusi kabe\u013ca aizdeg\u0161an\u0101s, tom\u0113r taj\u0101 pa\u0161\u0101 laik\u0101 tika zi\u0146ots par liela m\u0113roga Ukrainas dronu uzbrukumu Maskavas apgabal\u0101.\u00a0 Elektroapg\u0101des p\u0101rtraukums sk\u0101ra ar\u012b \u017dukovskas un Litkarinas pils\u0113tu iedz\u012bvot\u0101jus. Varas iest\u0101des pazi\u0146oja, ka t\u0101s str\u0101d\u0101, lai \u0101tri nov\u0113rstu kait\u0113jumu.<\/p>\n","protected":false},"excerpt":{"rendered":"Droni izrais\u012bja ugunsgr\u0113ku Maskavas apgabala elektroapg\u0101des apak\u0161stacij\u0101, izraisot elektroapg\u0101des trauc\u0113jumus vair\u0101k nek\u0101 100 t\u016bksto\u0161iem iedz\u012bvot\u0101ju. Ramenskas pils\u0113tas administr\u0101cija&hellip;\n","protected":false},"author":2,"featured_media":90932,"comment_status":"","ping_status":"","sticky":false,"template":"","format":"standard","meta":{"footnotes":""},"categories":[14],"tags":[23,57,28,29,32,33,22,30,31,35,39,38,36,37,34,40,20,26,27,24,25,54,55,56,21,58],"class_list":{"0":"post-90931","1":"post","2":"type-post","3":"status-publish","4":"format-standard","5":"has-post-thumbnail","7":"category-zinas-no-arvalstim","8":"tag-aktualitates","9":"tag-arvalstim","10":"tag-breaking-news","11":"tag-breakingnews","12":"tag-featured-news","13":"tag-featurednews","14":"tag-headlines","15":"tag-latest-news","16":"tag-latestnews","17":"tag-latvia","18":"tag-latvian","19":"tag-latviesu","20":"tag-latviesu-valoda","21":"tag-latviesuvaloda","22":"tag-latvija","23":"tag-lv","24":"tag-news","25":"tag-popularakas-zinas","26":"tag-popularakaszinas","27":"tag-top-stories","28":"tag-topstories","29":"tag-world","30":"tag-world-news","31":"tag-worldnews","32":"tag-zinas","33":"tag-zinas-no-arvalstim"},"share_on_mastodon":{"url":"https:\/\/pubeurope.com\/@lv\/115814486789085365","error":""},"_links":{"self":[{"href":"https:\/\/www.europesays.com\/lv\/wp-json\/wp\/v2\/posts\/90931","targetHints":{"allow":["GET"]}}],"collection":[{"href":"https:\/\/www.europesays.com\/lv\/wp-json\/wp\/v2\/posts"}],"about":[{"href":"https:\/\/www.europesays.com\/lv\/wp-json\/wp\/v2\/types\/post"}],"author":[{"embeddable":true,"href":"https:\/\/www.europesays.com\/lv\/wp-json\/wp\/v2\/users\/2"}],"replies":[{"embeddable":true,"href":"https:\/\/www.europesays.com\/lv\/wp-json\/wp\/v2\/comments?post=90931"}],"version-history":[{"count":0,"href":"https:\/\/www.europesays.com\/lv\/wp-json\/wp\/v2\/posts\/90931\/revisions"}],"wp:featuredmedia":[{"embeddable":true,"href":"https:\/\/www.europesays.com\/lv\/wp-json\/wp\/v2\/media\/90932"}],"wp:attachment":[{"href":"https:\/\/www.europesays.com\/lv\/wp-json\/wp\/v2\/media?parent=90931"}],"wp:term":[{"taxonomy":"category","embeddable":true,"href":"https:\/\/www.europesays.com\/lv\/wp-json\/wp\/v2\/categories?post=90931"},{"taxonomy":"post_tag","embeddable":true,"href":"https:\/\/www.europesays.com\/lv\/wp-json\/wp\/v2\/tags?post=90931"}],"curies":[{"name":"wp","href":"https:\/\/api.w.org\/{rel}","templated":true}]}}