{"id":90933,"date":"2025-12-31T13:46:07","date_gmt":"2025-12-31T13:46:07","guid":{"rendered":"https:\/\/www.europesays.com\/lv\/90933\/"},"modified":"2025-12-31T13:46:07","modified_gmt":"2025-12-31T13:46:07","slug":"somu-lici-sorit-bojats-sakaru-kabelis-somijas-robezsardze-aizturejusi-kugi-raksts","status":"publish","type":"post","link":"https:\/\/www.europesays.com\/lv\/90933\/","title":{"rendered":"Somu l\u012bc\u012b \u0161or\u012bt boj\u0101ts sakaru kabelis; Somijas robe\u017esardze aiztur\u0113jusi ku\u0123i \/ Raksts"},"content":{"rendered":"<p>Somijas telesakaru uz\u0146\u0113mums &#8220;Elisa&#8221; \u0161odien\u00a0pazi\u0146ojis, ka Somu l\u012bc\u012b, Igaunijas ekskluz\u012bvaj\u0101 ekonomiskaj\u0101 zon\u0101, atkl\u0101ts p\u0101rr\u0101vums sakaru kabe\u013ca savienojum\u0101 starp Somiju un Igauniju.<\/p>\n<p>Saska\u0146\u0101 ar Igaunijas Tieslietu un digit\u0101lo lietu ministrijas sniegto inform\u0101ciju, p\u0113d\u0113jo dienu laik\u0101 ir boj\u0101ti \u010detri sakaru kabe\u013ci, kas savieno Igauniju ar \u0101rvalst\u012bm, un viens kabelis starp H\u012bjum\u0101 salu un kontinent\u0101lo da\u013cu.<\/p>\n<p>Br\u012bd\u012b, kad \u0161or\u012bt konstat\u0113ts boj\u0101jums uz\u0146\u0113muma &#8220;Elisa&#8221; sakaru kabel\u012b, apk\u0101rtn\u0113 konstat\u0113ts k\u0101ds ku\u0123is, kas p\u0101rvietoj\u0101s no Igaunijas ekskluz\u012bv\u0101s ekonomisk\u0101s zonas uz Somijas ekskluz\u012bvo ekonomisko zonu.<\/p>\n<p>Somijas nacion\u0101l\u0101 raidorganiz\u0101cija zi\u0146oja, ka ku\u0123is ir p\u0101r\u0146emts varas iest\u0101\u017eu kontrol\u0113 Somijas ekskluz\u012bvaj\u0101 ekonomiskaj\u0101 zon\u0101, veicot kop\u012bgu oper\u0101ciju, kur\u0101 piedal\u012bj\u0101s helikopters un robe\u017esardzes patru\u013cku\u0123is.<\/p>\n<p>Somijas policija ir uzs\u0101kusi krimin\u0101lprocesu, lai izmekl\u0113tu notiku\u0161o. Aiztur\u0113\u0161anas br\u012bd\u012b ku\u0123a enkura \u0137\u0113de atradusies \u016bden\u012b. K\u0101 v\u0113sta Somijas laikraksts &#8220;Helsingin Sanomat&#8221;, aiztur\u0113t\u0101 ku\u0123a nosaukums ir &#8220;Fitburg&#8221;, un tas ku\u0123o ar Sentvinsentas un Grenad\u012bnu karogu.<\/p>\n<p>                    Valodas k\u013c\u016bda rakst\u0101?<\/p>\n<p class=\"d-none d-md-block\">Iez\u012bm\u0113jiet tekstu un spiediet Ctrl+Enter, lai nos\u016bt\u012btu labojamo teksta fragmentu redaktoram! Par faktu k\u013c\u016bd\u0101m l\u016bdzam zi\u0146ot e-past\u0101 <a href=\"https:\/\/www.lsm.lv\/cdn-cgi\/l\/email-protection\" class=\"__cf_email__\" data-cfemail=\"681a0d0c09030b01020928041b0546041e\" rel=\"nofollow noopener\" target=\"_blank\">[email\u00a0protected]<\/a>.<\/p>\n<p class=\"d-md-none\">Iez\u012bm\u0113jiet tekstu un spiediet uz Zi\u0146ot par k\u013c\u016bdu pogas, lai nos\u016bt\u012btu labojamo teksta fragmentu redaktoram!<\/p>\n<p>\n                    Zi\u0146ot par k\u013c\u016bdu\n                <\/p>\n","protected":false},"excerpt":{"rendered":"Somijas telesakaru uz\u0146\u0113mums &#8220;Elisa&#8221; \u0161odien\u00a0pazi\u0146ojis, ka Somu l\u012bc\u012b, Igaunijas ekskluz\u012bvaj\u0101 ekonomiskaj\u0101 zon\u0101, atkl\u0101ts p\u0101rr\u0101vums sakaru kabe\u013ca savienojum\u0101 starp&hellip;\n","protected":false},"author":2,"featured_media":90934,"comment_status":"","ping_status":"","sticky":false,"template":"","format":"standard","meta":{"footnotes":""},"categories":[12],"tags":[23,28,29,32,33,22,30,31,35,39,38,36,37,34,40,20,26,27,24,25,21],"class_list":{"0":"post-90933","1":"post","2":"type-post","3":"status-publish","4":"format-standard","5":"has-post-thumbnail","7":"category-latvija","8":"tag-aktualitates","9":"tag-breaking-news","10":"tag-breakingnews","11":"tag-featured-news","12":"tag-featurednews","13":"tag-headlines","14":"tag-latest-news","15":"tag-latestnews","16":"tag-latvia","17":"tag-latvian","18":"tag-latviesu","19":"tag-latviesu-valoda","20":"tag-latviesuvaloda","21":"tag-latvija","22":"tag-lv","23":"tag-news","24":"tag-popularakas-zinas","25":"tag-popularakaszinas","26":"tag-top-stories","27":"tag-topstories","28":"tag-zinas"},"share_on_mastodon":{"url":"https:\/\/pubeurope.com\/@lv\/115814490605718206","error":""},"_links":{"self":[{"href":"https:\/\/www.europesays.com\/lv\/wp-json\/wp\/v2\/posts\/90933","targetHints":{"allow":["GET"]}}],"collection":[{"href":"https:\/\/www.europesays.com\/lv\/wp-json\/wp\/v2\/posts"}],"about":[{"href":"https:\/\/www.europesays.com\/lv\/wp-json\/wp\/v2\/types\/post"}],"author":[{"embeddable":true,"href":"https:\/\/www.europesays.com\/lv\/wp-json\/wp\/v2\/users\/2"}],"replies":[{"embeddable":true,"href":"https:\/\/www.europesays.com\/lv\/wp-json\/wp\/v2\/comments?post=90933"}],"version-history":[{"count":0,"href":"https:\/\/www.europesays.com\/lv\/wp-json\/wp\/v2\/posts\/90933\/revisions"}],"wp:featuredmedia":[{"embeddable":true,"href":"https:\/\/www.europesays.com\/lv\/wp-json\/wp\/v2\/media\/90934"}],"wp:attachment":[{"href":"https:\/\/www.europesays.com\/lv\/wp-json\/wp\/v2\/media?parent=90933"}],"wp:term":[{"taxonomy":"category","embeddable":true,"href":"https:\/\/www.europesays.com\/lv\/wp-json\/wp\/v2\/categories?post=90933"},{"taxonomy":"post_tag","embeddable":true,"href":"https:\/\/www.europesays.com\/lv\/wp-json\/wp\/v2\/tags?post=90933"}],"curies":[{"name":"wp","href":"https:\/\/api.w.org\/{rel}","templated":true}]}}