{"id":90942,"date":"2025-12-31T14:01:08","date_gmt":"2025-12-31T14:01:08","guid":{"rendered":"https:\/\/www.europesays.com\/lv\/90942\/"},"modified":"2025-12-31T14:01:08","modified_gmt":"2025-12-31T14:01:08","slug":"slepotaja-eiduka-konkure-ar-liderem-gada-nosleguma-izcina-7-vietu-tour-de-ski-distance-raksts","status":"publish","type":"post","link":"https:\/\/www.europesays.com\/lv\/90942\/","title":{"rendered":"Sl\u0113pot\u0101ja Eiduka konkur\u0113 ar l\u012bder\u0113m, gada nosl\u0113gum\u0101 izc\u012bna 7. vietu \u00abTour de Ski\u00bb distanc\u0113 \/ Raksts"},"content":{"rendered":"<p>Latvijas distan\u010du sl\u0113po\u0161anas l\u012bdere Patr\u012bcija Eiduka tre\u0161dien gada izska\u0146\u0101 It\u0101lij\u0101 izc\u012bn\u012bja 7. vietu 5 kilometros\u00a0br\u012bvaj\u0101 stil\u0101 &#8220;Tour de Ski&#8221; seri\u0101la sacens\u012bb\u0101s, kas iek\u013cautas Pasaules kausa ieskait\u0113. P\u0113c vesel\u012bbas sare\u017e\u0123\u012bjumu d\u0113\u013c praktiski izlaistas iepriek\u0161\u0113j\u0101s sezonas Eiduka sasniedza vienu no l\u012bdz\u0161in\u0113j\u0101 karjer\u0101 lab\u0101kajiem rezult\u0101tiem.<\/p>\n<p>Distanc\u0113 ar kop\u012bgu startu uzvar\u0113ja \u0161veiciete Nad\u012bna Kelina, fini\u0161u sasniedzot p\u0113c 11 min\u016bt\u0113m un 15,7 sekund\u0113m. V\u0101ciete Hel\u0113na Hofmane atpalika 0,2 sekundes un bija otr\u0101, bet vi\u0146as tautiete Katr\u012bna Zauerbreija bija v\u0113l 0,2 sekundes l\u0113n\u0101ka un nosl\u0113dza laure\u0101tru trijnieku.<\/p>\n<p>Eiduka uzvar\u0113t\u0101jai zaud\u0113ja 3,1 sekundi, un no pjedest\u0101la vi\u0146u \u0161\u0137\u012bra tikai 2,7 sekundes.<\/p>\n<p>Distances pirmaj\u0101 da\u013c\u0101 Eiduka bija tuvu l\u012bder\u0113m, 1,7 kilometru atz\u012bmi sasniedzot uzreiz aiz pirm\u0101 trijnieka 1,8 sekundes aiz l\u012bderes v\u0101cietes Koletas Ridzekas. P\u0113c n\u0101kam\u0101 kilometra Patr\u012bcija sl\u0113poja 13.\u00a0poz\u012bcij\u0101, bet 3,1 kilometra kontrolpunkt\u0101 vi\u0146a tur\u0113j\u0101s uzreiz aiz TOP10, no vad\u012bbu p\u0101r\u0146\u0113mu\u0161\u0101s \u0160veices sl\u0113pot\u0101jas Nad\u012bnas Kelinas atpaliekot 4,3 sekundes.<\/p>\n<p>Jau ceturtdien Eidukai b\u016bs iesp\u0113ja sacens\u012bbu gaisotn\u0113 s\u0101kt jauno gadu, jo &#8220;Tour de Ski&#8221; pirm\u0101 posma nosl\u0113gum\u0101 risin\u0101sies sacens\u012bbas iedz\u012b\u0161an\u0101 20 kilometros klasiskaj\u0101 stil\u0101.\u00a0<\/p>\n<p>V\u012brie\u0161u konkurenc\u0113 Latvija tre\u0161dien sac\u012bkst\u0113s Toblah\u0101 nebija p\u0101rst\u0101v\u0113ta. Uzvar\u0113ja ASV sl\u0113pot\u0101js Guss \u0160umahers, par 0,2 sekund\u0113m apsteidzot tuv\u0101ko s\u0101ncensi austrieti Benjaminu Mozeru, bet vad\u012bbu &#8220;Tour de Ski&#8221; kopv\u0113rt\u0113jum\u0101 saglab\u0101ja norv\u0113\u0123is Juhaness Hesflots Klebo.<\/p>\n<p>&#8220;Tour de Ski&#8221; t\u016br\u0113 otrais un p\u0113d\u0113jais posms ar div\u0101m sac\u012bkst\u0113m risin\u0101sies 3. un 4. janv\u0101r\u012b citviet It\u0101lij\u0101, Valdifjemm\u0113.<\/p>\n<p>Sezon\u0101 galvenais starts b\u016bs febru\u0101r\u012b Mil\u0101nas\u2013Kort\u012bnas ziemas olimpiskaj\u0101s sp\u0113l\u0113s, kam sl\u0113pot\u0101ji pak\u0101rto gatavo\u0161an\u0101s pl\u0101nus un dal\u012bbu cit\u0101s sacens\u012bb\u0101s.<\/p>\n<p>                    Valodas k\u013c\u016bda rakst\u0101?<\/p>\n<p class=\"d-none d-md-block\">Iez\u012bm\u0113jiet tekstu un spiediet Ctrl+Enter, lai nos\u016bt\u012btu labojamo teksta fragmentu redaktoram! Par faktu k\u013c\u016bd\u0101m l\u016bdzam zi\u0146ot e-past\u0101 <a href=\"https:\/\/www.lsm.lv\/cdn-cgi\/l\/email-protection\" class=\"__cf_email__\" data-cfemail=\"126077767379717b7873527e617f3c7e64\" rel=\"nofollow noopener\" target=\"_blank\">[email\u00a0protected]<\/a>.<\/p>\n<p class=\"d-md-none\">Iez\u012bm\u0113jiet tekstu un spiediet uz Zi\u0146ot par k\u013c\u016bdu pogas, lai nos\u016bt\u012btu labojamo teksta fragmentu redaktoram!<\/p>\n<p>\n                    Zi\u0146ot par k\u013c\u016bdu\n                <\/p>\n","protected":false},"excerpt":{"rendered":"Latvijas distan\u010du sl\u0113po\u0161anas l\u012bdere Patr\u012bcija Eiduka tre\u0161dien gada izska\u0146\u0101 It\u0101lij\u0101 izc\u012bn\u012bja 7. vietu 5 kilometros\u00a0br\u012bvaj\u0101 stil\u0101 &#8220;Tour de&hellip;\n","protected":false},"author":2,"featured_media":70601,"comment_status":"","ping_status":"","sticky":false,"template":"","format":"standard","meta":{"footnotes":""},"categories":[17],"tags":[35,39,38,36,37,34,40,67],"class_list":{"0":"post-90942","1":"post","2":"type-post","3":"status-publish","4":"format-standard","5":"has-post-thumbnail","7":"category-sports","8":"tag-latvia","9":"tag-latvian","10":"tag-latviesu","11":"tag-latviesu-valoda","12":"tag-latviesuvaloda","13":"tag-latvija","14":"tag-lv","15":"tag-sports"},"share_on_mastodon":{"url":"https:\/\/pubeurope.com\/@lv\/115814549599827447","error":""},"_links":{"self":[{"href":"https:\/\/www.europesays.com\/lv\/wp-json\/wp\/v2\/posts\/90942","targetHints":{"allow":["GET"]}}],"collection":[{"href":"https:\/\/www.europesays.com\/lv\/wp-json\/wp\/v2\/posts"}],"about":[{"href":"https:\/\/www.europesays.com\/lv\/wp-json\/wp\/v2\/types\/post"}],"author":[{"embeddable":true,"href":"https:\/\/www.europesays.com\/lv\/wp-json\/wp\/v2\/users\/2"}],"replies":[{"embeddable":true,"href":"https:\/\/www.europesays.com\/lv\/wp-json\/wp\/v2\/comments?post=90942"}],"version-history":[{"count":0,"href":"https:\/\/www.europesays.com\/lv\/wp-json\/wp\/v2\/posts\/90942\/revisions"}],"wp:featuredmedia":[{"embeddable":true,"href":"https:\/\/www.europesays.com\/lv\/wp-json\/wp\/v2\/media\/70601"}],"wp:attachment":[{"href":"https:\/\/www.europesays.com\/lv\/wp-json\/wp\/v2\/media?parent=90942"}],"wp:term":[{"taxonomy":"category","embeddable":true,"href":"https:\/\/www.europesays.com\/lv\/wp-json\/wp\/v2\/categories?post=90942"},{"taxonomy":"post_tag","embeddable":true,"href":"https:\/\/www.europesays.com\/lv\/wp-json\/wp\/v2\/tags?post=90942"}],"curies":[{"name":"wp","href":"https:\/\/api.w.org\/{rel}","templated":true}]}}