{"id":90943,"date":"2025-12-31T14:03:07","date_gmt":"2025-12-31T14:03:07","guid":{"rendered":"https:\/\/www.europesays.com\/lv\/90943\/"},"modified":"2025-12-31T14:03:07","modified_gmt":"2025-12-31T14:03:07","slug":"no-kara-dramas-ukraina-lidz-dabas-katastrofam-pasaule-lente-lv","status":"publish","type":"post","link":"https:\/\/www.europesays.com\/lv\/90943\/","title":{"rendered":"no kara dr\u0101mas Ukrain\u0101 l\u012bdz dabas katastrof\u0101m pasaul\u0113\u00a0\u2014\u00a0Lente.lv"},"content":{"rendered":"<p>Gada nogale vizu\u0101l\u0101s atspogu\u013cojum\u0101<\/p>\n<p>Decembris, nosl\u0113dzot 2025. gadu, pied\u0101v\u0101 ieskatu da\u017e\u0101dos notikumos vis\u0101 pasaul\u0113, kas iem\u016b\u017ein\u0101ti fotogr\u0101fij\u0101s. \u0160is m\u0113nesis atspogu\u013co gan dramatiskus konfliktus, gan dabas stihiju ne\u017e\u0113l\u012bbu, gan ar\u012b kult\u016bras un ikdienas dz\u012bves mirk\u013cus.<\/p>\n<p>Kara dr\u0101ma Ukrain\u0101 un t\u0101s sekas<\/p>\n<p>Neatrisin\u0101tais kar\u0161 Ukrain\u0101 turpina atst\u0101t dzi\u013cas p\u0113das, ko atspogu\u013co fotogr\u0101fu darbi. Krievijas past\u0101v\u012bgie uzbrukumi, tostarp drona trieciens Odesas ostai, rad\u012bju\u0161i post\u012bjumus un upurus. Zi\u0146as liecina par nopietniem zaud\u0113jumiem Krievijas sp\u0113ku poz\u012bcij\u0101s Harkivas virzien\u0101, atspogu\u013cojot frontes dinamiku. \u0160\u0101di notikumi par\u0101da kara realit\u0101ti, kas turpin\u0101s ar\u012b gada nogal\u0113, ietekm\u0113jot infrastrukt\u016bru un cilv\u0113ku dz\u012bves.<\/p>\n<p>Dabas stihijas un klimata p\u0101rmai\u0146as<\/p>\n<p>2025. gad\u0101 pasaule sask\u0101rusies ar virkni dabas katastrofu. Kalifornija c\u012bn\u012bjusies ar pla\u0161iem ugunsgr\u0113kiem, Eiropu piemekl\u0113jusi n\u0101v\u0113jo\u0161a svelme, bet \u0100ziju \u2013 posto\u0161i taif\u016bni. Lietavas un pl\u016bdi sk\u0101ru\u0161i ASV rietumu da\u013cu, kam\u0113r glob\u0101l\u0101s temperat\u016bras atkal tuvoj\u0101s rekordiem. Lai gan prognoz\u0113\u0161anas un br\u012bdin\u0101jumu sist\u0113mas pal\u012bdz\u0113ju\u0161as mazin\u0101t post\u012bjumus, \u0161\u012bs par\u0101d\u012bbas uzsver klimata p\u0101rmai\u0146u rad\u012btos izaicin\u0101jumus.<\/p>\n<p>Kult\u016bras un sabiedr\u012bbas notikumi Latvij\u0101<\/p>\n<p>Latvij\u0101 decembris un visa 2025. gada nogale ir iez\u012bm\u0113jusies ar da\u017e\u0101diem kult\u016bras un sabiedriskiem notikumiem. Lai gan politisk\u0101 vide ir bijusi spriedzes pilna, it \u012bpa\u0161i saist\u012bb\u0101 ar dro\u0161\u012bbas jaut\u0101jumiem un koal\u012bcijas stabilit\u0101ti, kult\u016bras dz\u012bve pied\u0101v\u0101jusi daudzveid\u012bgus pas\u0101kumus. Notiku\u0161as ar\u012b noz\u012bm\u012bgas ekonomisk\u0101s norises un dar\u012bjumi, kas nor\u0101da uz invest\u012bciju piepl\u016bdumu valst\u012b.<\/p>\n<p>Gada nosl\u0113guma mirk\u013ci fotogr\u0101fij\u0101s<\/p>\n<p>Decembris pasaul\u0113, k\u0101 ar\u012b Latvij\u0101, ir bijis pies\u0101tin\u0101ts ar notikumiem, ko atspogu\u013co fotogr\u0101fu objekt\u012bvi. No kara posto\u0161aj\u0101m sek\u0101m Ukrain\u0101 l\u012bdz dabas stihiju ne\u017e\u0113l\u012bbai, no sv\u0113tku gaid\u0101m un kult\u016bras pas\u0101kumiem Latvij\u0101 l\u012bdz glob\u0101liem skand\u0101liem \u2013 katrs kadrs st\u0101sta savu st\u0101stu par aizvad\u012bto gadu.<\/p>\n","protected":false},"excerpt":{"rendered":"Gada nogale vizu\u0101l\u0101s atspogu\u013cojum\u0101 Decembris, nosl\u0113dzot 2025. gadu, pied\u0101v\u0101 ieskatu da\u017e\u0101dos notikumos vis\u0101 pasaul\u0113, kas iem\u016b\u017ein\u0101ti fotogr\u0101fij\u0101s. \u0160is&hellip;\n","protected":false},"author":2,"featured_media":90944,"comment_status":"","ping_status":"","sticky":false,"template":"","format":"standard","meta":{"footnotes":""},"categories":[14],"tags":[22761,23,57,28,29,22939,32,33,22,30,31,35,39,38,36,37,34,5518,40,20,26,27,24,25,22938,54,55,56,21,58,22937],"class_list":{"0":"post-90943","1":"post","2":"type-post","3":"status-publish","4":"format-standard","5":"has-post-thumbnail","7":"category-zinas-no-arvalstim","8":"tag-2025-gada-notikumi","9":"tag-aktualitates","10":"tag-arvalstim","11":"tag-breaking-news","12":"tag-breakingnews","13":"tag-dabas-katastrofas-2025","14":"tag-featured-news","15":"tag-featurednews","16":"tag-headlines","17":"tag-latest-news","18":"tag-latestnews","19":"tag-latvia","20":"tag-latvian","21":"tag-latviesu","22":"tag-latviesu-valoda","23":"tag-latviesuvaloda","24":"tag-latvija","25":"tag-latvijas-kulturas-notikumi","26":"tag-lv","27":"tag-news","28":"tag-popularakas-zinas","29":"tag-popularakaszinas","30":"tag-top-stories","31":"tag-topstories","32":"tag-ukrainas-kars-fotografijas","33":"tag-world","34":"tag-world-news","35":"tag-worldnews","36":"tag-zinas","37":"tag-zinas-no-arvalstim","38":"tag-zinu-foto"},"share_on_mastodon":{"url":"https:\/\/pubeurope.com\/@lv\/115814557495930432","error":""},"_links":{"self":[{"href":"https:\/\/www.europesays.com\/lv\/wp-json\/wp\/v2\/posts\/90943","targetHints":{"allow":["GET"]}}],"collection":[{"href":"https:\/\/www.europesays.com\/lv\/wp-json\/wp\/v2\/posts"}],"about":[{"href":"https:\/\/www.europesays.com\/lv\/wp-json\/wp\/v2\/types\/post"}],"author":[{"embeddable":true,"href":"https:\/\/www.europesays.com\/lv\/wp-json\/wp\/v2\/users\/2"}],"replies":[{"embeddable":true,"href":"https:\/\/www.europesays.com\/lv\/wp-json\/wp\/v2\/comments?post=90943"}],"version-history":[{"count":0,"href":"https:\/\/www.europesays.com\/lv\/wp-json\/wp\/v2\/posts\/90943\/revisions"}],"wp:featuredmedia":[{"embeddable":true,"href":"https:\/\/www.europesays.com\/lv\/wp-json\/wp\/v2\/media\/90944"}],"wp:attachment":[{"href":"https:\/\/www.europesays.com\/lv\/wp-json\/wp\/v2\/media?parent=90943"}],"wp:term":[{"taxonomy":"category","embeddable":true,"href":"https:\/\/www.europesays.com\/lv\/wp-json\/wp\/v2\/categories?post=90943"},{"taxonomy":"post_tag","embeddable":true,"href":"https:\/\/www.europesays.com\/lv\/wp-json\/wp\/v2\/tags?post=90943"}],"curies":[{"name":"wp","href":"https:\/\/api.w.org\/{rel}","templated":true}]}}