{"id":90945,"date":"2025-12-31T14:04:12","date_gmt":"2025-12-31T14:04:12","guid":{"rendered":"https:\/\/www.europesays.com\/lv\/90945\/"},"modified":"2025-12-31T14:04:12","modified_gmt":"2025-12-31T14:04:12","slug":"pirms-gadumijas-timmas-gimenes-juriste-sniedz-jaunako-informaciju-par-izmeklesanu","status":"publish","type":"post","link":"https:\/\/www.europesays.com\/lv\/90945\/","title":{"rendered":"Pirms gadumijas Timmas \u0123imenes juriste sniedz jaun\u0101ko inform\u0101ciju par izmekl\u0113\u0161anu"},"content":{"rendered":"<p>Margarita raksta, ka vi\u0146a ies\u016bdz\u0113jusi ties\u0101 Annu Sedokovu, lai \u0123imene uzzin\u0101tu konkr\u0113tu mantojuma apjomu, k\u0101 ar\u012b, lai tiktu atz\u012bts pirm\u0101s pak\u0101pes mantinieks \u2013 J\u0101\u0146a d\u0113ls. Kad tas tiks izdar\u012bts, tad no dzied\u0101t\u0101jas tiks piepras\u012bts izmaks\u0101t z\u0113nam vi\u0146am pien\u0101ko\u0161os naudas summu.<\/p>\n<p>\u201cPagaid\u0101m nav zin\u0101ms tiesas datums un tas ir norm\u0101li, jo pirms Jaun\u0101 gada tiesas steidz sl\u0113gt jau eso\u0161\u0101s lietas, ceru, ka jau janv\u0101r\u012b b\u016bs pirm\u0101 tiesas s\u0113de,\u201d t\u0101 Margarita.<\/p>\n<p>Attiec\u012bb\u0101 uz mantojamo mantu, mantojuma lietas ietvaros not\u0101rs nos\u016bt\u012bja piepras\u012bjumus Feder\u0101lajam re\u0123istr\u0101cijas dienestam un Valsts satiksmes dro\u0161\u012bbas inspekcijai.<\/p>\n<p>Ir identific\u0113ti divi laul\u012bbas laik\u0101 ieg\u0101d\u0101ti un p\u0101rdoti \u012bpa\u0161umi: dz\u012bvok\u013ci kompleksos \u201cAlije Parusa\u201d un \u201cSerdtse Stolitsy\u201d.<\/p>\n<p>Juriste pazi\u0146o, ka dz\u012bvok\u013ci b\u016bvniec\u012bbas laik\u0101 tika nodoti tre\u0161aj\u0101m person\u0101m, bet tas netrauc\u0113 vilkt paral\u0113les ar pirk\u0161anas p\u0101rdo\u0161anas ce\u013ciem. Kop\u0101 atrasti pieci \u012bpa\u0161umi.<\/p>\n<p class=\"ad-desc ad-desc-main\">Saturs turpin\u0101s p\u0113c rekl\u0101mas<\/p>\n<p class=\"ad-desc ad-desc-sec\">Rekl\u0101ma<\/p>\n<p>Dz\u012bvok\u013ci tika p\u0101rdoti p\u0113c laul\u012bbas l\u012bguma parakst\u012b\u0161anas, un atraitne sa\u0146\u0113ma visu summu \u2013 tas ir viens!<\/p>\n<p>T\u0101pat juristei nepat\u012bk Annas vec\u0101k\u0101s meitas Al\u012bnas juridisk\u0101 c\u012b\u0146a Ukrain\u0101, lai sa\u0146emtu visus sava t\u0113va \u012bpa\u0161umus no atraitnes. Juriste uzskata meiteni par mantk\u0101r\u012bgu savas m\u0101tes kopiju, kaut gan pati c\u012bn\u0101s, lai J\u0101\u0146a b\u0113rns sa\u0146emtu savu mantojumu no sava t\u0113va atraitnes.<\/p>\n<p>Vair\u0101k par visu, kas noticis gada laik\u0101 p\u0113c sportista n\u0101ves lasi\u00a0<a href=\"https:\/\/tv3.lv\/izklaide\/slavenibas\/pasmaju-slavenibas\/gads-pec-jana-timmas-naves-sedokovas-klusesana-un-gimenes-cina-par-mantojumu\/\" target=\"_blank\" rel=\"noopener nofollow\">\u0160EIT!<\/a><\/p>\n<p class=\"tv3-fw-500\">Zi\u0146o par k\u013c\u016bdu rakst\u0101<\/p>\n<p class=\"d-md-block d-none\">Iez\u012bm\u0113 k\u013c\u016bdaino tekstu un spied Ctrl+Enter.<\/p>\n<p class=\"d-md-none d-block\">Iez\u012bm\u0113 k\u013c\u016bdaino tekstu un zi\u0146o par to!<\/p>\n","protected":false},"excerpt":{"rendered":"Margarita raksta, ka vi\u0146a ies\u016bdz\u0113jusi ties\u0101 Annu Sedokovu, lai \u0123imene uzzin\u0101tu konkr\u0113tu mantojuma apjomu, k\u0101 ar\u012b, lai tiktu&hellip;\n","protected":false},"author":2,"featured_media":90946,"comment_status":"","ping_status":"","sticky":false,"template":"","format":"standard","meta":{"footnotes":""},"categories":[12],"tags":[23,22940,28,29,32,33,22,30,31,35,39,38,36,37,34,40,20,26,27,24,25,21],"class_list":{"0":"post-90945","1":"post","2":"type-post","3":"status-publish","4":"format-standard","5":"has-post-thumbnail","7":"category-latvija","8":"tag-aktualitates","9":"tag-anna-sedokovajanis-timmaslavenibu-tiesvediba","10":"tag-breaking-news","11":"tag-breakingnews","12":"tag-featured-news","13":"tag-featurednews","14":"tag-headlines","15":"tag-latest-news","16":"tag-latestnews","17":"tag-latvia","18":"tag-latvian","19":"tag-latviesu","20":"tag-latviesu-valoda","21":"tag-latviesuvaloda","22":"tag-latvija","23":"tag-lv","24":"tag-news","25":"tag-popularakas-zinas","26":"tag-popularakaszinas","27":"tag-top-stories","28":"tag-topstories","29":"tag-zinas"},"share_on_mastodon":{"url":"https:\/\/pubeurope.com\/@lv\/115814561362785245","error":""},"_links":{"self":[{"href":"https:\/\/www.europesays.com\/lv\/wp-json\/wp\/v2\/posts\/90945","targetHints":{"allow":["GET"]}}],"collection":[{"href":"https:\/\/www.europesays.com\/lv\/wp-json\/wp\/v2\/posts"}],"about":[{"href":"https:\/\/www.europesays.com\/lv\/wp-json\/wp\/v2\/types\/post"}],"author":[{"embeddable":true,"href":"https:\/\/www.europesays.com\/lv\/wp-json\/wp\/v2\/users\/2"}],"replies":[{"embeddable":true,"href":"https:\/\/www.europesays.com\/lv\/wp-json\/wp\/v2\/comments?post=90945"}],"version-history":[{"count":0,"href":"https:\/\/www.europesays.com\/lv\/wp-json\/wp\/v2\/posts\/90945\/revisions"}],"wp:featuredmedia":[{"embeddable":true,"href":"https:\/\/www.europesays.com\/lv\/wp-json\/wp\/v2\/media\/90946"}],"wp:attachment":[{"href":"https:\/\/www.europesays.com\/lv\/wp-json\/wp\/v2\/media?parent=90945"}],"wp:term":[{"taxonomy":"category","embeddable":true,"href":"https:\/\/www.europesays.com\/lv\/wp-json\/wp\/v2\/categories?post=90945"},{"taxonomy":"post_tag","embeddable":true,"href":"https:\/\/www.europesays.com\/lv\/wp-json\/wp\/v2\/tags?post=90945"}],"curies":[{"name":"wp","href":"https:\/\/api.w.org\/{rel}","templated":true}]}}