{"id":90956,"date":"2025-12-31T14:21:10","date_gmt":"2025-12-31T14:21:10","guid":{"rendered":"https:\/\/www.europesays.com\/lv\/90956\/"},"modified":"2025-12-31T14:21:10","modified_gmt":"2025-12-31T14:21:10","slug":"mirusi-bijusa-asv-prezidenta-kenedija-mazmeita","status":"publish","type":"post","link":"https:\/\/www.europesays.com\/lv\/90956\/","title":{"rendered":"Mirusi biju\u0161\u0101 ASV prezidenta Kenedija mazmeita"},"content":{"rendered":"<p>\u0122imene pazi\u0146oja par vi\u0146as n\u0101vi soci\u0101lo t\u012bklu ierakst\u0101, ar kuru dal\u012bj\u0101s Kenedija bibliot\u0113kas fonds, rakstot: &#8220;\u0160or\u012bt m\u016bsu skaist\u0101 Tatjana ir aizg\u0101jusi. Vi\u0146a vienm\u0113r paliks m\u016bsu sird\u012bs.\u201d<\/p>\n<p>Novembr\u012b \u017eurn\u0101liste \u0161losberga pazi\u0146oja par agres\u012bvas formas v\u0113zi. Vi\u0146a rakst\u012bja, ka vi\u0146ai atlicis maz\u0101k nek\u0101 viens dz\u012bves gads.<\/p>\n<p>\u201cMana pirm\u0101 doma bija, ka mani b\u0113rni, kuru sejas past\u0101v\u012bgi redzu aiz plaksti\u0146iem, mani neatcer\u0113sies,\u201d vi\u0146a rakst\u012bja &#8220;The New Yorker&#8221; public\u0113taj\u0101 rakst\u0101.<\/p>\n<p>\u0160losberga aprakst\u012bja \u0101rst\u0113\u0161anu, ko vi\u0146a sa\u0146\u0113ma, tostarp \u0137\u012bmijterapiju un kaulu smadze\u0146u transplant\u0101ciju, bet atkl\u0101ja, ka \u0101rsti nedeva labas prognozes. Vi\u0146a ba\u017e\u012bj\u0101s, ka \u0123imene var\u0113tu \u013coti p\u0101rdz\u012bvot vi\u0146as n\u0101vi.<\/p>\n<p>\u0160losberga bija dizainera Edv\u012bna \u0160losberga un diplom\u0101tes Karol\u012bnas Kenedijas meita.<\/p>\n<p>Vi\u0146as vect\u0113vs, prezidents Kenedijs, tika noslepkavots 1963. gad\u0101, un vi\u0146as t\u0113vocis, <a href=\"https:\/\/www.apollo.lv\/term\/645871\/dzons-kenedijs\" class=\"topicLink\" target=\"_blank\" rel=\"nofollow noopener\">D\u017eons Kenedijs<\/a> jaun\u0101kais, g\u0101ja boj\u0101 lidma\u0161\u012bnas katastrof\u0101.<\/p>\n","protected":false},"excerpt":{"rendered":"\u0122imene pazi\u0146oja par vi\u0146as n\u0101vi soci\u0101lo t\u012bklu ierakst\u0101, ar kuru dal\u012bj\u0101s Kenedija bibliot\u0113kas fonds, rakstot: &#8220;\u0160or\u012bt m\u016bsu skaist\u0101&hellip;\n","protected":false},"author":2,"featured_media":90957,"comment_status":"","ping_status":"","sticky":false,"template":"","format":"standard","meta":{"footnotes":""},"categories":[14],"tags":[23,57,63,292,28,29,22823,32,33,22,30,31,35,39,38,36,37,34,40,20,26,27,24,25,54,55,56,21,58],"class_list":{"0":"post-90956","1":"post","2":"type-post","3":"status-publish","4":"format-standard","5":"has-post-thumbnail","7":"category-zinas-no-arvalstim","8":"tag-aktualitates","9":"tag-arvalstim","10":"tag-arvalstis","11":"tag-asv","12":"tag-breaking-news","13":"tag-breakingnews","14":"tag-dzons-kenedijs","15":"tag-featured-news","16":"tag-featurednews","17":"tag-headlines","18":"tag-latest-news","19":"tag-latestnews","20":"tag-latvia","21":"tag-latvian","22":"tag-latviesu","23":"tag-latviesu-valoda","24":"tag-latviesuvaloda","25":"tag-latvija","26":"tag-lv","27":"tag-news","28":"tag-popularakas-zinas","29":"tag-popularakaszinas","30":"tag-top-stories","31":"tag-topstories","32":"tag-world","33":"tag-world-news","34":"tag-worldnews","35":"tag-zinas","36":"tag-zinas-no-arvalstim"},"share_on_mastodon":{"url":"https:\/\/pubeurope.com\/@lv\/115814628271982001","error":""},"_links":{"self":[{"href":"https:\/\/www.europesays.com\/lv\/wp-json\/wp\/v2\/posts\/90956","targetHints":{"allow":["GET"]}}],"collection":[{"href":"https:\/\/www.europesays.com\/lv\/wp-json\/wp\/v2\/posts"}],"about":[{"href":"https:\/\/www.europesays.com\/lv\/wp-json\/wp\/v2\/types\/post"}],"author":[{"embeddable":true,"href":"https:\/\/www.europesays.com\/lv\/wp-json\/wp\/v2\/users\/2"}],"replies":[{"embeddable":true,"href":"https:\/\/www.europesays.com\/lv\/wp-json\/wp\/v2\/comments?post=90956"}],"version-history":[{"count":0,"href":"https:\/\/www.europesays.com\/lv\/wp-json\/wp\/v2\/posts\/90956\/revisions"}],"wp:featuredmedia":[{"embeddable":true,"href":"https:\/\/www.europesays.com\/lv\/wp-json\/wp\/v2\/media\/90957"}],"wp:attachment":[{"href":"https:\/\/www.europesays.com\/lv\/wp-json\/wp\/v2\/media?parent=90956"}],"wp:term":[{"taxonomy":"category","embeddable":true,"href":"https:\/\/www.europesays.com\/lv\/wp-json\/wp\/v2\/categories?post=90956"},{"taxonomy":"post_tag","embeddable":true,"href":"https:\/\/www.europesays.com\/lv\/wp-json\/wp\/v2\/tags?post=90956"}],"curies":[{"name":"wp","href":"https:\/\/api.w.org\/{rel}","templated":true}]}}