{"id":90963,"date":"2025-12-31T14:29:07","date_gmt":"2025-12-31T14:29:07","guid":{"rendered":"https:\/\/www.europesays.com\/lv\/90963\/"},"modified":"2025-12-31T14:29:07","modified_gmt":"2025-12-31T14:29:07","slug":"klasikas-top-10-jeb-2025-gada-kosakie-muzikalie-akcenti-latvijas-radio-3-vertejuma-raksts","status":"publish","type":"post","link":"https:\/\/www.europesays.com\/lv\/90963\/","title":{"rendered":"\u00abKlasikas\u00bb TOP 10 jeb 2025. gada ko\u0161\u0101kie muzik\u0101lie akcenti Latvijas Radio 3 v\u0113rt\u0113jum\u0101 \/ Raksts"},"content":{"rendered":"<p>2025. muzik\u0101lais gads ir st\u0101sts par jaunatkl\u0101jumiem, p\u0101rsteigumiem, trad\u012bcij\u0101m un daudzveid\u012bbas prieku, kuru nerimsto\u0161i atkl\u0101j Latvijas Radio 3 &#8220;Klasika&#8221; veidot\u0101ji kop\u0101 ar recenziju raid\u012bjuma &#8220;Post factum&#8221; ekspertiem.\u00a0&#8220;\u0100rpus koncertz\u0101l\u0113m saj\u016btamo vi\u013c\u0146o\u0161anos m\u0101kslinieciskaj\u0101s strukt\u016br\u0101s atst\u0101sim anal\u012btiski p\u0113tnieciskajos raidlaikos,\u00a0bet gada apskat\u0101 &#8220;&#8221;Klasikas&#8221; TOP 10&#8243; zibensskr\u0113jien\u0101 apkopojam spilgt\u0101kos muzik\u0101l\u0101s dz\u012bves notikumus,&#8221; atz\u012bm\u0113 &#8220;Klasikas&#8221; galven\u0101 redaktore\u00a0Inga Saksone.\u00a0<\/p>\n<p>No bag\u0101t\u012bg\u0101 kult\u016brnotikumu kl\u0101sta &#8220;Klasikas&#8221; veidot\u0101ji izv\u0113l\u0113ju\u0161ies savus gada favor\u012btus 10 kategorij\u0101s. Kategorij\u0101 &#8220;Gada jaunais m\u0101kslinieks&#8221; lab\u0101kos no lab\u0101kajiem apkopojusi\u00a0Ilga Auguste, kategorij\u0101 &#8220;Gada solists&#8221; \u2013\u00a0R\u016bta Paula, kategorij\u0101 &#8220;Gada kamerm\u016bzikas notikums&#8221; \u2013\u00a0Signe Lagzdi\u0146a, kategorij\u0101 &#8220;Gada interpret\u0101cija&#8221; \u2013\u00a0Anna Veismane, kategorij\u0101 &#8220;Gada notikums korm\u016bzik\u0101&#8221; \u2013\u00a0Inta P\u012br\u0101ga, kategorij\u0101 &#8220;P\u0101rrobe\u017eu teritorija&#8221; \u2013\u00a0Maruta Rubeze, kategorij\u0101 &#8220;Gada notikums d\u017eez\u0101&#8221; \u2013\u00a0Anete A\u0161mane-Vilsone, kategorij\u0101 &#8220;Gada skatuves notikums&#8221; \u2013\u00a0Ilze Medne, kategorij\u0101 &#8220;Gada komponists&#8221; \u2013\u00a0Orests Silabriedis, bet kategorij\u0101 &#8220;Gada &#8220;Bravo!&#8221;&#8221; \u2013 &#8220;Klasikas&#8221; direktore\u00a0Gunda Vaivode.\u00a0 \u00a0\u00a0<\/p>\n<blockquote>\n<p>Ikvienam klaus\u012bt\u0101jam un kult\u016brnotikumu baud\u012bt\u0101jam rosin\u0101jums &#8220;Klasikas&#8221; m\u0101jaslapas koment\u0101ros\u00a0pievienot savu favor\u012btu sarakstu, k\u0101 to pirms gada dar\u012bja viens no &#8220;Klasikas&#8221; klaus\u012bt\u0101jiem. Ar interesi sal\u012bdzin\u0101sim un priec\u0101simies par bag\u0101t\u012bgo aizvad\u012bt\u0101 gada pied\u0101v\u0101jumu!<\/p>\n<\/blockquote>\n<p>P\u0101rraid\u0113 iek\u013cauts ekspertu sac\u012btais recenziju raid\u012bjuma &#8220;Post factum&#8221; izlaidumos. Ar viedokli dal\u0101s: muzikolo\u0123e Iveta Grunde, komponists Ernests Vilsons, muzikolo\u0123e Lauma Malnace, muzikolo\u0123e Kristi\u0101na Vaickovska, diri\u0123ents Atvars Lakst\u012bgala, komponists Ernests Valts Circenis, m\u016bzikas kriti\u0137is\u00a0Armands Znoti\u0146\u0161, muzikolo\u0123e Inese L\u016bsi\u0146a, diri\u0123ents Viesturs Gailis, pianists Rihards Ple\u0161anovs, komponists Arturs Maskats, dzied\u0101t\u0101ja Krist\u012bne Gail\u012bte, kontrabasists Sta\u0146islavs Judins, v\u0113sturnieks Mikus Solovejs, diri\u0123ents J\u0101nis Eren\u0161treits, pianiste Silvija Eren\u0161treite, flautists Andis Klu\u010dnieks, komponists Andris Dzen\u012btis, pianists Roberts Flaics, komponists Oskars Herli\u0146\u0161, komponiste Ilona Bre\u0123e, diri\u0123ents Art\u016brs \u0160varcbahs, diri\u0123ents Andris Veismanis, obojists M\u0101ris Ku\u0123is, te\u0101tra zin\u0101tniece Ed\u012bte Ti\u0161heizere un obojiste Amanda Tauri\u0146a.\u00a0 \u00a0 \u00a0 \u00a0<br \/>\u00a0<\/p>\n<p>1. Gada jaunais m\u0101kslinieks<\/p>\n<ul>\n<li>Fagotists\u00a0Edgars Karpenskis-Alla\u017es<\/li>\n<li>Diri\u0123ente\u00a0Anastasija Kildi\u0161a<\/li>\n<li>Ber\u010di kvartets (vijolnieki Gun\u0101rs M\u016brnieks un Di\u0101na Reimane, altiste El\u012bna \u010cip\u0101ne un \u010dellists Kl\u0101vs Jankevics)<\/li>\n<\/ul>\n<p>2. Gada solists<\/p>\n<ul>\n<li>Dzied\u0101t\u0101ja\u00a0Zanda \u0160v\u0113de<\/li>\n<li>Pianists\u00a0Reinis Zari\u0146\u0161<\/li>\n<li>Vijolniece\u00a0Magdal\u0113na Geka<\/li>\n<\/ul>\n<p>V\u0113l uzman\u012bbas lok\u0101:<\/p>\n<p>Saksofonists Aigars Raumanis<br \/>Dzied\u0101t\u0101ja Annija Kristi\u0101na \u0100damsone<br \/>Dzied\u0101t\u0101ja Viktorija Majore<\/p>\n<p>3. Gada skatuves notikums<\/p>\n<ul>\n<li>Georga Fr\u012bdriha Hende\u013ca operas &#8220;Flavio, langobardu \u0137\u0113ni\u0146\u0161&#8221;\u00a0iestud\u0113jums Latvijas Nacion\u0101laj\u0101 oper\u0101<\/li>\n<li>Fran\u010da Leh\u0101ra operetes &#8220;D\u017eudita&#8221;\u00a0iestud\u0113jums Operetes te\u0101tr\u012b<\/li>\n<li>Volfganga Amadeja Mocarta operas &#8220;Burvju flauta&#8221;\u00a0iestud\u0113jums Operm\u016bzikas sv\u0113tkos Siguld\u0101<\/li>\n<\/ul>\n<p>V\u0113l uzman\u012bbas lok\u0101:<\/p>\n<p>Riharda \u0160trausa operas &#8220;Salome&#8221; iestud\u0113jums Latvijas Nacion\u0101laj\u0101 oper\u0101<br \/>Riharda V\u0101gnera operas &#8220;Parsif\u0101ls&#8221; iestud\u0113jums C\u0113su M\u0101kslas festiv\u0101l\u0101<\/p>\n<p>4. Gada notikums kamerm\u016bzik\u0101\u00a0<\/p>\n<ul>\n<li>Georgija Osokina programma &#8220;For Arvo&#8221; koncertos Latvij\u0101 un Igaunij\u0101 un Arvo Perta m\u016bzikas albums (&#8220;Deutsche Grammophon&#8221;)<\/li>\n<li>Ingas Kalnas un Di\u0101nas Ketleres\u00a0koncerts Mazaj\u0101 \u0123ild\u0113 15. oktobr\u012b Rudens kamerm\u016bzikas festiv\u0101l\u0101 ar Riharda V\u0101gnera, Fran\u010da Lista un Arnolda \u0160\u0113nberga vok\u0101lo kamerm\u016bziku<\/li>\n<li>K\u0101r\u013ca Auzi\u0146a ska\u0146darba &#8220;String of winds&#8221; pirmatska\u0146ojums\u00a0Tallinas ielas kvart\u0101la Ang\u0101ra koncertz\u0101l\u0113 4. mart\u0101. K\u0101r\u013ca Auzi\u0146a trio (K\u0101rlis Auzi\u0146\u0161 (saksofoni), Edv\u012bns Ozols (kontrabass), Kaspars Kurdeko (sitaminstrumenti)) un\u00a0st\u012bgu kvartets: Konstant\u012bns Paturskis (vijole), Al\u012bna Vi\u017eine (vijole), Santa L\u016bcija Circene (alts) un J\u0101nis Rinkulis (\u010dells)<\/li>\n<\/ul>\n<p>V\u0113l uzman\u012bbas lok\u0101:<\/p>\n<p>Dzied\u0101t\u0101jas Guntas Gelgotes, \u0113r\u0123elnieces Krist\u012bnes Adamaites un saksofonista Arta S\u012bma\u0146a programma &#8220;Baltu melanholija&#8221; Ventspils koncertz\u0101l\u0113 &#8220;Latvija&#8221;\u00a011. j\u016blij\u0101 <\/p>\n<p>Koncerts &#8220;Aigars Raumanis un draugi &#8220;In C&#8221;&#8221; Latvijas Radio 1. studij\u0101 8. septembr\u012b. Terija Railija darbu &#8220;In C&#8221; atska\u0146oja saksofonisti Aigars Raumanis, R\u016bdolfs P\u0113teris Rubenis, Ainars \u0160ablovskis un Baiba Tilhena, klarnetiste Alise Gavare, vijolnieki Gun\u0101rs M\u016brnieks un Di\u0101na Reimane, altiste El\u012bna \u010cip\u0101ne, \u010dellists Kl\u0101vs Jankevics, \u0123it\u0101rists Miks Akots, kokl\u0113t\u0101ja L\u012bga Gri\u0137e, pianiste Herta Hansena, \u0113r\u0123elnieks Aigars Reinis, sitaminstrument\u0101listi Reinis Tomi\u0146\u0161, U\u0123is Upenieks un Mi\u0137elis Dzenu\u0161ka<\/p>\n<p>5. Gada notikums d\u017eez\u0101\u00a0<\/p>\n<ul>\n<li>Sitaminstrument\u0101lists\u00a0Kaspars Kurdeko\u00a0<\/li>\n<li>Vibrofonists un komponists\u00a0Mi\u0137elis Dzenu\u0161ka\u00a0<\/li>\n<li>Dzied\u0101t\u0101jas\u00a0Evilenas Protektores programma &#8220;Dz\u012bv\u012bbas elpa&#8221;\u00a0<\/li>\n<\/ul>\n<p>V\u0113l uzman\u012bbas lok\u0101:<\/p>\n<p>Pianista Uri Keina trio satik\u0161an\u0101s ar saksofonistu K\u0101rli Auzi\u0146u Raimonda Paula d\u017eeza sv\u012btu jaun\u0101s interpret\u0101cij\u0101s &#8220;Hanzas peron\u0101&#8221; 7. j\u016bnij\u0101<\/p>\n<p>Dzied\u0101t\u0101jas Krist\u012bnes C\u012brules ori\u0123in\u0101lm\u016bzikas programma &#8220;Domu kontinenti&#8221; VEF Kult\u016bras pil\u012b 30. maij\u0101<\/p>\n<p>6. Gada notikums korm\u016bzik\u0101\u00a0 \u00a0<\/p>\n<ul>\n<li>Gar\u012bgs koncerts\u00a0XIII Latvijas Skolu jaunatnes dziesmu un deju sv\u0113tkos R\u012bgas Dom\u0101 6. j\u016blij\u0101. Koncert\u0101 piedal\u012bj\u0101s desmit Latvijas m\u016bzikas izgl\u012bt\u012bbas iest\u0101\u017eu kori un to diri\u0123enti; &#8220;Xylem Trio&#8221; (Raimonds Petrauskis, tausti\u0146instrumenti), Oskars Petrauskis (saksofoni), Rihards Za\u013cupe (sitaminstrumenti), k\u0101 ar\u012b Edvards Muzikants (sitaminstrumenti) un Di\u0101na Jaunzeme-Portnaja (\u0113r\u0123eles). Koncerta m\u0101kslinieciskais vad\u012bt\u0101js \u2013\u00a0Gints Ceplenieks<br \/>\u00a0<\/li>\n<li>Bend\u017eamina Britena &#8220;Kara rekvi\u0113ms&#8221;\u00a0R\u012bgas Dom\u0101 8. maij\u0101\u00a0\u2013 Inga Kalna (sopr\u0101ns), Alans Kleitons (tenors, Lielbrit\u0101nija), Viktors Ruds (baritons, Ukraina\/V\u0101cija), Latvijas Nacion\u0101lais simfoniskais or\u0137estris, Valsts akad\u0113miskais koris &#8220;Latvija&#8221;, z\u0113nu koris &#8220;A\u017euoliukas&#8221; (Lietuva) un diri\u0123ents Zbig\u0146evs Graca (Polija)<br \/>\u00a0<\/li>\n<li>Latvijas Radio kora un diri\u0123enta Kaspara Putni\u0146a koncerts &#8220;Zelta Roma. Mesa P\u0101vestam&#8221;\u00a0R\u012bgas Dom\u0101 20. septembr\u012b. Programm\u0101: D\u017eovanni Pjerluid\u017ei da Palestr\u012bnas &#8220;Missa Papae Marcelli&#8221;, k\u0101 ar\u012b Aleksandra Avrameca, Lindas Leimanes un Krista Auznieka jaundarbi<\/li>\n<\/ul>\n<p>V\u0113l uzman\u012bbas lok\u0101:<\/p>\n<p>\u200b28. Starptautisk\u0101 Gar\u012bg\u0101s m\u016bzikas festiv\u0101la atkl\u0101\u0161anas koncerts &#8220;Pirmatska\u0146ojumi. Palestr\u012bna 500&#8221;. Valsts akad\u0113miskais koris &#8220;Latvija&#8221;, Ernests Medi\u0146\u0161 (sitaminstrumenti) un diri\u0123ents M\u0101ris Sirmais<\/p>\n<p>&#8220;Liel\u0101s Piektdienas koncerts&#8221; Pavasara festiv\u0101l\u0101 &#8220;Windstream 2025&#8221; R\u012bgas Sv. J\u0101\u0146a bazn\u012bc\u0101 18. apr\u012bl\u012b. Or\u0137estris &#8220;R\u012bga&#8221;, R\u012bgas kamerkoris &#8220;Ave Sol&#8221; un diri\u0123ents Andris Veismanis<\/p>\n<p>Jaunie\u0161u kora &#8220;Kam\u0113r\u2026&#8221; uzvara Eiropas Grand Prix konkurs\u0101 Tolos\u0101 26. oktobr\u012b<\/p>\n<p>7. Gada komponists<\/p>\n<ul>\n<li>Aleksandrs Avramecs\u00a0\u2013 &#8220;Ausma&#8221;, &#8220;Lux aeterna&#8221;<\/li>\n<li>J\u0101nis Petra\u0161kevi\u010ds\u00a0\u2013 &#8220;Tas, kas \u0161eit bija pirms&#8221;<\/li>\n<li>Anna Veismane\u00a0\u2013 \u010cetras dziesmas ar K\u0101r\u013ca Skalbes dzeju<\/li>\n<li>Santa Bu\u0161s\u00a0\u2013 &#8220;M\u0113ness upes gaismas tuksne\u0161u pusv\u0101rdos&#8221;<\/li>\n<\/ul>\n<p>V\u0113l uzman\u012bbas lok\u0101:<\/p>\n<p>Andris Dzen\u012btis \u2013 Tre\u0161\u0101 simfonija &#8220;Arcadia&#8221;<br \/>J\u0113kabs Jan\u010devskis \u2013 Pirm\u0101 simfonija (\u0112r\u0123e\u013csimfonija)<br \/>Krists Auznieks \u2013 &#8220;Sapientia&#8221;<br \/>Ruta Paidere \u2013 &#8220;Sens v\u0113j\u0161&#8221;<br \/>Edgars M\u0101kens \u2013 St\u012bgu kvartets<\/p>\n<p>8. P\u0101rrobe\u017eu teritorija\u00a0<\/p>\n<ul>\n<li>&#8220;Pj\u0113ram Bul\u0113zam 100. Sinfonietta R\u012bga&#8221;\u00a0Liep\u0101jas koncertz\u0101l\u0113 &#8220;Lielais dzintars&#8221; 27. septembr\u012b (programmas &#8220;Liep\u0101ja 2027&#8221; projekts &#8220;Liep\u0101jas m\u0101kslas forums&#8221;). Vijolniece Magdal\u0113na Geka, Par\u012bzes m\u016bzikas un akustikas izp\u0113tes instit\u016bta IRCAM speci\u0101listi<br \/>\u00a0<\/li>\n<li>&#8220;Apkalna. Fausts. Znoti\u0146\u0161&#8221; Latgales v\u0113stniec\u012bb\u0101 &#8220;Gors&#8221; 10. oktobr\u012b \u2013 10. festiv\u0101la &#8220;ORGANismi&#8221; nakts atkl\u0101\u0161anas koncerts. Iveta Apkalna (\u0113r\u0123eles) un aktieris Kaspars Znoti\u0146\u0161<br \/>\u00a0<\/li>\n<li>&#8220;Chamber of Circuits&#8221;\u00a0&#8220;Hanzas peron\u0101&#8221; 30. novembr\u012b. Latvijas elektronisk\u0101s m\u016bzikas instrumentu ra\u017eot\u0101ja &#8220;Erica Synths&#8221; m\u0101kslinieku rezidences komponistes Annas Fi\u0161eres Platona iedvesmotais jaundarbs &#8220;Noesis&#8221;\u00a0asto\u0146iem izpild\u012bt\u0101jiem un \u010detrpadsmit sintezatoriem<br \/>\u00a0<\/li>\n<li>Koncertuzvedums &#8220;Nakts v\u0113stules dejot\u0101jai&#8221; R\u012bgas cirk\u0101 18. j\u016bnij\u0101 R\u012bgas festiv\u0101l\u0101. Baleta m\u0101ksliniece Elza Leimane, Latvijas Radio koris un diri\u0123ents Kaspars Putni\u0146\u0161<\/li>\n<\/ul>\n<p>V\u0113l uzman\u012bbas lok\u0101:<\/p>\n<p>\u0136\u012bnie\u0161u komponista Ta\u0146a Du\u0146a (Tan Dun) &#8220;Budas pasijas&#8221; (Buddha Passion) atska\u0146ojums 28. starptautisk\u0101 gar\u012bg\u0101s m\u016bzikas festiv\u0101la nosl\u0113guma koncert\u0101 R\u012bgas Kongresu nam\u0101 5. septembr\u012b. Valsts akad\u0113miskais koris &#8220;Latvija&#8221;, R\u012bgas Doma kora skolas z\u0113nu koris, solisti un Latvijas Nacion\u0101lais simfoniskais or\u0137estris M\u0101ra Sirm\u0101 vad\u012bb\u0101\u00a0<\/p>\n<p>Rai\u0146a 160. jubilejas lieluzvedums &#8220;Indulis un \u0100rija&#8221; Latvijas Nacion\u0101laj\u0101 te\u0101tr\u012b 20. septembr\u012b. Valsts akad\u0113miskais koris &#8220;Latvija&#8221; M\u0101ra Sirm\u0101 vad\u012bb\u0101. Re\u017eisore \u2013 Indra Roga, dramatur\u0123e \u2013 Ieva Struka, scenogr\u0101fs \u2013 M\u0101rti\u0146\u0161 Vilk\u0101rsis,\u00a0 komponists \u2013 \u0112riks E\u0161envalds<\/p>\n<p>9. Gada interpret\u0101cija<\/p>\n<ul>\n<li>El\u012bna Buk\u0161a\u00a0Bend\u017eamina Britena Vijolkoncerta atska\u0146ojum\u0101 kop\u0101 ar Liep\u0101jas Simfonisko or\u0137estri diri\u0123enta Pola Manna vad\u012bb\u0101 koncertz\u0101l\u0113 &#8220;Lielais dzintars&#8221; 18. oktobr\u012b<br \/>\u00a0<\/li>\n<li>\u200bGustava M\u0101lera Astot\u0101s simfonijas atska\u0146ojums\u00a0Latvijas Nacion\u0101laj\u0101 oper\u0101 13. un 14. septembr\u012b. Solisti: Silja \u0100lto (sopr\u0101ns), \u010cena Reisa (sopr\u0101ns), Annija Kristi\u0101na \u0100damsone (sopr\u0101ns), Just\u012bna Gring\u012bte (mecosopr\u0101ns), Zanda \u0160v\u0113de (mecosopr\u0101ns), Tuomass Katajala (tenors), Rinalds Kandalincevs (baritons), Ains Angers (bass). Valsts akad\u0113miskais koris &#8220;Latvija&#8221;, Latvijas Nacion\u0101l\u0101s operas koris, R\u012bgas Doma meite\u0146u koris &#8220;Tiara&#8221;, Latvijas Nacion\u0101lais simfoniskais or\u0137estris un diri\u0123ents Tarmo Peltokoski<br \/>\u00a0<\/li>\n<li>Katr\u012bna Paula Felsberga\u00a0\u2013 Em\u012blija Georga Fr\u012bdriha Hende\u013ca oper\u0101 &#8220;Flavio, langobardu \u0137\u0113ni\u0146\u0161&#8221;, k\u0101 ar\u012b solo Arnolda \u0160\u0113nberga vok\u0101laj\u0101 cikl\u0101 &#8220;Tr\u012bsreiz septi\u0146i dzejo\u013ci no Alb\u0113ra \u017diro po\u0113mas &#8220;M\u0113ness Pjero&#8221;&#8221; M\u0101kslas centr\u0101 &#8220;Zuzeum&#8221; 29. august\u0101 festiv\u0101l\u0101 &#8220;Vasaras vakara kamerm\u016bzika&#8221;<\/li>\n<\/ul>\n<p>V\u0113l uzman\u012bbas lok\u0101:\u00a0<\/p>\n<p>Dzied\u0101t\u0101ju J\u0101\u0146a \u0160ipk\u0113vica, M\u0101rti\u0146a Kli\u0161\u0101na un pianista Rei\u0146a Zari\u0146a interpret\u0113tais Bend\u017eamina Britena Otrais kantikls Eiroradio Palmu sv\u0113tdienas koncert\u0101 Latvijas Radio 1. studij\u0101 13. apr\u012bl\u012b<\/p>\n<p>Georgs Kjurdians Johana Sebasti\u0101na Baha un Ludviga van B\u0113thovena klavierm\u016bzik\u0101 Baha kamerm\u016bzikas festiv\u0101l\u0101 Em\u012bla D\u0101rzi\u0146a koncertz\u0101l\u0113 16. novembr\u012b<\/p>\n<p>10. Gada &#8220;Bravo!&#8221;<\/p>\n<ul>\n<li>Arnolda \u0160\u0113nberga &#8220;Gurres dziesmu&#8221; iestud\u0113jums\u00a0Liep\u0101jas koncertz\u0101l\u0113 &#8220;Lielais dzintars&#8221; 8. novembr\u012b<\/li>\n<li>Gundegas \u0160mites trio &#8220;Baltie putni&#8221;\u00a0\u2013 galven\u0101 balva starptautiskaj\u0101 kompoz\u012bciju konkurs\u0101 &#8220;Rostrum&#8221; \u013bub\u013can\u0101<\/li>\n<li>El\u012bnas Garan\u010das solokoncerti &#8220;Velt\u012bjums&#8221;\u00a0C\u0113s\u012bs, R\u0113zekn\u0113, Liep\u0101j\u0101 un Ventspil\u012b<\/li>\n<li>Marinas Rebekas solokoncerti &#8220;Draugi \u2013 Andrejam \u017dagaram&#8221;\u00a0C\u0113s\u012bs un R\u012bg\u0101<\/li>\n<li>Diri\u0123enta Andra Nelsona un Bostonas simfonisk\u0101 or\u0137estra koncerti R\u012bg\u0101<\/li>\n<\/ul>\n<p>\u00a0<\/p>\n<p>Sak\u0101m paldies koncertu r\u012bkot\u0101jiem:<\/p>\n<p>Dzintaru koncertz\u0101lei\u00a0<br \/>Kult\u016brvietai &#8220;Hanzas perons&#8221;<br \/>Herma\u0146a Brauna fondam<br \/>Ineses Galantes fondam<br \/>J\u0101zepa V\u012btola Latvijas M\u016bzikas akad\u0113mijai<br \/>Koncertz\u0101lei &#8220;C\u0113sis&#8221;<br \/>Koncertz\u0101lei &#8220;Latvija&#8221;<br \/>Kameror\u0137estrim &#8220;Kremerata Baltica&#8221;<br \/>VSIA &#8220;Latvijas Koncerti&#8221;<br \/>Latgales v\u0113stniec\u012bbai &#8220;Gors&#8221;<br \/>Latvijas Komponistu savien\u012bbai<br \/>Latvijas Nacion\u0101lajai operai un baletam<br \/>Latvijas Nacion\u0101lajam simfoniskajam or\u0137estrim<br \/>&#8220;M\/Darbn\u012bcai&#8221;<br \/>R\u012bgas kamerkorim &#8220;Ave Sol&#8221;<br \/>Liep\u0101jas koncertz\u0101lei &#8220;Lielais dzintars&#8221;<br \/>Liep\u0101jas Simfoniskajam or\u0137estrim<br \/>M\u016bsdienu m\u016bzikas centram<br \/>M\u016bzikas namam &#8220;Daile&#8221;<br \/>Kult\u016brvietai &#8220;Ola Foundation&#8221;<br \/>Or\u0137estrim &#8220;R\u012bga&#8221;<br \/>P\u0113tera Vaska fondam<br \/>R\u012bgas Latvie\u0161u biedr\u012bbai<br \/>R\u012bgas pa\u0161vald\u012bbas kult\u016bras iest\u0101\u017eu apvien\u012bbai<br \/>Siguldas koncertz\u0101lei &#8220;Baltais fl\u012b\u0123elis&#8221;<br \/>Valsts kameror\u0137estrim &#8220;Sinfonietta R\u012bga&#8221;<br \/>Starptautiskajiem Operm\u016bzikas sv\u0113tkiem Siguld\u0101<br \/>Operetes te\u0101trim<br \/>Valsts akad\u0113miskajam korim &#8220;Latvija&#8221;<br \/>IKSD &#8220;Zieme\u013cr\u012bgas kult\u016bras apvien\u012bba&#8221;<\/p>\n<p>                    Valodas k\u013c\u016bda rakst\u0101?<\/p>\n<p class=\"d-none d-md-block\">Iez\u012bm\u0113jiet tekstu un spiediet Ctrl+Enter, lai nos\u016bt\u012btu labojamo teksta fragmentu redaktoram! Par faktu k\u013c\u016bd\u0101m l\u016bdzam zi\u0146ot e-past\u0101 <a href=\"https:\/\/www.lsm.lv\/cdn-cgi\/l\/email-protection\" class=\"__cf_email__\" data-cfemail=\"34465150555f575d5e55745847591a5842\" rel=\"nofollow noopener\" target=\"_blank\">[email\u00a0protected]<\/a>.<\/p>\n<p class=\"d-md-none\">Iez\u012bm\u0113jiet tekstu un spiediet uz Zi\u0146ot par k\u013c\u016bdu pogas, lai nos\u016bt\u012btu labojamo teksta fragmentu redaktoram!<\/p>\n<p>\n                    Zi\u0146ot par k\u013c\u016bdu\n                <\/p>\n","protected":false},"excerpt":{"rendered":"2025. muzik\u0101lais gads ir st\u0101sts par jaunatkl\u0101jumiem, p\u0101rsteigumiem, trad\u012bcij\u0101m un daudzveid\u012bbas prieku, kuru nerimsto\u0161i atkl\u0101j Latvijas Radio 3&hellip;\n","protected":false},"author":2,"featured_media":90964,"comment_status":"","ping_status":"","sticky":false,"template":"","format":"standard","meta":{"footnotes":""},"categories":[5],"tags":[23,28,29,32,33,22,30,31,35,39,38,36,37,34,40,20,26,27,24,25,21],"class_list":{"0":"post-90963","1":"post","2":"type-post","3":"status-publish","4":"format-standard","5":"has-post-thumbnail","7":"category-aktualitates","8":"tag-aktualitates","9":"tag-breaking-news","10":"tag-breakingnews","11":"tag-featured-news","12":"tag-featurednews","13":"tag-headlines","14":"tag-latest-news","15":"tag-latestnews","16":"tag-latvia","17":"tag-latvian","18":"tag-latviesu","19":"tag-latviesu-valoda","20":"tag-latviesuvaloda","21":"tag-latvija","22":"tag-lv","23":"tag-news","24":"tag-popularakas-zinas","25":"tag-popularakaszinas","26":"tag-top-stories","27":"tag-topstories","28":"tag-zinas"},"share_on_mastodon":{"url":"https:\/\/pubeurope.com\/@lv\/115814659725322581","error":""},"_links":{"self":[{"href":"https:\/\/www.europesays.com\/lv\/wp-json\/wp\/v2\/posts\/90963","targetHints":{"allow":["GET"]}}],"collection":[{"href":"https:\/\/www.europesays.com\/lv\/wp-json\/wp\/v2\/posts"}],"about":[{"href":"https:\/\/www.europesays.com\/lv\/wp-json\/wp\/v2\/types\/post"}],"author":[{"embeddable":true,"href":"https:\/\/www.europesays.com\/lv\/wp-json\/wp\/v2\/users\/2"}],"replies":[{"embeddable":true,"href":"https:\/\/www.europesays.com\/lv\/wp-json\/wp\/v2\/comments?post=90963"}],"version-history":[{"count":0,"href":"https:\/\/www.europesays.com\/lv\/wp-json\/wp\/v2\/posts\/90963\/revisions"}],"wp:featuredmedia":[{"embeddable":true,"href":"https:\/\/www.europesays.com\/lv\/wp-json\/wp\/v2\/media\/90964"}],"wp:attachment":[{"href":"https:\/\/www.europesays.com\/lv\/wp-json\/wp\/v2\/media?parent=90963"}],"wp:term":[{"taxonomy":"category","embeddable":true,"href":"https:\/\/www.europesays.com\/lv\/wp-json\/wp\/v2\/categories?post=90963"},{"taxonomy":"post_tag","embeddable":true,"href":"https:\/\/www.europesays.com\/lv\/wp-json\/wp\/v2\/tags?post=90963"}],"curies":[{"name":"wp","href":"https:\/\/api.w.org\/{rel}","templated":true}]}}