{"id":90969,"date":"2025-12-31T14:35:09","date_gmt":"2025-12-31T14:35:09","guid":{"rendered":"https:\/\/www.europesays.com\/lv\/90969\/"},"modified":"2025-12-31T14:35:09","modified_gmt":"2025-12-31T14:35:09","slug":"lavina-ncaa-komanda-spenglera-kausa-finala-atzist-davos-parakumu","status":"publish","type":"post","link":"https:\/\/www.europesays.com\/lv\/90969\/","title":{"rendered":"Lavi\u0146a NCAA komanda \u0160penglera kausa fin\u0101l\u0101 atz\u012bst \u201cDavos\u201d p\u0101r\u0101kumu"},"content":{"rendered":"<p>Pusfin\u0101l\u0101 NCAA vien\u012bba ar 5:3 p\u0101rsp\u0113ja M\u0101rti\u0146a Dzierkala p\u0101rst\u0101v\u0113to Pr\u0101gas \u201cSparta\u201d, bet \u201cDavos\u201d ar 3:1 apsp\u0113l\u0113ja citu \u0160veices komandu \u201cFribourg-Gotteron\u201d.<\/p>\n<p>\u0160penglera kauss, kas \u0161ogad tiek aizvad\u012bts 97. reizi v\u0113stur\u0113, ir vec\u0101kais Eiropas klubu turn\u012brs. Pa 16 reiz\u0113m kausu ir izc\u012bn\u012bjusi Kan\u0101das izlase un \u201cDavos\u201d, bet septi\u0146as reizes uzvar\u0113jusi \u010cehijas vien\u012bba Pr\u0101gas LTC, kas beidza past\u0101v\u0113t 1949. gad\u0101.<\/p>\n<p class=\"tv3-fw-500\">Zi\u0146o par k\u013c\u016bdu rakst\u0101<\/p>\n<p class=\"d-md-block d-none\">Iez\u012bm\u0113 k\u013c\u016bdaino tekstu un spied Ctrl+Enter.<\/p>\n<p class=\"d-md-none d-block\">Iez\u012bm\u0113 k\u013c\u016bdaino tekstu un zi\u0146o par to!<\/p>\n","protected":false},"excerpt":{"rendered":"Pusfin\u0101l\u0101 NCAA vien\u012bba ar 5:3 p\u0101rsp\u0113ja M\u0101rti\u0146a Dzierkala p\u0101rst\u0101v\u0113to Pr\u0101gas \u201cSparta\u201d, bet \u201cDavos\u201d ar 3:1 apsp\u0113l\u0113ja citu \u0160veices&hellip;\n","protected":false},"author":2,"featured_media":90970,"comment_status":"","ping_status":"","sticky":false,"template":"","format":"standard","meta":{"footnotes":""},"categories":[5],"tags":[23,28,29,32,33,22,30,31,35,39,38,36,37,34,40,22942,20,26,27,24,25,21],"class_list":{"0":"post-90969","1":"post","2":"type-post","3":"status-publish","4":"format-standard","5":"has-post-thumbnail","7":"category-aktualitates","8":"tag-aktualitates","9":"tag-breaking-news","10":"tag-breakingnews","11":"tag-featured-news","12":"tag-featurednews","13":"tag-headlines","14":"tag-latest-news","15":"tag-latestnews","16":"tag-latvia","17":"tag-latvian","18":"tag-latviesu","19":"tag-latviesu-valoda","20":"tag-latviesuvaloda","21":"tag-latvija","22":"tag-lv","23":"tag-martins-lavinsspenglera-kauss","24":"tag-news","25":"tag-popularakas-zinas","26":"tag-popularakaszinas","27":"tag-top-stories","28":"tag-topstories","29":"tag-zinas"},"share_on_mastodon":{"url":"https:\/\/pubeurope.com\/@lv\/115814683278828254","error":""},"_links":{"self":[{"href":"https:\/\/www.europesays.com\/lv\/wp-json\/wp\/v2\/posts\/90969","targetHints":{"allow":["GET"]}}],"collection":[{"href":"https:\/\/www.europesays.com\/lv\/wp-json\/wp\/v2\/posts"}],"about":[{"href":"https:\/\/www.europesays.com\/lv\/wp-json\/wp\/v2\/types\/post"}],"author":[{"embeddable":true,"href":"https:\/\/www.europesays.com\/lv\/wp-json\/wp\/v2\/users\/2"}],"replies":[{"embeddable":true,"href":"https:\/\/www.europesays.com\/lv\/wp-json\/wp\/v2\/comments?post=90969"}],"version-history":[{"count":0,"href":"https:\/\/www.europesays.com\/lv\/wp-json\/wp\/v2\/posts\/90969\/revisions"}],"wp:featuredmedia":[{"embeddable":true,"href":"https:\/\/www.europesays.com\/lv\/wp-json\/wp\/v2\/media\/90970"}],"wp:attachment":[{"href":"https:\/\/www.europesays.com\/lv\/wp-json\/wp\/v2\/media?parent=90969"}],"wp:term":[{"taxonomy":"category","embeddable":true,"href":"https:\/\/www.europesays.com\/lv\/wp-json\/wp\/v2\/categories?post=90969"},{"taxonomy":"post_tag","embeddable":true,"href":"https:\/\/www.europesays.com\/lv\/wp-json\/wp\/v2\/tags?post=90969"}],"curies":[{"name":"wp","href":"https:\/\/api.w.org\/{rel}","templated":true}]}}