{"id":90977,"date":"2025-12-31T14:57:07","date_gmt":"2025-12-31T14:57:07","guid":{"rendered":"https:\/\/www.europesays.com\/lv\/90977\/"},"modified":"2025-12-31T14:57:07","modified_gmt":"2025-12-31T14:57:07","slug":"shen-yun-deju-grupa-kanadas-aizliegums-un-latvijas-atvertiba","status":"publish","type":"post","link":"https:\/\/www.europesays.com\/lv\/90977\/","title":{"rendered":"Shen Yun deju grupa: Kan\u0101das aizliegums un Latvijas atv\u0113rt\u012bba"},"content":{"rendered":"<p class=\"descr\">Kan\u0101das galvaspils\u0113tas Otavas Nacion\u0101lais m\u0101kslas centrs jau vasar\u0101 pie\u0146\u0113mis&#13;<br \/>\nl\u0113mumu p\u0101rtraukt sadarb\u012bbu ar pretrun\u012bgi v\u0113rt\u0113to Shen Yun deju grupu d\u0113\u013c \u012bpatn\u012bb\u0101m l\u012bgumos un cilv\u0113kties\u012bbu p\u0101rk\u0101pumiem, l\u012bdz\u012bgi l\u0113musi ar\u012b Monre\u0101las Place des Arts koncertz\u0101les vad\u012bba pazi\u0146oju\u0161i Kan\u0101das telev\u012bzijas kan\u0101li CBC un CTV.<\/p>\n<p>Tikm\u0113r Latvij\u0101 Dailes te\u0101tris k\u0101rt\u0113jo reizi v\u0113l\u012bgi \u013cauj izmantot telpas deju grupas koncertiem.<\/p>\n<p>Otavas Nacion\u0101lais m\u0101kslas centrs (NAC) ir nol\u0113mis 2026. gad\u0101 neuz\u0146emt Shen Yun, \u0137\u012bnie\u0161u deju grupu, kas saist\u012bta ar Falu\u0146gun. \u0160is l\u0113mums tika pie\u0146emts saist\u012bb\u0101 ar ba\u017e\u0101m par iesp\u0113jam\u0101m s\u016bdz\u012bb\u0101m par cilv\u0113kties\u012bbu p\u0101rk\u0101pumiem un l\u012bgumu p\u0101rk\u0101pumiem.<\/p>\n<p>CBC News zi\u0146o, ka NAC \u0161o l\u0113mumu apsv\u0113ris vair\u0101ku m\u0113ne\u0161u garum\u0101. Centra<br \/>izpilddirektors Kristofers D\u012bkons un izpildproducente H\u012btera Gibsone analiz\u0113ju\u0161i<br \/>iesp\u0113jam\u0101s probl\u0113mas, tostarp apgalvojumus par emocion\u0101lu vardarb\u012bbu un ilg\u0101m darba stund\u0101m deju trupai, k\u0101 ar\u012b ne\u0113tisku un potenci\u0101li nelikum\u012bgu finan\u0161u praksi.<\/p>\n<p>NAC darbinieki ar\u012b paudu\u0161i ba\u017eas par \u201cShen Yun\u201d attieksmi pret apmekl\u0113t\u0101jiem ar kust\u012bbu trauc\u0113jumiem. Esot nov\u0113rots ka koncerta ietvaros \u201cShen Yun\u201d ier\u012bko savu bi\u013ce\u0161u kasi, fotograf\u0113 apmekl\u0113t\u0101jus bez vi\u0146u piekri\u0161anas un l\u016bdz apmekl\u0113t\u0101jam ar kust\u012bbu trauc\u0113jumiem pamest izr\u0101di t\u0101s laik\u0101. \u0160\u0101di incidenti var\u0113tu b\u016btu par pamatu s\u016bdz\u012bb\u0101m NAC par cilv\u0113kties\u012bbu p\u0101rk\u0101pumiem. Ar\u012b Monre\u0101las Place des Arts vad\u012bba l\u0113ma nerezerv\u0113t datumus \u201cShen Yun\u201d izr\u0101d\u0113m 2026. gad\u0101.<\/p>\n<p>Pazi\u0146ojum\u0101 skatuves m\u0101kslas kompleksa p\u0101rst\u0101ve \u017derald\u012bna Zakardelli sac\u012bja, ka producenti esot inform\u0113ti, par to ka deju grupai 2026. gadam netiks apstiprin\u0101ta \u012bres iesp\u0113ja. K\u0101 nor\u0101da Kan\u0101das telekan\u0101li \u201cShen Yun\u201d izr\u0101de Place des Arts bija skat\u0101ma kop\u0161 2007. gada.<\/p>\n<p>Izr\u0101di produc\u0113 \u201cShen Yun Performing Arts\u201d \u2014 bezpe\u013c\u0146as organiz\u0101cija, kas atrodas \u0145ujork\u0101 un dibin\u0101ta 2006. gad\u0101. Telekan\u0101ls CTV atg\u0101dina ka Shen Yun izr\u0101des \u0136\u012bn\u0101 ir aizliegtas. Deju komp\u0101nija ir cie\u0161i saist\u012bta ar Falu\u0146gun, gar\u012bgu kust\u012bbu, kas dibin\u0101ta 20. gs. devi\u0146desmito gadu s\u0101kum\u0101. \u0136\u012bna<br \/>aizliedza kust\u012bbu 1999. gad\u0101 un klasific\u0113ja to k\u0101 sektu. Saska\u0146\u0101 ar komp\u0101nijas sniegto inform\u0101ciju, daudzi \u201cShen Yun\u201d m\u0101kslinieki praktiz\u0113 Falu\u0146gun.<\/p>\n<p>Telekan\u0101ls ar\u012b atg\u0101dina ka jau pag\u0101ju\u0161aj\u0101 gad\u0101 laikraksts \u201cThe New York Times\u201d public\u0113ja rakstus, kuros kritiz\u0113ja \u201cShen Yun\u201d iztur\u0113\u0161anos pret m\u0101ksliniekiem un zi\u0146oja, ka organiz\u0101cija ir sa\u0146\u0113musi desmitiem miljonu dol\u0101ru veidos, kas, iesp\u0113jams, p\u0101rk\u0101pj juridisk\u0101s vai \u0113tisk\u0101s robe\u017eas. \u201cPlace des Arts nevar ignor\u0113t notikumus, kas ir notiku\u0161i un publiskoti saist\u012bb\u0101 ar \u0161\u012b \u0161ova<br \/>producentu, ta\u010du tie\u0161i faktoru kombin\u0101cija lika mums p\u0101rtraukt \u0161\u012bs biznesa attiec\u012bbas,\u201d piebilda Zakardelli.<\/p>\n<p>Monre\u0101las \u201cFalu\u0146 Dafa\u201d asoci\u0101cijas prezidents, vad\u012bt\u0101js, kur\u0161 Monre\u0101l\u0101 r\u012bko \u201cShen Yun\u201d izr\u0101di, pazi\u0146ojis, ka laikraksta \u201cNew York Times\u201d raksts ir viens no iemesliem izr\u0101des atcel\u0161anai. P\u0113rn ar\u012b nra.lv atspogu\u013coj\u0101m diskusijas ap pretrun\u012bgi v\u0113rt\u0113to deju grupu:<\/p>\n<p><a href=\"https:\/\/nra.lv\/neatkariga\/izpete\/477874-kas-isti-notiek-dailes-teatra-repertuara-piezogas-%20sektantisms-vai-smalka-politika.htm\" rel=\"nofollow noopener\" target=\"_blank\">las\u012bt \u0161eit<\/a><\/p>\n<p>Publik\u0101cij\u0101 atrefer\u0113j\u0101m &#8220;New York Times&#8221;veikto p\u0113t\u012bjumu. \u017durn\u0101listi apm\u0113ram 10 m\u0113ne\u0161us izmekl\u0113ju\u0161i iepriek\u0161 izskan\u0113ju\u0161os apgalvojumus, ka deju grupa emocion\u0101li manipul\u0113jusi ar jauniem izpild\u012bt\u0101jiem un vi\u0146us psiholo\u0123iski ietekm\u0113jusi. Divi laikraksta \u017eurn\u0101listi interv\u0113ju\u0161i vair\u0101k nek\u0101 80 cilv\u0113ku, p\u0101rbaud\u012bju\u0161i simtiem lappu\u0161u ierakstus un p\u0101rskat\u012bju\u0161i slepenos ierakstus, kas tika veikti deju grupas apsarg\u0101taj\u0101 galvenaj\u0101 m\u012btn\u0113 \u0145ujorkas \u0161tat\u0101.<\/p>\n<p>Biju\u0161ais dejot\u0101js \u010cans \u010cu\u0146ko tiesas pr\u0101v\u0101 aps\u016bdz &#8220;Shen Yun&#8221; par piespiedu darbu un<a href=\"https:\/\/nra.lv\/pasaule\/507169-likumsargi-atbrivo-122-izmantosanai-paklautus-bernus.htm\" data-item-link=\"true\" data-item-id=\"507169\" rel=\"nofollow noopener\" target=\"_blank\"> cilv\u0113ktirdzniec\u012bbu<\/a>. Biju\u0161ais izpild\u012bt\u0101js, kur\u0161 tika pie\u0146emts darb\u0101, &#8220;Shen Yun&#8221; pievienoj\u0101s 13 gadu vecum\u0101. Vi\u0146\u0161 teicis, ka deju grupa piespiedusi b\u0113rnus peln\u012bt naudu pas\u0101kuma organiz\u0113t\u0101jiem. Biju\u0161ais &#8220;Falu\u0146gun&#8221;; reli\u0123isk\u0101s kust\u012bbas iev\u0113rojam\u0101s m\u016bzikas un deju komp\u0101nijas &#8220;Shen Yun Performing Arts&#8221; dejot\u0101js aps\u016bdz\u0113jis grupu un t\u0101s vad\u012bt\u0101jus b\u0113rnu tirdzniec\u012bb\u0101, m\u0113\u0123in\u0101jumos piespiest b\u0113rnus str\u0101d\u0101t par nelielu samaksu vai bez t\u0101s.<\/p>\n<p>Par \u0161o p\u0113rn public\u0113to rakstu pirms div\u0101m ned\u0113\u013c\u0101m sa\u0146\u0113m\u0101m pretenzijas no pas\u0101kuma Dailes te\u0101tr\u012b organiz\u0113t\u0101jiem. Pretenzijas izvirz\u012bt\u0101jiem nos\u016bt\u012bj\u0101m jaut\u0101jumus. Vaic\u0101j\u0101m: lai nerastos p\u0101rpratumi, vai taisn\u012bba, ka Kan\u0101d\u0101 Otav\u0101 un Monre\u0101l\u0101 \u201cShen Yun\u201d koncertiem atteica telpu \u012bri? Vai iemesli, kurus min Kan\u0101das telev\u012bzijas kan\u0101li CTV un CBC ir patiesi? K\u0101di ir patiesie iemesli? Ja \u0161ajos TV kan\u0101los ir public\u0113t\u0101s nepatiesas v\u0113stis vai \u201cShen Yun\u201d organizatori ir<br \/>t\u0101s l\u016bgu\u0161i atsaukt?<\/p>\n<p>\t\t\t\t\t\tinfo<\/p>\n<p>Uzzini pirmais<br \/>kas interesants noticis Latvij\u0101 un pasaul\u0113,<br \/>pievienojoties mums <a href=\"https:\/\/t.me\/neatkariga\" rel=\"nofollow\">Telegram<\/a> vai <a href=\"https:\/\/whatsapp.com\/channel\/0029VaMLFUH5K3zLU5s4wm3y\" rel=\"nofollow noopener\" target=\"_blank\">Whatsapp<\/a> kan\u0101l\u0101<\/p>\n","protected":false},"excerpt":{"rendered":"Kan\u0101das galvaspils\u0113tas Otavas Nacion\u0101lais m\u0101kslas centrs jau vasar\u0101 pie\u0146\u0113mis&#13; l\u0113mumu p\u0101rtraukt sadarb\u012bbu ar pretrun\u012bgi v\u0113rt\u0113to Shen Yun deju&hellip;\n","protected":false},"author":2,"featured_media":90978,"comment_status":"","ping_status":"","sticky":false,"template":"","format":"standard","meta":{"footnotes":""},"categories":[19],"tags":[89,90,35,39,38,36,37,34,40],"class_list":{"0":"post-90977","1":"post","2":"type-post","3":"status-publish","4":"format-standard","5":"has-post-thumbnail","7":"category-izklaide","8":"tag-entertainment","9":"tag-izklaide","10":"tag-latvia","11":"tag-latvian","12":"tag-latviesu","13":"tag-latviesu-valoda","14":"tag-latviesuvaloda","15":"tag-latvija","16":"tag-lv"},"share_on_mastodon":{"url":"https:\/\/pubeurope.com\/@lv\/115814769771962380","error":""},"_links":{"self":[{"href":"https:\/\/www.europesays.com\/lv\/wp-json\/wp\/v2\/posts\/90977","targetHints":{"allow":["GET"]}}],"collection":[{"href":"https:\/\/www.europesays.com\/lv\/wp-json\/wp\/v2\/posts"}],"about":[{"href":"https:\/\/www.europesays.com\/lv\/wp-json\/wp\/v2\/types\/post"}],"author":[{"embeddable":true,"href":"https:\/\/www.europesays.com\/lv\/wp-json\/wp\/v2\/users\/2"}],"replies":[{"embeddable":true,"href":"https:\/\/www.europesays.com\/lv\/wp-json\/wp\/v2\/comments?post=90977"}],"version-history":[{"count":0,"href":"https:\/\/www.europesays.com\/lv\/wp-json\/wp\/v2\/posts\/90977\/revisions"}],"wp:featuredmedia":[{"embeddable":true,"href":"https:\/\/www.europesays.com\/lv\/wp-json\/wp\/v2\/media\/90978"}],"wp:attachment":[{"href":"https:\/\/www.europesays.com\/lv\/wp-json\/wp\/v2\/media?parent=90977"}],"wp:term":[{"taxonomy":"category","embeddable":true,"href":"https:\/\/www.europesays.com\/lv\/wp-json\/wp\/v2\/categories?post=90977"},{"taxonomy":"post_tag","embeddable":true,"href":"https:\/\/www.europesays.com\/lv\/wp-json\/wp\/v2\/tags?post=90977"}],"curies":[{"name":"wp","href":"https:\/\/api.w.org\/{rel}","templated":true}]}}