{"id":90979,"date":"2025-12-31T15:00:06","date_gmt":"2025-12-31T15:00:06","guid":{"rendered":"https:\/\/www.europesays.com\/lv\/90979\/"},"modified":"2025-12-31T15:00:06","modified_gmt":"2025-12-31T15:00:06","slug":"ano-generalsekretars-aicina-pasauli-izveleties-cilvekus-un-planetu-nevis-karu-un-izdevumus-tam-lente-lv","status":"publish","type":"post","link":"https:\/\/www.europesays.com\/lv\/90979\/","title":{"rendered":"ANO \u0123ener\u0101lsekret\u0101rs aicina pasauli izv\u0113l\u0113ties cilv\u0113kus un plan\u0113tu, nevis karu un izdevumus tam\u00a0\u2014\u00a0Lente.lv"},"content":{"rendered":"<p>Priorit\u0101tes j\u0101nost\u0101da pareizi: cilv\u0113ki un plan\u0113ta pirms naida<\/p>\n<p>Gatavojoties 2026. gadam, pasaules l\u012bderiem ir dota stingra pam\u0101c\u012bba par savu priorit\u0101\u0161u sak\u0101rto\u0161anu un invest\u0113\u0161anu att\u012bst\u012bb\u0101, nevis izn\u012bc\u012bb\u0101. K\u0101 inform\u0113 telekan\u0101ls EuroNews, Apvienoto N\u0101ciju Organiz\u0101cijas (ANO) \u0123ener\u0101lsekret\u0101rs ir aicin\u0101jis aizsarg\u0101t plan\u0113tu pirms Jaun\u0101 gada, br\u012bdinot par mums visapk\u0101rt valdo\u0161o \u201chaosu un nenoteikt\u012bbu\u201d.<\/p>\n<p>Ant\u00f3nio Guterres uzsv\u0113ra, ka \u201cviens fakts run\u0101 ska\u013c\u0101k nek\u0101 v\u0101rdi\u201d, atkl\u0101jot, ka pag\u0101ju\u0161aj\u0101 gad\u0101 glob\u0101lie milit\u0101rie izdevumi sasniegu\u0161i satrieco\u0161us 2,7 triljonus dol\u0101ru (aptuveni 2,3 triljonus eiro). T\u0101 k\u0101 humanit\u0101r\u0101s kr\u012bzes un politiskie sasp\u012bl\u0113jumi turpina pastiprin\u0101ties, tiek prognoz\u0113ts, ka \u0161\u012bs izmaksas p\u0101rsniegs divas reizes, sasniedzot 6,6 triljonus dol\u0101ru (5,63 triljonus eiro) l\u012bdz 2035. gadam.<\/p>\n<p>\u201cIr skaidrs, ka pasaulei ir resursi, lai uzlabotu dz\u012bves, dziedin\u0101tu plan\u0113tu un nodro\u0161in\u0101tu mieru un taisn\u012bgumu n\u0101kotn\u0113,\u201d sac\u012bja Guterres. \u201c2026. gad\u0101 es aicinu l\u012bderus visur: izturieties nopietni. Izv\u0113lieties cilv\u0113kus un  plan\u0113tu, nevis s\u0101pes. \u0160aj\u0101 Jaunaj\u0101 gad\u0101 pie\u0146emsim kop\u0101: par taisn\u012bgumu. Par cilv\u0113ci. Par mieru.\u201d<\/p>\n<p>Ko var\u0113tu sasniegt bez milit\u0101r\u0101s t\u0113r\u0113\u0161anas<\/p>\n<p>Septembr\u012b, p\u0113c ANO dal\u012bbvalstu piepras\u012bjuma, Guterres public\u0113ja zi\u0146ojumu \u201cMiera paties\u0101s izmaksas\u201d, atkl\u0101jot \u201cstipro nel\u012bdzsvarot\u012bbu\u201d glob\u0101lajos izdevumos. Zi\u0146ojum\u0101 tiek uzsv\u0113rti kompromisi, ko rada pieaugo\u0161\u0101s milit\u0101ro sp\u0113ku izmaksas, apgalvojot, ka invest\u012bcijas mier\u0101 ir svar\u012bg\u0101kas nek\u0101 jebkad agr\u0101k.<\/p>\n<p>P\u0113t\u012bjums liecina, ka, ieguldot atpaka\u013c tikai 15% no glob\u0101lajiem milit\u0101rajiem izdevumiem, ir vair\u0101k nek\u0101 pietiekami, lai segtu att\u012bst\u012bbas valstu ikgad\u0113j\u0101s klimata p\u0101rmai\u0146u piel\u0101go\u0161anas izmaksas. T\u0101pat tika br\u012bdin\u0101ts, ka katrs dol\u0101rs, kas t\u0113r\u0113ts milit\u0101r\u0101m vajadz\u012bb\u0101m, rada vair\u0101k nek\u0101 divreiz liel\u0101ku siltumn\u012bcefekta g\u0101zu emisiju apjomu nek\u0101 dol\u0101rs, kas ieguld\u012bts civilajos sektoros.<\/p>\n<p>Apm\u0113ram 1 miljarda dol\u0101ru (852 miljonu eiro) t\u0113r\u0113\u0161ana milit\u0101raj\u0101m vajadz\u012bb\u0101m rada aptuveni 11 200 darba vietas. Savuk\u0101rt t\u0101da pa\u0161a summa naudas var\u0113tu rad\u012bt 16 800 darba vietas t\u012br\u0101s ener\u0123ijas nozar\u0113, 26 700 darba vietas izgl\u012bt\u012bb\u0101 vai 17 200 darba vietas vesel\u012bbas apr\u016bp\u0113.<\/p>\n<p>Maz\u0101k nek\u0101 \u010detri procenti no 2,7 triljoniem dol\u0101ru ir nepiecie\u0161ami, lai l\u012bdz 2030. gadam izskaustu pasaules badu, savuk\u0101rt nedaudz vair\u0101k nek\u0101 10% var\u0113tu piln\u012bb\u0101 vakcin\u0113t ikvienu b\u0113rnu pasaul\u0113.<\/p>\n<p>\u201cKara\u201d rad\u012btais ogleklis: konfliktu ietekme uz vidi<\/p>\n<p>Kar\u0161 bie\u017ei tiek d\u0113v\u0113ts par vienu no pasaules \u201cliel\u0101kajiem pies\u0101r\u0146ot\u0101jiem\u201d, radot emisijas ne tikai degvielgu dzero\u0161iem lidma\u0161\u012bn\u0101m un tankiem, bet ar\u012b centieniem att\u012br\u012bt un atjaunot p\u0113c kariem rad\u012btos post\u012bjumus.<\/p>\n<p>Saska\u0146\u0101 ar kampa\u0146as \u201cThe War On Climate\u201d datiem, kas iest\u0101jas par milit\u0101ro emisiju iek\u013cau\u0161anu glob\u0101lajos klimata nol\u012bgumos, Izra\u0113las un G\u0101zes kara laik\u0101 vien\u0101 m\u0113nes\u012b tika rad\u012bti 32,2 miljoni tonnu CO\u2082 ekvivalentu. 2022. gada p\u0113t\u012bjums, ko veiku\u0161i \u201cScientists for Global Responsibility\u201d un \u201cConflict and Environment Observatory\u201d, apl\u0113\u0161, ka milit\u0101rie sp\u0113ki ir atbild\u012bgi par aptuveni 5,5% glob\u0101lo siltumn\u012bcefekta g\u0101zu emisiju, bet bru\u0146oti konflikti rada vair\u0101k CO\u2082 nek\u0101 vairums valstu.<\/p>\n<p>Neskatoties uz to, milit\u0101rie sp\u0113ki liel\u0101koties tiek izsl\u0113gti no oblig\u0101t\u0101s zi\u0146o\u0161anas saska\u0146\u0101 ar glob\u0101lajiem klimata nol\u012bgumiem. Piem\u0113ram, Eiropas Savien\u012bba atst\u0101j nenor\u0101d\u012btus aptuveni 82% savu milit\u0101ro emisiju un l\u012bdz 2027. gadam pl\u0101no palielin\u0101t aizsardz\u012bbas izdevumus par 100 miljardiem eiro. T\u0101p\u0113c p\u0113d\u0113jos gados ir pieaudzis piepras\u012bjums p\u0113c konfliktu vides izmaksu atkl\u0101\u0161anas.<\/p>\n<p>\u201cEiropa nevar apgalvot, ka ir klimata l\u012bdere, kam\u0113r t\u0101s milit\u0101r\u0101s emisijas paliek necaursp\u012bd\u012bgas,\u201d saka Dr. Soroush Abolfathi, V\u012brikas universit\u0101tes asoci\u0113tais profesors un \u201cThe War on Climate\u201d dal\u012bbnieks.<\/p>\n<p>Klimata repar\u0101cijas par karu<\/p>\n<p>Novembr\u012b tika atkl\u0101ts, ka Krievijas iebrukums Ukrain\u0101 l\u012bdz \u0161im ir rad\u012bjis emisijas, kas atbilst 236,8 miljoniem tonnu CO\u2082. Aptuveni tr\u012bs miljoni hekt\u0101ru Ukrainas me\u017eu ir ar\u012b izn\u012bcin\u0101ti vai boj\u0101ti kar\u0101, samazinot to siltumn\u012bcefekta g\u0101zu absorbcijas sp\u0113ju par 1,7 miljoniem tonnu gad\u0101.<\/p>\n<p>Neskatoties uz to, ka Ukrain\u0101 atrodas maz\u0101k nek\u0101 se\u0161i procenti kontinenta zemes masas, tur m\u012bt tre\u0161da\u013ca Eiropas biolo\u0123isk\u0101s daudzveid\u012bbas. \u201cInitiative on Greenhouse Gas Accounting of War\u201d (IGGAW) konstat\u0113jis, ka abu pu\u0161u milit\u0101rie sp\u0113ki ir izmantoju\u0161i 18 miljonus tonnu degvielas un nodedzin\u0101ju\u0161i 1,3 miljonus hekt\u0101ru lauku un me\u017eu. T\u0101pat ir izn\u012bcin\u0101tas simtiem naftas un g\u0101zes iek\u0101rtu, un pas\u016bt\u012bti \u201cmilz\u012bgi apjomi\u201d t\u0113rauda un cementa frontes l\u012bniju nocietin\u0101\u0161anai.<\/p>\n<p>\u0160\u012bs emisijas atbilst Austrijas, Ung\u0101rijas, \u010cehijas un Slov\u0101kijas kop\u0113j\u0101m ikgad\u0113j\u0101m emisij\u0101m. Krievija tagad saskaras ar spiedienu samaks\u0101t 43,8 miljardus dol\u0101ru (aptuveni 37,74 miljardus eiro) k\u0101 pirmo gad\u012bjumu pasaul\u0113, kad tiek pras\u012btas klimata repar\u0101cijas par karu. \u0160eit varat izlas\u012bt, k\u0101 darbosies Ukrainas boj\u0101jumu re\u0123istrs.<\/p>\n","protected":false},"excerpt":{"rendered":"Priorit\u0101tes j\u0101nost\u0101da pareizi: cilv\u0113ki un plan\u0113ta pirms naida Gatavojoties 2026. gadam, pasaules l\u012bderiem ir dota stingra pam\u0101c\u012bba par&hellip;\n","protected":false},"author":2,"featured_media":90980,"comment_status":"","ping_status":"","sticky":false,"template":"","format":"standard","meta":{"footnotes":""},"categories":[14],"tags":[23,341,57,28,29,32,33,22,22944,3131,3761,30,31,35,39,38,36,37,34,40,20,26,27,24,25,1268,54,55,56,21,58],"class_list":{"0":"post-90979","1":"post","2":"type-post","3":"status-publish","4":"format-standard","5":"has-post-thumbnail","7":"category-zinas-no-arvalstim","8":"tag-aktualitates","9":"tag-ano","10":"tag-arvalstim","11":"tag-breaking-news","12":"tag-breakingnews","13":"tag-featured-news","14":"tag-featurednews","15":"tag-headlines","16":"tag-ierocu-izdevumi","17":"tag-kars","18":"tag-klimata-parmainas","19":"tag-latest-news","20":"tag-latestnews","21":"tag-latvia","22":"tag-latvian","23":"tag-latviesu","24":"tag-latviesu-valoda","25":"tag-latviesuvaloda","26":"tag-latvija","27":"tag-lv","28":"tag-news","29":"tag-popularakas-zinas","30":"tag-popularakaszinas","31":"tag-top-stories","32":"tag-topstories","33":"tag-vide","34":"tag-world","35":"tag-world-news","36":"tag-worldnews","37":"tag-zinas","38":"tag-zinas-no-arvalstim"},"share_on_mastodon":{"url":"https:\/\/pubeurope.com\/@lv\/115814781586121423","error":""},"_links":{"self":[{"href":"https:\/\/www.europesays.com\/lv\/wp-json\/wp\/v2\/posts\/90979","targetHints":{"allow":["GET"]}}],"collection":[{"href":"https:\/\/www.europesays.com\/lv\/wp-json\/wp\/v2\/posts"}],"about":[{"href":"https:\/\/www.europesays.com\/lv\/wp-json\/wp\/v2\/types\/post"}],"author":[{"embeddable":true,"href":"https:\/\/www.europesays.com\/lv\/wp-json\/wp\/v2\/users\/2"}],"replies":[{"embeddable":true,"href":"https:\/\/www.europesays.com\/lv\/wp-json\/wp\/v2\/comments?post=90979"}],"version-history":[{"count":0,"href":"https:\/\/www.europesays.com\/lv\/wp-json\/wp\/v2\/posts\/90979\/revisions"}],"wp:featuredmedia":[{"embeddable":true,"href":"https:\/\/www.europesays.com\/lv\/wp-json\/wp\/v2\/media\/90980"}],"wp:attachment":[{"href":"https:\/\/www.europesays.com\/lv\/wp-json\/wp\/v2\/media?parent=90979"}],"wp:term":[{"taxonomy":"category","embeddable":true,"href":"https:\/\/www.europesays.com\/lv\/wp-json\/wp\/v2\/categories?post=90979"},{"taxonomy":"post_tag","embeddable":true,"href":"https:\/\/www.europesays.com\/lv\/wp-json\/wp\/v2\/tags?post=90979"}],"curies":[{"name":"wp","href":"https:\/\/api.w.org\/{rel}","templated":true}]}}