{"id":90981,"date":"2025-12-31T15:02:13","date_gmt":"2025-12-31T15:02:13","guid":{"rendered":"https:\/\/www.europesays.com\/lv\/90981\/"},"modified":"2025-12-31T15:02:13","modified_gmt":"2025-12-31T15:02:13","slug":"pusnakti-eirozonai-pievienosies-vel-kada-eiropas-valsts-jauns-lv","status":"publish","type":"post","link":"https:\/\/www.europesays.com\/lv\/90981\/","title":{"rendered":"Pusnakt\u012b eirozonai pievienosies v\u0113l k\u0101da Eiropas valsts &#8211; Jauns.lv"},"content":{"rendered":"<ol>\n<li><a href=\"https:\/\/news.google.com\/rss\/articles\/CBMimgFBVV95cUxNR0I2Vl95c1ZIeE44UU5ZcC10bFoxdzhmb1BZSU1qMFVTOExKVHQ0S0RuRzcyT2NlOFVrRXNoQWdUOEJXcXl5a2hEMWpFc1FseVlFMF9iYXdqazB5U0RfeTlCUTNPQk1kVW0yeGlBSmxZQVZTYzdyNVQ0Z3loN3pWMGdNb0dqVGQ3UVpGSWRJMHZnZER0SVlRc0xn?oc=5\" target=\"_blank\" rel=\"nofollow noopener\">Pusnakt\u012b eirozonai pievienosies v\u0113l k\u0101da Eiropas valsts<\/a>&nbsp;&nbsp;Jauns.lv<\/li>\n<li><a href=\"https:\/\/news.google.com\/rss\/articles\/CBMiowFBVV95cUxONGh2bHVvd1EtQzh6NW1XZThzU2pLR0Rub1p3QWdicTRmcTNCMUt2alNFZkZOcnFvdG5XQ1FjaFFrZElNaGtaeVlXa2pLMjRwd1dzX181UmZ6S3JGZjJuN0xpZmsybnlkdUNob2pZTVNTcloyRU8tc185eUMwSnVWTG43OWF0clpGbjlVSXBzd1V2LXpSNlNkMzJqNDFxX3ZpZnlV?oc=5\" target=\"_blank\" rel=\"nofollow noopener\">Bulg\u0101rija Jaungada nakt\u012b p\u0101ries uz eiro \/ Raksts<\/a>&nbsp;&nbsp;LSM<\/li>\n<li><a href=\"https:\/\/news.google.com\/rss\/articles\/CBMiZEFVX3lxTE1WU3dLVFRJYVFyT0dkS0FYR3pmR2wyTnMtWEhPcnNkZ2l2NTVRcHp2aGttZS1jWTc2Q0NlRU5hSzJkYlVndEpSWS1pVXRZRG9xZDB5VDYtNFdReGx0Q1cycVN6b3Y?oc=5\" target=\"_blank\" rel=\"nofollow noopener\">Bulg\u0101rija p\u0101ries uz eiro<\/a>&nbsp;&nbsp;Apollo.lv<\/li>\n<li><a href=\"https:\/\/news.google.com\/rss\/articles\/CBMi3gFBVV95cUxOQnNpRGU2bnYtaHM2YzByZlR6cVhiZWE3cS1kTjRlLWItUEFLcXhvRi1WSE1HWXZOOVFEeE5nYUM4S2pXTjlhVXl4Sm9qUEhkQXM3MktKUWI0NV84RTQtYUJrdkRwOGY0YW9tSkptSHhveTF6YlhlSXI5cUdrSm4tS2Nuc3FSQTZnWlF1VkV1My1JWFNRb19tR1pQQjRQWllfODk2VVg1aG9makpmWlVnaVcxaUVWX3RKWU9BWGkyQkJRQWRVQ2VfajdTdHR0Y0kyM3d3alA4dXhISmR6YkE?oc=5\" target=\"_blank\" rel=\"nofollow noopener\">Bulg\u0101rija gatavojas eiro ievie\u0161anai: cer\u012bbas uz ekonomisko izaugsmi un ba\u017eas par politisko nestabilit\u0101ti<\/a>&nbsp;&nbsp;Lente.lv<\/li>\n<li><a href=\"https:\/\/news.google.com\/rss\/articles\/CBMilwFBVV95cUxPeUJHa2RMTGdLX1FJRzN6ck41QlQtVlBaUVZKd2lqNk1QM0FZaEFHelV4YzVBdy1FeTdvOHY1Y1d4YlBmRUNpUDAwMGJXRVozdlg3VUdRcFllenBlNzg4U0tBUTlzdTFTc2lRMy1CWHdWb2VGa2Ricmh2ZXUzaDcwRGtDdE56bktqQjZWeEkxN2FfUk5weDVV?oc=5\" target=\"_blank\" rel=\"nofollow noopener\">Bulg\u0101rij\u0101 jaungada nakt\u012b p\u0101ries uz eiro \/ 30.12.2025<\/a>&nbsp;&nbsp;REplay.lv<\/li>\n<\/ol>\n","protected":false},"excerpt":{"rendered":"Pusnakt\u012b eirozonai pievienosies v\u0113l k\u0101da Eiropas valsts&nbsp;&nbsp;Jauns.lv Bulg\u0101rija Jaungada nakt\u012b p\u0101ries uz eiro \/ Raksts&nbsp;&nbsp;LSM Bulg\u0101rija p\u0101ries uz&hellip;\n","protected":false},"author":2,"featured_media":90982,"comment_status":"","ping_status":"","sticky":false,"template":"","format":"standard","meta":{"footnotes":""},"categories":[5],"tags":[23,28,29,32,33,22,30,31,35,39,38,36,37,34,40,20,26,27,24,25,21],"class_list":{"0":"post-90981","1":"post","2":"type-post","3":"status-publish","4":"format-standard","5":"has-post-thumbnail","7":"category-aktualitates","8":"tag-aktualitates","9":"tag-breaking-news","10":"tag-breakingnews","11":"tag-featured-news","12":"tag-featurednews","13":"tag-headlines","14":"tag-latest-news","15":"tag-latestnews","16":"tag-latvia","17":"tag-latvian","18":"tag-latviesu","19":"tag-latviesu-valoda","20":"tag-latviesuvaloda","21":"tag-latvija","22":"tag-lv","23":"tag-news","24":"tag-popularakas-zinas","25":"tag-popularakaszinas","26":"tag-top-stories","27":"tag-topstories","28":"tag-zinas"},"share_on_mastodon":{"url":"https:\/\/pubeurope.com\/@lv\/115814789503911189","error":""},"_links":{"self":[{"href":"https:\/\/www.europesays.com\/lv\/wp-json\/wp\/v2\/posts\/90981","targetHints":{"allow":["GET"]}}],"collection":[{"href":"https:\/\/www.europesays.com\/lv\/wp-json\/wp\/v2\/posts"}],"about":[{"href":"https:\/\/www.europesays.com\/lv\/wp-json\/wp\/v2\/types\/post"}],"author":[{"embeddable":true,"href":"https:\/\/www.europesays.com\/lv\/wp-json\/wp\/v2\/users\/2"}],"replies":[{"embeddable":true,"href":"https:\/\/www.europesays.com\/lv\/wp-json\/wp\/v2\/comments?post=90981"}],"version-history":[{"count":0,"href":"https:\/\/www.europesays.com\/lv\/wp-json\/wp\/v2\/posts\/90981\/revisions"}],"wp:featuredmedia":[{"embeddable":true,"href":"https:\/\/www.europesays.com\/lv\/wp-json\/wp\/v2\/media\/90982"}],"wp:attachment":[{"href":"https:\/\/www.europesays.com\/lv\/wp-json\/wp\/v2\/media?parent=90981"}],"wp:term":[{"taxonomy":"category","embeddable":true,"href":"https:\/\/www.europesays.com\/lv\/wp-json\/wp\/v2\/categories?post=90981"},{"taxonomy":"post_tag","embeddable":true,"href":"https:\/\/www.europesays.com\/lv\/wp-json\/wp\/v2\/tags?post=90981"}],"curies":[{"name":"wp","href":"https:\/\/api.w.org\/{rel}","templated":true}]}}