{"id":90986,"date":"2025-12-31T15:07:05","date_gmt":"2025-12-31T15:07:05","guid":{"rendered":"https:\/\/www.europesays.com\/lv\/90986\/"},"modified":"2025-12-31T15:07:05","modified_gmt":"2025-12-31T15:07:05","slug":"vecgada-skrejiens-nosledz-2025-gada-sportiskas-aktivitates","status":"publish","type":"post","link":"https:\/\/www.europesays.com\/lv\/90986\/","title":{"rendered":"Vecgada skr\u0113jiens nosl\u0113dz 2025. gada sportisk\u0101s aktivit\u0101tes"},"content":{"rendered":"<p>31.decembr\u012b pie Olimpisk\u0101 centra \u201cVentspils\u201d basketbola halles norisin\u0101j\u0101s tradicion\u0101lais Vecgada skr\u0113jiens, pulc\u0113jot gandr\u012bz 300 dal\u012bbniekus. Pas\u0101kums jau vair\u0101k nek\u0101 50 gadus ir neat\u0146emama gada nogales sportisk\u0101 trad\u012bcija Ventspil\u012b, kuru savulaik iedibin\u0101ja treneris Andrejs Dogadovs. Ar\u012b \u0161ogad dal\u012bbniekiem bija iesp\u0113ja izv\u0113l\u0113ties sev piem\u0113rotu distanci no 1 l\u012bdz 5 kilometriem bez laika kontroles, k\u0101 ar\u012b piedal\u012bties distanc\u0113s ar laika kontroli \u2013 sieviet\u0113m 3 km un v\u012brie\u0161iem 5 km.<\/p>\n<p>Distanc\u0113s ar laika kontroli tika noskaidroti \u0101tr\u0101kie skr\u0113j\u0113ji.<\/p>\n<p>\u0100tr\u0101k\u0101s sievietes 3 km distanc\u0113:<\/p>\n<tr>\n<td>Vieta<\/td>\n<td>V\u0101rds<\/td>\n<td>Uzv\u0101rds<\/td>\n<td>Rezult\u0101ts<\/td>\n<\/tr>\n<tr>\n<td>1<\/td>\n<td>Marta<\/td>\n<td>Meiere<\/td>\n<td>12:15<\/td>\n<\/tr>\n<tr>\n<td>2<\/td>\n<td>Gunta<\/td>\n<td>Hartmane<\/td>\n<td>12:17<\/td>\n<\/tr>\n<tr>\n<td>3<\/td>\n<td>Krist\u012bne<\/td>\n<td>V\u0101vere<\/td>\n<td>12:33<\/td>\n<\/tr>\n<tr>\n<td>4<\/td>\n<td>Mel\u0101nija<\/td>\n<td>V\u0101vere<\/td>\n<td>13:27<\/td>\n<\/tr>\n<tr>\n<td>5<\/td>\n<td>Ieva<\/td>\n<td>\u0112dole<\/td>\n<td>13:37<\/td>\n<\/tr>\n<tr>\n<td>6<\/td>\n<td>Ginta<\/td>\n<td>Rassa<\/td>\n<td>13:51<\/td>\n<\/tr>\n<p>\u0100tr\u0101kie v\u012brie\u0161i 5 km distanc\u0113:<\/p>\n<tr>\n<td>Vieta<\/td>\n<td>V\u0101rds<\/td>\n<td>Uzv\u0101rds<\/td>\n<td>Rezult\u0101ts<\/td>\n<\/tr>\n<tr>\n<td>1<\/td>\n<td>Kristaps<\/td>\n<td>B\u0113rzi\u0146\u0161<\/td>\n<td>17:53<\/td>\n<\/tr>\n<tr>\n<td>2<\/td>\n<td>Guntis<\/td>\n<td>Gr\u012bnvalds<\/td>\n<td>18:50<\/td>\n<\/tr>\n<tr>\n<td>3<\/td>\n<td>Ralfs<\/td>\n<td>Apfelbaums<\/td>\n<td>19:05<\/td>\n<\/tr>\n<tr>\n<td>4<\/td>\n<td>Mat\u012bss<\/td>\n<td>B\u0113rzi\u0146\u0161<\/td>\n<td>19:24<\/td>\n<\/tr>\n<tr>\n<td>5<\/td>\n<td>Daniels<\/td>\n<td>\u0136epals<\/td>\n<td>19:39<\/td>\n<\/tr>\n<tr>\n<td>6<\/td>\n<td>Arv\u012bds<\/td>\n<td>\u0160\u0113nbergs<\/td>\n<td>19:58<\/td>\n<\/tr>\n<p>P\u0101r\u0113jie rezult\u0101ti <a href=\"https:\/\/www.ventspils.lv\/jaunumi\/sports\/vecgada-skrejiens-nosledz-2025-gada-sportiskas-aktivitates\/Vecgada%20skrejiens%202025-%20rezultati.pdf\" rel=\"nofollow noopener\" target=\"_blank\">\u0160EIT<\/a>.<\/p>\n<p>P\u0113c fini\u0161a visi dal\u012bbnieki var\u0113ja sasild\u012bties ar karstu t\u0113ju un baud\u012bt gardumus, k\u0101 ar\u012b kop\u012bgi nosvin\u0113t gada nosl\u0113gumu sportisk\u0101 un draudz\u012bg\u0101 gaisotn\u0113.<\/p>\n<p>Sporta p\u0101rvalde pateicas visiem skr\u0113jiena dal\u012bbniekiem, sportistiem un \u0123imen\u0113m par akt\u012bvu iesaist\u012b\u0161anos sporta aktivit\u0101t\u0113s visa gada garum\u0101 un nov\u0113l vesel\u012bgu, akt\u012bvu un sportisku Jauno 2026. gadu!<\/p>\n<p>Pas\u0101kums tiek finans\u0113ts no Eiropas Soci\u0101l\u0101 fonda Plus projekta Nr. 4.1.2.2\/1\/24\/I\/005 \u201cPas\u0101kumu \u012bsteno\u0161ana Ventspils valstspils\u0113t\u0101 viet\u0113j\u0101s sabiedr\u012bbas vesel\u012bbas veicin\u0101\u0161anai un slim\u012bbu profilaksei\u201d bud\u017eeta l\u012bdzek\u013ciem. Projektu \u012bsteno Ventspils valstspils\u0113tas pa\u0161vald\u012bba. Visi projekta ietvaros organiz\u0113tie pas\u0101kumi ir bez maksas.<\/p>\n<p>        <img loading=\"lazy\" decoding=\"async\" width=\"323\" height=\"151\" src=\"https:\/\/www.europesays.com\/lv\/wp-content\/uploads\/2025\/09\/Logo2.png\" alt=\"\" class=\"wp-image-154537\"  \/><\/p>\n<p>            <img fetchpriority=\"high\" decoding=\"async\" src=\"https:\/\/www.europesays.com\/lv\/wp-content\/uploads\/2025\/12\/VHRS_-017_0126-1_WEB-1080x608.jpg\" width=\"1080\" height=\"608\" alt=\"\"\/><\/p>\n","protected":false},"excerpt":{"rendered":"31.decembr\u012b pie Olimpisk\u0101 centra \u201cVentspils\u201d basketbola halles norisin\u0101j\u0101s tradicion\u0101lais Vecgada skr\u0113jiens, pulc\u0113jot gandr\u012bz 300 dal\u012bbniekus. Pas\u0101kums jau vair\u0101k&hellip;\n","protected":false},"author":2,"featured_media":90987,"comment_status":"","ping_status":"","sticky":false,"template":"","format":"standard","meta":{"footnotes":""},"categories":[12],"tags":[23,28,29,32,33,22,30,31,35,39,38,36,37,34,40,20,26,27,24,25,21],"class_list":{"0":"post-90986","1":"post","2":"type-post","3":"status-publish","4":"format-standard","5":"has-post-thumbnail","7":"category-latvija","8":"tag-aktualitates","9":"tag-breaking-news","10":"tag-breakingnews","11":"tag-featured-news","12":"tag-featurednews","13":"tag-headlines","14":"tag-latest-news","15":"tag-latestnews","16":"tag-latvia","17":"tag-latvian","18":"tag-latviesu","19":"tag-latviesu-valoda","20":"tag-latviesuvaloda","21":"tag-latvija","22":"tag-lv","23":"tag-news","24":"tag-popularakas-zinas","25":"tag-popularakaszinas","26":"tag-top-stories","27":"tag-topstories","28":"tag-zinas"},"share_on_mastodon":{"url":"https:\/\/pubeurope.com\/@lv\/115814809234189891","error":""},"_links":{"self":[{"href":"https:\/\/www.europesays.com\/lv\/wp-json\/wp\/v2\/posts\/90986","targetHints":{"allow":["GET"]}}],"collection":[{"href":"https:\/\/www.europesays.com\/lv\/wp-json\/wp\/v2\/posts"}],"about":[{"href":"https:\/\/www.europesays.com\/lv\/wp-json\/wp\/v2\/types\/post"}],"author":[{"embeddable":true,"href":"https:\/\/www.europesays.com\/lv\/wp-json\/wp\/v2\/users\/2"}],"replies":[{"embeddable":true,"href":"https:\/\/www.europesays.com\/lv\/wp-json\/wp\/v2\/comments?post=90986"}],"version-history":[{"count":0,"href":"https:\/\/www.europesays.com\/lv\/wp-json\/wp\/v2\/posts\/90986\/revisions"}],"wp:featuredmedia":[{"embeddable":true,"href":"https:\/\/www.europesays.com\/lv\/wp-json\/wp\/v2\/media\/90987"}],"wp:attachment":[{"href":"https:\/\/www.europesays.com\/lv\/wp-json\/wp\/v2\/media?parent=90986"}],"wp:term":[{"taxonomy":"category","embeddable":true,"href":"https:\/\/www.europesays.com\/lv\/wp-json\/wp\/v2\/categories?post=90986"},{"taxonomy":"post_tag","embeddable":true,"href":"https:\/\/www.europesays.com\/lv\/wp-json\/wp\/v2\/tags?post=90986"}],"curies":[{"name":"wp","href":"https:\/\/api.w.org\/{rel}","templated":true}]}}