{"id":90990,"date":"2025-12-31T15:09:11","date_gmt":"2025-12-31T15:09:11","guid":{"rendered":"https:\/\/www.europesays.com\/lv\/90990\/"},"modified":"2025-12-31T15:09:11","modified_gmt":"2025-12-31T15:09:11","slug":"2026-gada-skorpiona-horoskops-lielas-parmainas-karjera","status":"publish","type":"post","link":"https:\/\/www.europesays.com\/lv\/90990\/","title":{"rendered":"2026. gada Skorpiona horoskops \u2013 lielas p\u0101rmai\u0146as karjer\u0101"},"content":{"rendered":"<p>Jaunais gads ir burtiski rokas stiepiena att\u0101lum\u0101. Tas ir br\u012bdis, kad visi aizdom\u0101jas \u2013 ko person\u012bgi man nes\u012bs n\u0101kamais gads? 2026. gads \u2013 Uguns zirga gads \u2013 sola gan jaunas iesp\u0113jas, gan izaicin\u0101jumus. Zirgs ir br\u012bv\u012bbas, ener\u0123ijas un kust\u012bbas simbols. Savuk\u0101rt ugunij piem\u012bt sp\u0113c\u012bga ener\u0123ija, t\u0101 simboliz\u0113 rado\u0161umu un entuziasmu. Savuk\u0101rt par to, k\u0101ds sol\u0101s b\u016bt 2026. gads Skorpiona horoskopa z\u012bmei, ar mums sav\u0101s prognoz\u0113s dal\u0101s Latvijas v\u0113disk\u0101 astrolo\u0123e Anna Petrikina, k\u0101 ar\u012b lietuvie\u0161u astrolo\u0123es Karol\u012bna \u017dvi\u0137e, Violeta \u013baugminiene un Just\u012bna Krik\u0161\u010di\u016bnaite.<\/p>\n<p>2026. gads turpin\u0101s pild\u012bt da\u017eus iepriek\u0161\u0113j\u0101 gada uzdevumus, vienlaikus atnesot ar\u012b jaunus izaicin\u0101jumus, \u012bpa\u0161i gada otraj\u0101 pus\u0113. Lai m\u0113s non\u0101ktu pavisam cit\u0101 att\u012bst\u012bbas l\u012bmen\u012b, b\u016bs nepiecie\u0161ama drosme atteikties no visa, kas jau nokalpojis savu laiku \u2013 liet\u0101m, ieradumiem un uzskatiem. Atteikties n\u0101ksies ar\u012b no savstarp\u0113j\u0101m attiec\u012bb\u0101m \u2013 m\u012blest\u012bbas un sadarb\u012bbas plan\u0113ta izies cauri vair\u0101kiem katarses punktiem, un gada nosl\u0113gum\u0101 t\u0101s attiec\u012bbas, kas b\u016bs izdz\u012bvoju\u0161as, t\u0101tad \u2013 iztur\u0113ju\u0161as p\u0101rbaud\u012bjumus, var\u0113s baud\u012bt dzi\u013c\u0101ku harmoniju un saska\u0146u.<\/p>\n<p>Skorpions<\/p>\n<p>K\u0101 skaidro astrolo\u0123e Anna Petrikina, n\u0101ko\u0161\u0101 gada s\u0101kums Skorpiona zodiaka z\u012bmei b\u016bs k\u0101 starta ra\u0137ete \u2013 tas b\u016bs ener\u0123isks un m\u0113r\u0137tiec\u012bgs. Tom\u0113r gada nogal\u0113 tie\u0161i pret\u0113ji \u2013 nepiecie\u0161ams uzman\u012bties no apjom\u012bgiem projektiem, dodot priek\u0161roku atp\u016btai un sp\u0113ku atjauno\u0161anai, varb\u016bt pat ce\u013cojumam.<\/p>\n<p>Skorpiona labi padar\u012btais darbs atmaks\u0101sies ar peln\u012btu veiksmi un nostiprin\u0101tu karjeras statusu.<\/p>\n<p>Lai turpin\u0101tu las\u012bt, ieg\u0101d\u0101jies abonementu.<\/p>\n<p class=\"fs-4\">L\u016bdzu, uzgaidi!<\/p>\n<p class=\"fs-5\">Piel\u0101gojam Tev piem\u0113rot\u0101ko abon\u0113\u0161anas pied\u0101v\u0101jumu&#8230;<\/p>\n<p class=\"lh-1 fs-6 text-muted pt-3 mt-5\">Abon\u0113\u0161anas pied\u0101v\u0101jums nav redzams? L\u016bdzu, izsl\u0113dz rekl\u0101mu blo\u0137\u0113t\u0101ju vai  p\u0101rl\u0101d\u0113 lapu.<br \/>Jaut\u0101jumu gad\u012bjum\u0101 raksti <a href=\"https:\/\/www.delfi.lv\/life\/56017218\/atputa\/120100535\/mailto:konts@delfi.lv\" class=\"text-primary\" rel=\"nofollow noopener\" target=\"_blank\">konts@delfi.lv<\/a><\/p>\n<p class=\"m-0\">Seko &#8220;Delfi&#8221; ar\u012b  <a target=\"_blank\" href=\"https:\/\/www.instagram.com\/delfi.lv\/\" rel=\"nofollow noopener\">Instagram<\/a>  un <a target=\"_blank\" href=\"https:\/\/www.youtube.com\/channel\/UCw5foWtcJvAbUm64rv7jwUQ\" rel=\"nofollow noopener\">YouTube<\/a>  profil\u0101 \u2013 pievienojies, lai uzzin\u0101tu svar\u012bg\u0101ko un interesant\u0101ko pirmais!<\/p>\n<p>Publik\u0101cijas saturs vai t\u0101s jebk\u0101da apjoma da\u013ca ir aizsarg\u0101ts autorties\u012bbu objekts Autorties\u012bbu likuma izpratn\u0113, un t\u0101 izmanto\u0161ana bez izdev\u0113ja at\u013caujas ir aizliegta. Vair\u0101k lasi  <a target=\"_blank\" href=\"https:\/\/www.delfi.lv\/noteikumi#autortiesibas\" rel=\"nofollow noopener\">\u0161eit<\/a><script async src=\"\/\/www.instagram.com\/embed.js\"><\/script><\/p>\n","protected":false},"excerpt":{"rendered":"Jaunais gads ir burtiski rokas stiepiena att\u0101lum\u0101. Tas ir br\u012bdis, kad visi aizdom\u0101jas \u2013 ko person\u012bgi man nes\u012bs&hellip;\n","protected":false},"author":2,"featured_media":90991,"comment_status":"","ping_status":"","sticky":false,"template":"","format":"standard","meta":{"footnotes":""},"categories":[19],"tags":[5358,3976,89,760,90,35,39,38,36,37,34,40],"class_list":{"0":"post-90990","1":"post","2":"type-post","3":"status-publish","4":"format-standard","5":"has-post-thumbnail","7":"category-izklaide","8":"tag-astrologija","9":"tag-atelpas-bridim","10":"tag-entertainment","11":"tag-horoskopi","12":"tag-izklaide","13":"tag-latvia","14":"tag-latvian","15":"tag-latviesu","16":"tag-latviesu-valoda","17":"tag-latviesuvaloda","18":"tag-latvija","19":"tag-lv"},"share_on_mastodon":{"url":"https:\/\/pubeurope.com\/@lv\/115814816971533309","error":""},"_links":{"self":[{"href":"https:\/\/www.europesays.com\/lv\/wp-json\/wp\/v2\/posts\/90990","targetHints":{"allow":["GET"]}}],"collection":[{"href":"https:\/\/www.europesays.com\/lv\/wp-json\/wp\/v2\/posts"}],"about":[{"href":"https:\/\/www.europesays.com\/lv\/wp-json\/wp\/v2\/types\/post"}],"author":[{"embeddable":true,"href":"https:\/\/www.europesays.com\/lv\/wp-json\/wp\/v2\/users\/2"}],"replies":[{"embeddable":true,"href":"https:\/\/www.europesays.com\/lv\/wp-json\/wp\/v2\/comments?post=90990"}],"version-history":[{"count":0,"href":"https:\/\/www.europesays.com\/lv\/wp-json\/wp\/v2\/posts\/90990\/revisions"}],"wp:featuredmedia":[{"embeddable":true,"href":"https:\/\/www.europesays.com\/lv\/wp-json\/wp\/v2\/media\/90991"}],"wp:attachment":[{"href":"https:\/\/www.europesays.com\/lv\/wp-json\/wp\/v2\/media?parent=90990"}],"wp:term":[{"taxonomy":"category","embeddable":true,"href":"https:\/\/www.europesays.com\/lv\/wp-json\/wp\/v2\/categories?post=90990"},{"taxonomy":"post_tag","embeddable":true,"href":"https:\/\/www.europesays.com\/lv\/wp-json\/wp\/v2\/tags?post=90990"}],"curies":[{"name":"wp","href":"https:\/\/api.w.org\/{rel}","templated":true}]}}