{"id":91012,"date":"2025-12-31T15:32:13","date_gmt":"2025-12-31T15:32:13","guid":{"rendered":"https:\/\/www.europesays.com\/lv\/91012\/"},"modified":"2025-12-31T15:32:13","modified_gmt":"2025-12-31T15:32:13","slug":"valsts-konsolidetaja-kopbudzeta-11-menesos-bijis-deficits","status":"publish","type":"post","link":"https:\/\/www.europesays.com\/lv\/91012\/","title":{"rendered":"Valsts konsolid\u0113taj\u0101 kopbud\u017eet\u0101 11 m\u0113ne\u0161os bijis defic\u012bts"},"content":{"rendered":"<p>Savuk\u0101rt pirms gada novembra beig\u0101s valsts konsolid\u0113taj\u0101 kopbud\u017eet\u0101 bija p\u0101rpalikums 69,5 miljonu eiro apm\u0113r\u0101.<\/p>\n<p>Novembr\u012b turpin\u0101ja palielin\u0101ties defic\u012bts valsts pamatbud\u017eet\u0101, kas \u0161\u0101 gada 11 m\u0113ne\u0161os bija 1,7 miljardi eiro, savuk\u0101rt valsts speci\u0101laj\u0101 bud\u017eet\u0101, pa\u0161vald\u012bbu bud\u017eet\u0101 un p\u0101r\u0113jo atvasin\u0101to publisko personu bud\u017eet\u0101 veidoj\u0101s p\u0101rpalikums attiec\u012bgi 473,6 miljonu eiro, 84,3 miljonu eiro un 98,2 miljonu eiro apm\u0113r\u0101.<\/p>\n<p>Sagaid\u0101ms, ka, nosl\u0113dzoties \u0161\u0101 gada dar\u012bjumiem un r\u0113\u0137inu apmaksai, bud\u017eeta izdevumi pieaugs ar\u012b decembr\u012b un kopbud\u017eeta defic\u012bts palielin\u0101sies, nor\u0101da FM. \u012astenojot visas pl\u0101not\u0101s invest\u012bcijas, atbilsto\u0161i FM nov\u0113rt\u0113jumam visp\u0101r\u0113j\u0101s vald\u012bbas bud\u017eeta defic\u012bts \u0161ogad var\u0113tu sasniegt 2,9% no iek\u0161zemes kopprodukta (IKP).<\/p>\n<p>Kopbud\u017eeta izdevumi \u0161ogad 11 m\u0113ne\u0161os pieauga par 1,4 miljardiem eiro jeb 8,8%, sal\u012bdzinot ar attiec\u012bgo periodu p\u0113rn, kop\u0101 veidojot gandr\u012bz 16,978 miljardus eiro.<\/p>\n<p>Kopbud\u017eeta izdevumu k\u0101pumu FM skaidro ar strauji augo\u0161ajiem valsts pamatbud\u017eeta izdevumiem Eiropas Savien\u012bbas (ES) fondu un Atvese\u013co\u0161anas fonda projektu \u012bsteno\u0161anai, kas palielin\u0101j\u0101s par 636,6 miljoniem eiro sal\u012bdzin\u0101jum\u0101 ar pag\u0101ju\u0161\u0101 gada 11 m\u0113ne\u0161iem, kop\u0101 veidojot 1,2 miljardus eiro, k\u0101 ar\u012b ar liel\u0101kiem pamatbud\u017eeta izdevumiem aizsardz\u012bbas resor\u0101, kas pieauga par 222,8 miljoniem eiro, kopum\u0101 veidojot 1,3 miljardus eiro. T\u0101pat k\u0101 pirms gada 200 miljoni eiro novirz\u012bti pretgaisa aizsardz\u012bbai, ta\u010du liel\u0101ki bija resora izdevumi speci\u0101lo milit\u0101ro transportl\u012bdzek\u013cu ieg\u0101dei Nacion\u0101lo bru\u0146oto sp\u0113ku (NBS) vajadz\u012bb\u0101m, k\u0101 ar\u012b aizsardz\u012bbas \u012bpa\u0161uma p\u0101rvald\u012b\u0161anai un b\u016bvniec\u012bbai, \u0146emot v\u0113r\u0101 S\u0113lijas poligona p\u0101r\u0146em\u0161anu. T\u0101pat vair\u0101k izdots NBS un starptautisko oper\u0101ciju person\u0101lsast\u0101va atalgojumam saist\u012bb\u0101 ar karav\u012bru skaita pieaugumu.<\/p>\n","protected":false},"excerpt":{"rendered":"Savuk\u0101rt pirms gada novembra beig\u0101s valsts konsolid\u0113taj\u0101 kopbud\u017eet\u0101 bija p\u0101rpalikums 69,5 miljonu eiro apm\u0113r\u0101. Novembr\u012b turpin\u0101ja palielin\u0101ties defic\u012bts&hellip;\n","protected":false},"author":2,"featured_media":82511,"comment_status":"","ping_status":"","sticky":false,"template":"","format":"standard","meta":{"footnotes":""},"categories":[12],"tags":[23,28,29,32,33,22,30,31,35,39,38,36,37,34,40,20,26,27,24,25,331,22948,21],"class_list":{"0":"post-91012","1":"post","2":"type-post","3":"status-publish","4":"format-standard","5":"has-post-thumbnail","7":"category-latvija","8":"tag-aktualitates","9":"tag-breaking-news","10":"tag-breakingnews","11":"tag-featured-news","12":"tag-featurednews","13":"tag-headlines","14":"tag-latest-news","15":"tag-latestnews","16":"tag-latvia","17":"tag-latvian","18":"tag-latviesu","19":"tag-latviesu-valoda","20":"tag-latviesuvaloda","21":"tag-latvija","22":"tag-lv","23":"tag-news","24":"tag-popularakas-zinas","25":"tag-popularakaszinas","26":"tag-top-stories","27":"tag-topstories","28":"tag-valsts-budzets","29":"tag-valsts-kase","30":"tag-zinas"},"share_on_mastodon":{"url":"https:\/\/pubeurope.com\/@lv\/115814907454961654","error":""},"_links":{"self":[{"href":"https:\/\/www.europesays.com\/lv\/wp-json\/wp\/v2\/posts\/91012","targetHints":{"allow":["GET"]}}],"collection":[{"href":"https:\/\/www.europesays.com\/lv\/wp-json\/wp\/v2\/posts"}],"about":[{"href":"https:\/\/www.europesays.com\/lv\/wp-json\/wp\/v2\/types\/post"}],"author":[{"embeddable":true,"href":"https:\/\/www.europesays.com\/lv\/wp-json\/wp\/v2\/users\/2"}],"replies":[{"embeddable":true,"href":"https:\/\/www.europesays.com\/lv\/wp-json\/wp\/v2\/comments?post=91012"}],"version-history":[{"count":0,"href":"https:\/\/www.europesays.com\/lv\/wp-json\/wp\/v2\/posts\/91012\/revisions"}],"wp:featuredmedia":[{"embeddable":true,"href":"https:\/\/www.europesays.com\/lv\/wp-json\/wp\/v2\/media\/82511"}],"wp:attachment":[{"href":"https:\/\/www.europesays.com\/lv\/wp-json\/wp\/v2\/media?parent=91012"}],"wp:term":[{"taxonomy":"category","embeddable":true,"href":"https:\/\/www.europesays.com\/lv\/wp-json\/wp\/v2\/categories?post=91012"},{"taxonomy":"post_tag","embeddable":true,"href":"https:\/\/www.europesays.com\/lv\/wp-json\/wp\/v2\/tags?post=91012"}],"curies":[{"name":"wp","href":"https:\/\/api.w.org\/{rel}","templated":true}]}}