{"id":91039,"date":"2025-12-31T16:21:09","date_gmt":"2025-12-31T16:21:09","guid":{"rendered":"https:\/\/www.europesays.com\/lv\/91039\/"},"modified":"2025-12-31T16:21:09","modified_gmt":"2025-12-31T16:21:09","slug":"liepaja-gaisa-temperatura-noslidejusi-lidz-15-gradiem","status":"publish","type":"post","link":"https:\/\/www.europesays.com\/lv\/91039\/","title":{"rendered":"Liep\u0101j\u0101 gaisa temperat\u016bra nosl\u012bd\u0113jusi l\u012bdz -15 gr\u0101diem"},"content":{"rendered":"<p>Apgr\u016btin\u0101ti brauk\u0161anas apst\u0101k\u013ci ir uz Vidzemes \u0161osejas (A2) posm\u0101 no Raunas pagrieziena l\u012bdz Veclaicenei, uz Valmieras \u0161osejas (A3) posm\u0101 no Stren\u010diem l\u012bdz Valkai, uz R\u012bgas apvedce\u013ca Salaspils-Bab\u012bte (A5) vis\u0101 posm\u0101, uz Daugavpils \u0161osejas (A6) posm\u0101 no L\u012bv\u0101niem l\u012bdz P\u0101terniekiem, uz Bauskas \u0161osejas (A7) posm\u0101 no \u0136ekavas apvedce\u013ca l\u012bdz Dzimtmisai, k\u0101 ar\u012b uz Jelgavas \u0161osejas (A8) vis\u0101 posm\u0101.<\/p>\n","protected":false},"excerpt":{"rendered":"Apgr\u016btin\u0101ti brauk\u0161anas apst\u0101k\u013ci ir uz Vidzemes \u0161osejas (A2) posm\u0101 no Raunas pagrieziena l\u012bdz Veclaicenei, uz Valmieras \u0161osejas (A3)&hellip;\n","protected":false},"author":2,"featured_media":91040,"comment_status":"","ping_status":"","sticky":false,"template":"","format":"standard","meta":{"footnotes":""},"categories":[12],"tags":[23,28,29,32,33,22,30,31,35,39,38,36,37,34,40,20,26,27,24,25,21],"class_list":{"0":"post-91039","1":"post","2":"type-post","3":"status-publish","4":"format-standard","5":"has-post-thumbnail","7":"category-latvija","8":"tag-aktualitates","9":"tag-breaking-news","10":"tag-breakingnews","11":"tag-featured-news","12":"tag-featurednews","13":"tag-headlines","14":"tag-latest-news","15":"tag-latestnews","16":"tag-latvia","17":"tag-latvian","18":"tag-latviesu","19":"tag-latviesu-valoda","20":"tag-latviesuvaloda","21":"tag-latvija","22":"tag-lv","23":"tag-news","24":"tag-popularakas-zinas","25":"tag-popularakaszinas","26":"tag-top-stories","27":"tag-topstories","28":"tag-zinas"},"share_on_mastodon":{"url":"https:\/\/pubeurope.com\/@lv\/115815100148100057","error":""},"_links":{"self":[{"href":"https:\/\/www.europesays.com\/lv\/wp-json\/wp\/v2\/posts\/91039","targetHints":{"allow":["GET"]}}],"collection":[{"href":"https:\/\/www.europesays.com\/lv\/wp-json\/wp\/v2\/posts"}],"about":[{"href":"https:\/\/www.europesays.com\/lv\/wp-json\/wp\/v2\/types\/post"}],"author":[{"embeddable":true,"href":"https:\/\/www.europesays.com\/lv\/wp-json\/wp\/v2\/users\/2"}],"replies":[{"embeddable":true,"href":"https:\/\/www.europesays.com\/lv\/wp-json\/wp\/v2\/comments?post=91039"}],"version-history":[{"count":0,"href":"https:\/\/www.europesays.com\/lv\/wp-json\/wp\/v2\/posts\/91039\/revisions"}],"wp:featuredmedia":[{"embeddable":true,"href":"https:\/\/www.europesays.com\/lv\/wp-json\/wp\/v2\/media\/91040"}],"wp:attachment":[{"href":"https:\/\/www.europesays.com\/lv\/wp-json\/wp\/v2\/media?parent=91039"}],"wp:term":[{"taxonomy":"category","embeddable":true,"href":"https:\/\/www.europesays.com\/lv\/wp-json\/wp\/v2\/categories?post=91039"},{"taxonomy":"post_tag","embeddable":true,"href":"https:\/\/www.europesays.com\/lv\/wp-json\/wp\/v2\/tags?post=91039"}],"curies":[{"name":"wp","href":"https:\/\/api.w.org\/{rel}","templated":true}]}}