{"id":91047,"date":"2025-12-31T16:39:19","date_gmt":"2025-12-31T16:39:19","guid":{"rendered":"https:\/\/www.europesays.com\/lv\/91047\/"},"modified":"2025-12-31T16:39:19","modified_gmt":"2025-12-31T16:39:19","slug":"visu-darisu-lai-sabiedriba-tos-varonus-ierauga-lente-lv","status":"publish","type":"post","link":"https:\/\/www.europesays.com\/lv\/91047\/","title":{"rendered":"&#8220;Visu dar\u012b\u0161u, lai sabiedr\u012bba tos &#8216;varo\u0146us&#8217; ierauga&#8221;\u00a0\u2014\u00a0Lente.lv"},"content":{"rendered":"<p>Jaunais Birokr\u0101cijas mazin\u0101\u0161anas r\u012bc\u012bbas grupas vad\u012bt\u0101js J\u0101nis Endzi\u0146\u0161 ap\u0146\u0113mies pan\u0101kt taust\u0101mus uzlabojumus<\/p>\n<p>Kop\u0161 2025. gada 1. decembra Birokr\u0101cijas mazin\u0101\u0161anas r\u012bc\u012bbas grupas vad\u012bt\u0101ja pien\u0101kumus pilda J\u0101nis Endzi\u0146\u0161, kur\u0161 iepriek\u0161 vad\u012bja Latvijas Tirdzniec\u012bbas un r\u016bpniec\u012bbas kameru (LTRK). Vi\u0146a galvenais uzdevums ir mazin\u0101t birokr\u0101tisko slogu valst\u012b, pan\u0101kot re\u0101lus uzlabojumus sabiedr\u012bbai un uz\u0146\u0113m\u0113jiem. K\u0101 zi\u0146o Latvijas Av\u012bze, Endzi\u0146\u0161 TV24 raid\u012bjum\u0101 \u201cNaudas cena\u201d atkl\u0101ja savus pl\u0101nus un \u201cinstrumentus\u201d, ar kuriem str\u0101d\u0101s, lai \u0161o m\u0113r\u0137i sasniegtu.<\/p>\n<p>Caursp\u012bd\u012bgums k\u0101 galvenais &#8220;instruments&#8221;<\/p>\n<p>Endzi\u0146\u0161 uzsver, ka vi\u0146a galvenais darba r\u012bks b\u016bs caursp\u012bd\u012bgums. Vi\u0146\u0161 ap\u0146\u0113mies dar\u012bt visu, lai sabiedr\u012bba redz\u0113tu, kuri ir tie \u00abvaro\u0146i\u00bb, kas kav\u0113 birokr\u0101tijas mazin\u0101\u0161anas procesus. Vi\u0146\u0161 pl\u0101no noteikt konkr\u0113tus termi\u0146us un izcelt \u201csarkanos karodzi\u0146us\u201d, lai ikviens var\u0113tu sekot l\u012bdzi progresam un identific\u0113t instit\u016bcijas, kur\u0101s rodas aiz\u0137er\u0161an\u0101s. \u0160\u0101ds atkl\u0101t\u012bbas princips pal\u012bdz\u0113s ne tikai identific\u0113t probl\u0113mu avotus, bet ar\u012b veicin\u0101s atbild\u012bbu un mudin\u0101s iest\u0101des akt\u012bv\u0101k r\u012bkoties.<\/p>\n<p>Ambic\u012bzie m\u0113r\u0137i un sasniedzamie rezult\u0101ti<\/p>\n<p>R\u012bc\u012bbas grupas vad\u012bt\u0101js ir izvirz\u012bjis ambiciozus m\u0113r\u0137us. Vi\u0146a v\u012bzija ir pan\u0101kt, lai gadu laik\u0101 sabiedr\u012bba un uz\u0146\u0113m\u0113ji saj\u016btamos uzlabojumus birokr\u0101tijas mazin\u0101\u0161an\u0101. Gar\u0101k\u0101 termi\u0146\u0101, tr\u012bs gadu laik\u0101, Latvija tiek m\u0113r\u0137\u0113ta uz zem\u0101ko birokr\u0101tijas slogu Baltijas valstu vid\u016b. Endzi\u0146\u0161 ar\u012b uzsver, ka birokr\u0101tijas mazin\u0101\u0161anai ir j\u0101k\u013c\u016bst par pa\u0161saprotamu publisk\u0101s p\u0101rvaldes \u201chigi\u0113nas\u201d jaut\u0101jumu. Lai \u0161os m\u0113r\u0137us sasniegtu, pl\u0101nots m\u0113nes\u012b paveikt vismaz desmit \u201cmaz\u0101s lieti\u0146as\u201d, kas gada laik\u0101 summ\u0113tos l\u012bdz vismaz 120 paveiktiem darbiem birokr\u0101tijas mazin\u0101\u0161an\u0101.<\/p>\n<p>Strat\u0113\u0123ija un sadarb\u012bba<\/p>\n<p>Endzi\u0146a darba strat\u0113\u0123ija paredz ap sevi pulc\u0113t nelielu ekspertu komandu, lai str\u0101d\u0101tu pie konkr\u0113t\u0101m idej\u0101m birokr\u0101tijas samazin\u0101\u0161anai. T\u0101pat vi\u0146\u0161 pl\u0101no cie\u0161i sadarboties ar Saeimas Valsts p\u0101rvaldes un pa\u0161vald\u012bbas komisiju. Lai nodro\u0161in\u0101tu efekt\u012bvu sabiedr\u012bbas iesaisti un inform\u0113\u0161anu, viens no pirmajiem uzdevumiem b\u016bs izveidot m\u0101jaslapu, kur\u0101 interesenti var\u0113s sekot l\u012bdzi r\u012bc\u012bbas grupas darbam, iesniegtajiem priek\u0161likumiem un to \u012bsteno\u0161anas gaitai. Vi\u0146\u0161 nor\u0101da, ka, lai gan iepriek\u0161 ir pie\u0146emti birokr\u0101tijas mazin\u0101\u0161anas priek\u0161likumi, tie l\u012bdz \u0161im ir segusi tikai nelielu da\u013cu no kop\u0113j\u0101 probl\u0113mas apjoma.<\/p>\n<p>P\u0101rm\u0113r\u012bgas birokr\u0101tijas sekas<\/p>\n<p>J\u0101nis Endzi\u0146\u0161 ir paudis viedokli, ka p\u0101rm\u0113r\u012bga birokr\u0101tija rada augsni korupcijai. Vi\u0146\u0161 nor\u0101da, ka gari un sare\u017e\u0123\u012bti procesi, k\u0101 ar\u012b birokr\u0101tiskais slogs ir patiesais c\u0113lonis vismaz da\u013cai korupcijas gad\u012bjumu. Str\u0101d\u0101jot pie birokr\u0101tijas mazin\u0101\u0161anas, tiek pan\u0101kts ne tikai ekonomisks ieguvums, bet ar\u012b tiek pal\u012bdz\u0113ts mazin\u0101t korupciju un \u0113nu ekonomiku. K\u0101 piem\u0113ru vi\u0146\u0161 min savu pieredzi, vadot Uz\u0146\u0113mumu re\u0123istru, kad re\u0123istr\u0101cijas laika sa\u012bsin\u0101\u0161ana l\u012bdz trim dien\u0101m un iesp\u0113ja visu nok\u0101rtot viena apmekl\u0113juma ietvaros b\u016btiski mazin\u0101ja iesp\u0113jas korupt\u012bv\u0101m darb\u012bb\u0101m. Endzi\u0146\u0161 uzskata, ka zems administrat\u012bvais slogs n\u0101kotn\u0113 var\u0113tu k\u013c\u016bt par Latvijas konkurences priek\u0161roc\u012bbu, jo p\u0101rm\u0113r\u012bga birokr\u0101tija ir probl\u0113ma vis\u0101 Eirop\u0101.<\/p>\n","protected":false},"excerpt":{"rendered":"Jaunais Birokr\u0101cijas mazin\u0101\u0161anas r\u012bc\u012bbas grupas vad\u012bt\u0101js J\u0101nis Endzi\u0146\u0161 ap\u0146\u0113mies pan\u0101kt taust\u0101mus uzlabojumus Kop\u0161 2025. gada 1. decembra Birokr\u0101cijas&hellip;\n","protected":false},"author":2,"featured_media":91048,"comment_status":"","ping_status":"","sticky":false,"template":"","format":"standard","meta":{"footnotes":""},"categories":[12],"tags":[23,22955,28,29,32,33,22,7100,30,31,35,39,38,36,37,34,40,20,26,27,22956,22957,24,25,21],"class_list":{"0":"post-91047","1":"post","2":"type-post","3":"status-publish","4":"format-standard","5":"has-post-thumbnail","7":"category-latvija","8":"tag-aktualitates","9":"tag-birokratijas-mazinasana","10":"tag-breaking-news","11":"tag-breakingnews","12":"tag-featured-news","13":"tag-featurednews","14":"tag-headlines","15":"tag-janis-endzins","16":"tag-latest-news","17":"tag-latestnews","18":"tag-latvia","19":"tag-latvian","20":"tag-latviesu","21":"tag-latviesu-valoda","22":"tag-latviesuvaloda","23":"tag-latvija","24":"tag-lv","25":"tag-news","26":"tag-popularakas-zinas","27":"tag-popularakaszinas","28":"tag-ricibas-grupa","29":"tag-sabiedribas-iesaiste","30":"tag-top-stories","31":"tag-topstories","32":"tag-zinas"},"share_on_mastodon":{"url":"https:\/\/pubeurope.com\/@lv\/115815170855267091","error":""},"_links":{"self":[{"href":"https:\/\/www.europesays.com\/lv\/wp-json\/wp\/v2\/posts\/91047","targetHints":{"allow":["GET"]}}],"collection":[{"href":"https:\/\/www.europesays.com\/lv\/wp-json\/wp\/v2\/posts"}],"about":[{"href":"https:\/\/www.europesays.com\/lv\/wp-json\/wp\/v2\/types\/post"}],"author":[{"embeddable":true,"href":"https:\/\/www.europesays.com\/lv\/wp-json\/wp\/v2\/users\/2"}],"replies":[{"embeddable":true,"href":"https:\/\/www.europesays.com\/lv\/wp-json\/wp\/v2\/comments?post=91047"}],"version-history":[{"count":0,"href":"https:\/\/www.europesays.com\/lv\/wp-json\/wp\/v2\/posts\/91047\/revisions"}],"wp:featuredmedia":[{"embeddable":true,"href":"https:\/\/www.europesays.com\/lv\/wp-json\/wp\/v2\/media\/91048"}],"wp:attachment":[{"href":"https:\/\/www.europesays.com\/lv\/wp-json\/wp\/v2\/media?parent=91047"}],"wp:term":[{"taxonomy":"category","embeddable":true,"href":"https:\/\/www.europesays.com\/lv\/wp-json\/wp\/v2\/categories?post=91047"},{"taxonomy":"post_tag","embeddable":true,"href":"https:\/\/www.europesays.com\/lv\/wp-json\/wp\/v2\/tags?post=91047"}],"curies":[{"name":"wp","href":"https:\/\/api.w.org\/{rel}","templated":true}]}}