{"id":91080,"date":"2025-12-31T17:31:09","date_gmt":"2025-12-31T17:31:09","guid":{"rendered":"https:\/\/www.europesays.com\/lv\/91080\/"},"modified":"2025-12-31T17:31:09","modified_gmt":"2025-12-31T17:31:09","slug":"elektroauto-gads-kas-paskreja-atrak-neka-izsmela-subsidiju-budzetu-uzladets","status":"publish","type":"post","link":"https:\/\/www.europesays.com\/lv\/91080\/","title":{"rendered":"elektroauto gads, kas paskr\u0113ja \u0101tr\u0101k nek\u0101 izsm\u0113la subs\u012bdiju bud\u017eetu \u2013 Uzl\u0101d\u0113ts"},"content":{"rendered":"<p>2025 atnesa jaunu z\u012bmolu vilni, jaud\u012bgas uzl\u0101des stacijas un zi\u0146as par bateriju vilcieniem. T\u0101pat ar\u012b atbalsta \u201cbumu\u201d un pietuvin\u0101ja Tesla Latvijai.<\/p>\n<p>Ja 2025. gadu Latvij\u0101 m\u0113\u0123in\u0101tu aprakst\u012bt ar k\u0101du ska\u0146u, t\u0101 neb\u016btu V8 r\u016bko\u0146a, bet gan\u2026 l\u0101d\u0113t\u0101ja klik\u0161\u0137is, kad palai\u017e uzl\u0101des sesiju. \u0160aj\u0101 Uzl\u0101d\u0113ts.lv un Latvijas Elektroauto biedr\u012bbas epizod\u0113 m\u0113s ar J\u0101ni izskrienam cauri m\u0113ne\u0161iem, kas Latvijas elektroauto un visp\u0101r mobilit\u0101t\u0113 paties\u012bb\u0101 noz\u012bm\u0113ja vair\u0101k nek\u0101 \u201ck\u0101rt\u0113jo preses rel\u012bzi\u201d.<\/p>\n<p>  <a id=\"post-banner-link-2\" href=\"https:\/\/uzladets.lv\/hyundai25Ioniq5\" target=\"_blank\" rel=\"nofollow noopener\"><br \/>\n    <img id=\"post-banner-image-2\" loading=\"lazy\" decoding=\"async\" width=\"932\" height=\"300\"\/><br \/>\n  <\/a><\/p>\n<p>Katrs m\u0113nesis no mums izpeln\u012bjies vismaz vienu valsts m\u0113roga notikumu un vienu elektromobilit\u0101tes zi\u0146u. Mazs ieskats, kas sagaida:<\/p>\n<p><a href=\"https:\/\/uzladets.lv\/elektrumdrive251211kv\" target=\"_blank\" rel=\"nofollow noopener\"><img decoding=\"async\" src=\"https:\/\/www.europesays.com\/lv\/wp-content\/uploads\/2025\/12\/1767202267_745_Elektrum_Drive_Ziema_Uzladets_kv.jpg\".jpeg\" style=\"max-width: 300px; max-height:250px;\"\/><\/a><img loading=\"lazy\" decoding=\"async\" src=\"https:\/\/www.europesays.com\/lv\/wp-content\/uploads\/2025\/12\/1766417772_518_\" border=\"0\" width=\"1\" height=\"1\"\/><\/p>\n<ul class=\"wp-block-list\">\n<li>Baltija atvienojas no Brell energot\u012bkla,<\/li>\n<li>Pie\u0161\u0137ir papildus finans\u0113jumu elektroauto subs\u012bdij\u0101m,<\/li>\n<li>\u0136\u012bnie\u0161u z\u012bmolu vilnis sasniedz ar\u012b Latvijas krastus,<\/li>\n<li>Ne tikai \u201cviet\u0113jie\u201d uzl\u0101des operatori izple\u0161as Latvij\u0101, bet ar\u012b starptautiskie palielina savu p\u0113du,<\/li>\n<li>AirBaltic main\u0101s \u012bpa\u0161nieki un valde,<\/li>\n<li>u.c.<\/li>\n<\/ul>\n<p>Aicin\u0101jums<\/p>\n<p>Noklausies epizodi un p\u0113c tam uzraksti koment\u0101ru: kas tie\u0161i tevi motiv\u0113ja (vai attur\u0113ja) p\u0101riet uz elektroauto? Kur\u0101 br\u012bd\u012b tu saprati, ka elektroauto Latvij\u0101 vairs nav \u201cni\u0161a\u201d? Un, protams, apskati citas Uzl\u0101d\u0113ts.lv epizodes un pieseko sev \u0113rt\u0101kaj\u0101 platform\u0101.<\/p>\n<p>Laim\u012bgu jauno gadu!<\/p>\n<p><a href=\"https:\/\/mistape.com\" target=\"_blank\" rel=\"nofollow noopener\" class=\"mistape-link mistape-logo\"><\/a><\/p>\n<p>Ja rakst\u0101 paman\u012bji k\u013c\u016bdu, padod mums par to zi\u0146u, iez\u012bm\u0113jot a\u010dg\u0101rno tekstu un nospie\u017eot Ctrl+Enter. Paldies!<\/p>\n<p>&#13;<br \/>\n                    0&#13;<br \/>\n                    0&#13;<br \/>\n                    balsojumi<\/p>\n<p>Raksta nov\u0113rt\u0113jums<\/p>\n<p>\t\tPost navigation<\/p>\n","protected":false},"excerpt":{"rendered":"2025 atnesa jaunu z\u012bmolu vilni, jaud\u012bgas uzl\u0101des stacijas un zi\u0146as par bateriju vilcieniem. T\u0101pat ar\u012b atbalsta \u201cbumu\u201d un&hellip;\n","protected":false},"author":2,"featured_media":91081,"comment_status":"","ping_status":"","sticky":false,"template":"","format":"standard","meta":{"footnotes":""},"categories":[16],"tags":[8584,77,76,229,13860,22959,22960,22961,35,39,38,36,37,34,40,22962,2205,81,13866,6239,5431],"class_list":{"0":"post-91080","1":"post","2":"type-post","3":"status-publish","4":"format-standard","5":"has-post-thumbnail","7":"category-bizness","8":"tag-aer","9":"tag-bizness","10":"tag-business","11":"tag-byd","12":"tag-e-mobi","13":"tag-eleport","14":"tag-ignitis","15":"tag-ionity","16":"tag-latvia","17":"tag-latvian","18":"tag-latviesu","19":"tag-latviesu-valoda","20":"tag-latviesuvaloda","21":"tag-latvija","22":"tag-lv","23":"tag-lync-co","24":"tag-statistika","25":"tag-tesla","26":"tag-uzlade","27":"tag-volkswagen","28":"tag-xpeng"},"share_on_mastodon":{"url":"https:\/\/pubeurope.com\/@lv\/115815375386968027","error":""},"_links":{"self":[{"href":"https:\/\/www.europesays.com\/lv\/wp-json\/wp\/v2\/posts\/91080","targetHints":{"allow":["GET"]}}],"collection":[{"href":"https:\/\/www.europesays.com\/lv\/wp-json\/wp\/v2\/posts"}],"about":[{"href":"https:\/\/www.europesays.com\/lv\/wp-json\/wp\/v2\/types\/post"}],"author":[{"embeddable":true,"href":"https:\/\/www.europesays.com\/lv\/wp-json\/wp\/v2\/users\/2"}],"replies":[{"embeddable":true,"href":"https:\/\/www.europesays.com\/lv\/wp-json\/wp\/v2\/comments?post=91080"}],"version-history":[{"count":0,"href":"https:\/\/www.europesays.com\/lv\/wp-json\/wp\/v2\/posts\/91080\/revisions"}],"wp:featuredmedia":[{"embeddable":true,"href":"https:\/\/www.europesays.com\/lv\/wp-json\/wp\/v2\/media\/91081"}],"wp:attachment":[{"href":"https:\/\/www.europesays.com\/lv\/wp-json\/wp\/v2\/media?parent=91080"}],"wp:term":[{"taxonomy":"category","embeddable":true,"href":"https:\/\/www.europesays.com\/lv\/wp-json\/wp\/v2\/categories?post=91080"},{"taxonomy":"post_tag","embeddable":true,"href":"https:\/\/www.europesays.com\/lv\/wp-json\/wp\/v2\/tags?post=91080"}],"curies":[{"name":"wp","href":"https:\/\/api.w.org\/{rel}","templated":true}]}}