{"id":91101,"date":"2025-12-31T18:36:03","date_gmt":"2025-12-31T18:36:03","guid":{"rendered":"https:\/\/www.europesays.com\/lv\/91101\/"},"modified":"2025-12-31T18:36:03","modified_gmt":"2025-12-31T18:36:03","slug":"madrides-real-uzbrucejs-kilians-mbape-savainojis-celgalu","status":"publish","type":"post","link":"https:\/\/www.europesays.com\/lv\/91101\/","title":{"rendered":"Madrides &#8220;Real&#8221; uzbruc\u0113js Kilians Mbap\u0113 savainojis ce\u013cgalu"},"content":{"rendered":"<p>\u012as\u0101 pazi\u0146ojum\u0101 &#8220;Real&#8221; atkl\u0101ja, ka Mbap\u0113 iedz\u012bvojies ce\u013cgala traum\u0101, nenor\u0101dot to, cik ilgi futbolistam pras\u012bs atlab\u0161ana. Savuk\u0101rt Francijas laikraksts &#8220;L&#8217;Equipe&#8221; min\u0113ja, ka Mbap\u0113 var\u0113tu izlaist vismaz tr\u012bs ned\u0113\u013cas.<\/p>\n<p>&#8220;L&#8217;Equipe&#8221; ar\u012b piebilda, ka fran\u010du futbolists jau vair\u0101kas ned\u0113\u013cas sadz\u012bvoja ar ce\u013cgala probl\u0113m\u0101m, un tre\u0161dien veiktaj\u0101 magn\u0113tiskaj\u0101 rezonans\u0113 atkl\u0101j\u0101s sai\u0161u boj\u0101jums, kuram nepiecie\u0161ama \u0101rst\u0113\u0161ana un atp\u016bta.<\/p>\n<p>Mbap\u0113 \u0161osezon visos turn\u012bros kop\u0101 &#8220;Real&#8221; lab\u0101 guvis 29 v\u0101rtus un ar 18 prec\u012bziem sitieniem \u0161obr\u012bd ir Sp\u0101nijas \u010dempion\u0101ta lab\u0101kais v\u0101rtu guv\u0113js.<\/p>\n<p>&#8220;Real&#8221; ar 42 punktiem 18 ma\u010dos Sp\u0101nijas \u010dempion\u0101ta turn\u012bra tabul\u0101 atrodas otraj\u0101 poz\u012bcij\u0101, atpaliekot no l\u012bderes &#8220;Barcelona&#8221; par \u010detriem punktiem.<\/p>\n<blockquote class=\"twitter-tweet\">\n<p lang=\"fr\" dir=\"ltr\">Mbapp\u00e9 medical report.<\/p>\n<p>\u2014 Real Madrid C.F. \ud83c\uddec\ud83c\udde7\ud83c\uddfa\ud83c\uddf8 (@realmadriden) <a href=\"https:\/\/twitter.com\/realmadriden\/status\/2006359812041502805?ref_src=twsrc%5Etfw\" rel=\"nofollow noopener\" target=\"_blank\">December 31, 2025<\/a><\/p><\/blockquote>\n<p><script async src=\"https:\/\/platform.twitter.com\/widgets.js\" charset=\"utf-8\"><\/script><\/p>\n","protected":false},"excerpt":{"rendered":"\u012as\u0101 pazi\u0146ojum\u0101 &#8220;Real&#8221; atkl\u0101ja, ka Mbap\u0113 iedz\u012bvojies ce\u013cgala traum\u0101, nenor\u0101dot to, cik ilgi futbolistam pras\u012bs atlab\u0161ana. Savuk\u0101rt Francijas&hellip;\n","protected":false},"author":2,"featured_media":91102,"comment_status":"","ping_status":"","sticky":false,"template":"","format":"standard","meta":{"footnotes":""},"categories":[17],"tags":[676,35,39,38,36,37,34,40,3630,67],"class_list":{"0":"post-91101","1":"post","2":"type-post","3":"status-publish","4":"format-standard","5":"has-post-thumbnail","7":"category-sports","8":"tag-futbols","9":"tag-latvia","10":"tag-latvian","11":"tag-latviesu","12":"tag-latviesu-valoda","13":"tag-latviesuvaloda","14":"tag-latvija","15":"tag-lv","16":"tag-madrides-real","17":"tag-sports"},"share_on_mastodon":{"url":"https:\/\/pubeurope.com\/@lv\/115815630953441154","error":""},"_links":{"self":[{"href":"https:\/\/www.europesays.com\/lv\/wp-json\/wp\/v2\/posts\/91101","targetHints":{"allow":["GET"]}}],"collection":[{"href":"https:\/\/www.europesays.com\/lv\/wp-json\/wp\/v2\/posts"}],"about":[{"href":"https:\/\/www.europesays.com\/lv\/wp-json\/wp\/v2\/types\/post"}],"author":[{"embeddable":true,"href":"https:\/\/www.europesays.com\/lv\/wp-json\/wp\/v2\/users\/2"}],"replies":[{"embeddable":true,"href":"https:\/\/www.europesays.com\/lv\/wp-json\/wp\/v2\/comments?post=91101"}],"version-history":[{"count":0,"href":"https:\/\/www.europesays.com\/lv\/wp-json\/wp\/v2\/posts\/91101\/revisions"}],"wp:featuredmedia":[{"embeddable":true,"href":"https:\/\/www.europesays.com\/lv\/wp-json\/wp\/v2\/media\/91102"}],"wp:attachment":[{"href":"https:\/\/www.europesays.com\/lv\/wp-json\/wp\/v2\/media?parent=91101"}],"wp:term":[{"taxonomy":"category","embeddable":true,"href":"https:\/\/www.europesays.com\/lv\/wp-json\/wp\/v2\/categories?post=91101"},{"taxonomy":"post_tag","embeddable":true,"href":"https:\/\/www.europesays.com\/lv\/wp-json\/wp\/v2\/tags?post=91101"}],"curies":[{"name":"wp","href":"https:\/\/api.w.org\/{rel}","templated":true}]}}