{"id":91105,"date":"2025-12-31T18:40:14","date_gmt":"2025-12-31T18:40:14","guid":{"rendered":"https:\/\/www.europesays.com\/lv\/91105\/"},"modified":"2025-12-31T18:40:14","modified_gmt":"2025-12-31T18:40:14","slug":"bojats-zemudens-kabelis-starp-igauniju-un-somiju-aizturets-iespejamais-vaininieks","status":"publish","type":"post","link":"https:\/\/www.europesays.com\/lv\/91105\/","title":{"rendered":"Boj\u0101ts zem\u016bdens kabelis starp Igauniju un Somiju, aiztur\u0113ts iesp\u0113jamais vaininieks"},"content":{"rendered":"<p>Pateicoties rezerves t\u012bkla strukt\u016brai, incidents neietekm\u0113ja &#8220;Elisa&#8221; pakalpojumus ne Somij\u0101, ne Igaunij\u0101.<\/p>\n<p>\u201cP\u0101rtraukums var\u0113ja skart atsevi\u0161\u0137us klientus. M\u0113s esam sazin\u0101ju\u0161ies ar \u0161iem klientiem un izmantojam citus kabe\u013cus, lai atjaunotu vi\u0146u savienojumu,\u201d teica &#8220;Elisa&#8221;.<\/p>\n<p>\u0160obr\u012bd notiek sagatavo\u0161an\u0101s darbi, lai nov\u0113rstu boj\u0101jumu. Somijas policija pazi\u0146oja, ka robe\u017eapsardze ir atkl\u0101jusi ku\u0123i, kas tiek tur\u0113ts aizdom\u0101s par kabe\u013ca boj\u0101jumu. Somijas iest\u0101des to ir aiztur\u0113ju\u0161as, un tagad tas ir noenkurojies zieme\u013cu kaimi\u0146valsts teritori\u0101lajos \u016bde\u0146os.<\/p>\n<p>Ab\u0101s valst\u012bs izmekl\u0113\u0161anu veico\u0161\u0101s iest\u0101des sniegs s\u012bk\u0101ku inform\u0101ciju, tikl\u012bdz tas b\u016bs iesp\u0113jams.<\/p>\n<p>\u0160is nav pirmais gad\u012bjums, kad Baltijas j\u016br\u0101 tiek boj\u0101ti zem\u016bdens kabe\u013ci. \u0160\u0101 gada s\u0101kum\u0101 tika boj\u0101ts Baltijas j\u016br\u0101 eso\u0161ais Latvijas Valsts radio un telev\u012bzijas centra zem\u016bdens optisko \u0161\u0137iedru <a href=\"https:\/\/www.apollo.lv\/term\/778599\/kabelis\" class=\"topicLink\" target=\"_blank\" rel=\"nofollow noopener\">kabelis<\/a> posm\u0101 Ventspils-Gotlande.<\/p>\n","protected":false},"excerpt":{"rendered":"Pateicoties rezerves t\u012bkla strukt\u016brai, incidents neietekm\u0113ja &#8220;Elisa&#8221; pakalpojumus ne Somij\u0101, ne Igaunij\u0101. \u201cP\u0101rtraukums var\u0113ja skart atsevi\u0161\u0137us klientus. M\u0113s&hellip;\n","protected":false},"author":2,"featured_media":67804,"comment_status":"","ping_status":"","sticky":false,"template":"","format":"standard","meta":{"footnotes":""},"categories":[5],"tags":[23,1934,28,29,32,33,22,4145,18344,30,31,35,39,38,36,37,34,40,20,26,27,24,25,21],"class_list":{"0":"post-91105","1":"post","2":"type-post","3":"status-publish","4":"format-standard","5":"has-post-thumbnail","7":"category-aktualitates","8":"tag-aktualitates","9":"tag-baltijas-jura","10":"tag-breaking-news","11":"tag-breakingnews","12":"tag-featured-news","13":"tag-featurednews","14":"tag-headlines","15":"tag-kabelis","16":"tag-komunikacija","17":"tag-latest-news","18":"tag-latestnews","19":"tag-latvia","20":"tag-latvian","21":"tag-latviesu","22":"tag-latviesu-valoda","23":"tag-latviesuvaloda","24":"tag-latvija","25":"tag-lv","26":"tag-news","27":"tag-popularakas-zinas","28":"tag-popularakaszinas","29":"tag-top-stories","30":"tag-topstories","31":"tag-zinas"},"share_on_mastodon":{"url":"https:\/\/pubeurope.com\/@lv\/115815646775535428","error":""},"_links":{"self":[{"href":"https:\/\/www.europesays.com\/lv\/wp-json\/wp\/v2\/posts\/91105","targetHints":{"allow":["GET"]}}],"collection":[{"href":"https:\/\/www.europesays.com\/lv\/wp-json\/wp\/v2\/posts"}],"about":[{"href":"https:\/\/www.europesays.com\/lv\/wp-json\/wp\/v2\/types\/post"}],"author":[{"embeddable":true,"href":"https:\/\/www.europesays.com\/lv\/wp-json\/wp\/v2\/users\/2"}],"replies":[{"embeddable":true,"href":"https:\/\/www.europesays.com\/lv\/wp-json\/wp\/v2\/comments?post=91105"}],"version-history":[{"count":0,"href":"https:\/\/www.europesays.com\/lv\/wp-json\/wp\/v2\/posts\/91105\/revisions"}],"wp:featuredmedia":[{"embeddable":true,"href":"https:\/\/www.europesays.com\/lv\/wp-json\/wp\/v2\/media\/67804"}],"wp:attachment":[{"href":"https:\/\/www.europesays.com\/lv\/wp-json\/wp\/v2\/media?parent=91105"}],"wp:term":[{"taxonomy":"category","embeddable":true,"href":"https:\/\/www.europesays.com\/lv\/wp-json\/wp\/v2\/categories?post=91105"},{"taxonomy":"post_tag","embeddable":true,"href":"https:\/\/www.europesays.com\/lv\/wp-json\/wp\/v2\/tags?post=91105"}],"curies":[{"name":"wp","href":"https:\/\/api.w.org\/{rel}","templated":true}]}}